{"id":73843,"date":"2025-12-12T20:34:48","date_gmt":"2025-12-12T17:34:48","guid":{"rendered":"https:\/\/www.egemtv.com\/?p=73843"},"modified":"2025-12-12T20:34:49","modified_gmt":"2025-12-12T17:34:49","slug":"vali-akbiyik-cevre-dostu-yeni-binayi-inceledi","status":"publish","type":"post","link":"https:\/\/www.egemtv.com\/?p=73843","title":{"rendered":"Vali Akb\u0131y\u0131k, \u00e7evre dostu yeni binay\u0131 inceledi"},"content":{"rendered":"<p>Mu\u011fla Valisi Dr. \u0130dris Akb\u0131y\u0131k, yap\u0131m\u0131 devam eden \u00c7evre, \u015eehircilik ve \u0130klim De\u011fi\u015fikli\u011fi \u0130l M\u00fcd\u00fcrl\u00fc\u011f\u00fc yeni hizmet binas\u0131n\u0131 yerinde inceledi.<br \/>\n<br \/>\u00c7evre, \u015eehircilik ve \u0130klim De\u011fi\u015fikli\u011fi \u0130l M\u00fcd\u00fcr\u00fc \u00d6mer Bolat\u2019tan \u00e7al\u0131\u015fmalar hakk\u0131nda bilgi alan Vali Akb\u0131y\u0131k, binan\u0131n y\u00fczde 98 oran\u0131nda tamamland\u0131\u011f\u0131n\u0131 belirterek, &#8220;\u00c7al\u0131\u015fmalar bitti\u011finde Mu\u011fla\u2019ya yak\u0131\u015f\u0131r, B\u00fcy\u00fck\u015fehir\u2019e yak\u0131\u015f\u0131r modern bir binaya kavu\u015fmu\u015f olaca\u011f\u0131z&#8221; dedi.<br \/>\n<br \/>\u00c7evre, \u015eehircilik ve \u0130klim De\u011fi\u015fikli\u011fi \u0130l M\u00fcd\u00fcrl\u00fc\u011f\u00fc yeni hizmet binas\u0131n\u0131n \u00e7evre dostu bir yap\u0131 oldu\u011funa dikkat \u00e7eken Mu\u011fla Valisi Dr. \u0130dris Akb\u0131y\u0131k, &#8220;Yakla\u015f\u0131k 30 d\u00f6n\u00fcm arazi \u00fczerine kurulan binam\u0131z\u0131n 9 bin 200 metrekaresi kapal\u0131 alandan olu\u015fuyor. G\u00fcne\u015f enerji sistemi bulunan binam\u0131z, elektri\u011finin y\u00fczde 85\u2019ini kendi \u00fcretecek. Bunun yan\u0131 s\u0131ra ya\u011fmur sular\u0131n\u0131n toplanmas\u0131 i\u00e7in sarn\u0131\u00e7 depolama alanlar\u0131 ve 2 adet \u015farj \u00fcnitesi bulunuyor&#8221; ifadelerini kulland\u0131.<br \/>\n<br \/>\u00c7evre, \u015eehircilik ve \u0130klim De\u011fi\u015fikli\u011fi \u0130l M\u00fcd\u00fcrl\u00fc\u011f\u00fcn\u00fcn birka\u00e7 farkl\u0131 noktada hizmet vermesinden dolay\u0131 vatanda\u015flar\u0131n zorluk ya\u015fad\u0131\u011f\u0131n\u0131 hat\u0131rlatan Vali Akb\u0131y\u0131k, \u015funlar\u0131 s\u00f6yledi:<br \/>\n<br \/>&#8220;Mu\u011fla, T\u00fcrkiye\u2019de \u00e7evreyle ilgili i\u015flerin me\u015fguliyetinin en \u00e7ok oldu\u011fu illerden biri. Yeni hizmet binas\u0131n\u0131n tamamlanmas\u0131yla birlikte vatanda\u015flar\u0131m\u0131z ve ekip arkada\u015flar\u0131m\u0131z; \u00e7evreye, Mu\u011fla\u2019ya ve T\u00fcrkiye\u2019ye buradan daha iyi hizmet edecekler. Bu eserin kazand\u0131r\u0131lmas\u0131nda eme\u011fi ge\u00e7en ba\u015fta Say\u0131n Cumhurba\u015fkan\u0131m\u0131za, \u00c7evre, \u015eehircilik ve \u0130klim De\u011fi\u015fikli\u011fi Bakan\u0131m\u0131za ve ilgili t\u00fcm emek sahiplerine te\u015fekk\u00fcr ediyoruz&#8221;<br \/><\/p>\n","protected":false},"excerpt":{"rendered":"<p>Mu\u011fla Valisi Dr. \u0130dris Akb\u0131y\u0131k, yap\u0131m\u0131 devam eden \u00c7evre, \u015eehircilik ve \u0130klim De\u011fi\u015fikli\u011fi \u0130l M\u00fcd\u00fcrl\u00fc\u011f\u00fc yeni hizmet binas\u0131n\u0131 yerinde inceledi. \u00c7evre, \u015eehircilik ve \u0130klim De\u011fi\u015fikli\u011fi \u0130l M\u00fcd\u00fcr\u00fc \u00d6mer Bolat\u2019tan \u00e7al\u0131\u015fmalar hakk\u0131nda bilgi alan Vali Akb\u0131y\u0131k, binan\u0131n y\u00fczde 98 oran\u0131nda tamamland\u0131\u011f\u0131n\u0131 belirterek, &#8220;\u00c7al\u0131\u015fmalar bitti\u011finde Mu\u011fla\u2019ya yak\u0131\u015f\u0131r, B\u00fcy\u00fck\u015fehir\u2019e yak\u0131\u015f\u0131r modern bir binaya kavu\u015fmu\u015f olaca\u011f\u0131z&#8221; dedi. \u00c7evre, \u015eehircilik&#8230;<\/p>\n","protected":false},"author":1,"featured_media":73844,"comment_status":"open","ping_status":"open","sticky":false,"template":"","format":"standard","meta":{"_crdt_document":"","footnotes":""},"categories":[1],"tags":[],"class_list":["post-73843","post","type-post","status-publish","format-standard","has-post-thumbnail","hentry","category-guncel"],"_links":{"self":[{"href":"https:\/\/www.egemtv.com\/index.php?rest_route=\/wp\/v2\/posts\/73843","targetHints":{"allow":["GET"]}}],"collection":[{"href":"https:\/\/www.egemtv.com\/index.php?rest_route=\/wp\/v2\/posts"}],"about":[{"href":"https:\/\/www.egemtv.com\/index.php?rest_route=\/wp\/v2\/types\/post"}],"author":[{"embeddable":true,"href":"https:\/\/www.egemtv.com\/index.php?rest_route=\/wp\/v2\/users\/1"}],"replies":[{"embeddable":true,"href":"https:\/\/www.egemtv.com\/index.php?rest_route=%2Fwp%2Fv2%2Fcomments&post=73843"}],"version-history":[{"count":1,"href":"https:\/\/www.egemtv.com\/index.php?rest_route=\/wp\/v2\/posts\/73843\/revisions"}],"predecessor-version":[{"id":73845,"href":"https:\/\/www.egemtv.com\/index.php?rest_route=\/wp\/v2\/posts\/73843\/revisions\/73845"}],"wp:featuredmedia":[{"embeddable":true,"href":"https:\/\/www.egemtv.com\/index.php?rest_route=\/wp\/v2\/media\/73844"}],"wp:attachment":[{"href":"https:\/\/www.egemtv.com\/index.php?rest_route=%2Fwp%2Fv2%2Fmedia&parent=73843"}],"wp:term":[{"taxonomy":"category","embeddable":true,"href":"https:\/\/www.egemtv.com\/index.php?rest_route=%2Fwp%2Fv2%2Fcategories&post=73843"},{"taxonomy":"post_tag","embeddable":true,"href":"https:\/\/www.egemtv.com\/index.php?rest_route=%2Fwp%2Fv2%2Ftags&post=73843"}],"curies":[{"name":"wp","href":"https:\/\/api.w.org\/{rel}","templated":true}]}}