{"id":73840,"date":"2025-12-12T20:15:02","date_gmt":"2025-12-12T17:15:02","guid":{"rendered":"https:\/\/www.egemtv.com\/?p=73840"},"modified":"2025-12-12T20:15:03","modified_gmt":"2025-12-12T17:15:03","slug":"tff-2-lig-menemen-fk-2-aliaga-fk-1","status":"publish","type":"post","link":"https:\/\/www.egemtv.com\/?p=73840","title":{"rendered":"TFF 2. Lig: Menemen FK: 2 &#8211; Alia\u011fa FK: 1"},"content":{"rendered":"<p>TFF 2. Lig K\u0131rm\u0131z\u0131 Grup 15. hafta m\u00fccadelesinde Menemen FK evinde kar\u015f\u0131la\u015ft\u0131\u011f\u0131 Alia\u011fa FK\u2019y\u0131   2-1 ma\u011flup etti.<\/p>\n<p>Stat: Menemen \u0130l\u00e7e<br \/>\n<br \/>Hakemler: Safa Y\u0131lmaz, Ersin Erbay, Burak Mente\u015fe<br \/>\n<br \/>Menemen FK: Yusuf Karag\u00f6z, Eren Fansa, Emre Keskin, F\u0131rat Arslan, Ey\u00fcp Poyraz, Yunus Emre Karag\u00f6z, Alican \u00d6zfesli, Efe Taylan Altunkara (Mustafa Can Birol dk. 90), Burak Yasin Ye\u015filay, Se\u00e7im Can Ko\u00e7, Burak Enes Y\u0131k\u0131c\u0131 (Baran Demiro\u011flu dk. 82)<br \/>\n<br \/>Alia\u011faspor FK: Ahmet Pekg\u00f6z, Oktay Kanc\u0131, Veli \u00c7etin, Kerem Payko\u00e7, Erhan Kartal, Mertcan A\u00e7\u0131kg\u00f6z (Musa \u015eahindere dk. 76), Ahmet \u0130lhan \u00d6zek, O\u011fuzhan Y\u0131ld\u0131r\u0131m, Yusuf Erdem G\u00fcm\u00fc\u015f (Necati \u00d6zdemir dk. 90), Harun Kavakl\u0131dere, G\u00f6ktu\u011f Y\u0131lmaz (Mustafa Saymak dk. 73)<br \/>\n<br \/>Goller: Harun Kavakl\u0131dere (dk. 80 pen.) (Alia\u011fa FK), Alican \u00d6zfesli (dk. 90), Baran Demiro\u011flu (dk. 90+1) (Menemen FK)<br \/>\n<br \/>Sar\u0131 kartlar: Kerem Payko\u00e7 Oktay Kanc\u0131, Musa \u015eahindere (Alia\u011fa FK), F\u0131rat Arslan, Se\u00e7im Can Ko\u00e7, Yunus Emre Karag\u00f6z (Menemen FK)<br \/><\/p>\n","protected":false},"excerpt":{"rendered":"<p>TFF 2. Lig K\u0131rm\u0131z\u0131 Grup 15. hafta m\u00fccadelesinde Menemen FK evinde kar\u015f\u0131la\u015ft\u0131\u011f\u0131 Alia\u011fa FK\u2019y\u0131 2-1 ma\u011flup etti. Stat: Menemen \u0130l\u00e7e Hakemler: Safa Y\u0131lmaz, Ersin Erbay, Burak Mente\u015fe Menemen FK: Yusuf Karag\u00f6z, Eren Fansa, Emre Keskin, F\u0131rat Arslan, Ey\u00fcp Poyraz, Yunus Emre Karag\u00f6z, Alican \u00d6zfesli, Efe Taylan Altunkara (Mustafa Can Birol dk. 90), Burak Yasin Ye\u015filay,&#8230;<\/p>\n","protected":false},"author":1,"featured_media":73841,"comment_status":"open","ping_status":"open","sticky":false,"template":"","format":"standard","meta":{"_crdt_document":"","footnotes":""},"categories":[4],"tags":[],"class_list":["post-73840","post","type-post","status-publish","format-standard","has-post-thumbnail","hentry","category-spor"],"_links":{"self":[{"href":"https:\/\/www.egemtv.com\/index.php?rest_route=\/wp\/v2\/posts\/73840","targetHints":{"allow":["GET"]}}],"collection":[{"href":"https:\/\/www.egemtv.com\/index.php?rest_route=\/wp\/v2\/posts"}],"about":[{"href":"https:\/\/www.egemtv.com\/index.php?rest_route=\/wp\/v2\/types\/post"}],"author":[{"embeddable":true,"href":"https:\/\/www.egemtv.com\/index.php?rest_route=\/wp\/v2\/users\/1"}],"replies":[{"embeddable":true,"href":"https:\/\/www.egemtv.com\/index.php?rest_route=%2Fwp%2Fv2%2Fcomments&post=73840"}],"version-history":[{"count":1,"href":"https:\/\/www.egemtv.com\/index.php?rest_route=\/wp\/v2\/posts\/73840\/revisions"}],"predecessor-version":[{"id":73842,"href":"https:\/\/www.egemtv.com\/index.php?rest_route=\/wp\/v2\/posts\/73840\/revisions\/73842"}],"wp:featuredmedia":[{"embeddable":true,"href":"https:\/\/www.egemtv.com\/index.php?rest_route=\/wp\/v2\/media\/73841"}],"wp:attachment":[{"href":"https:\/\/www.egemtv.com\/index.php?rest_route=%2Fwp%2Fv2%2Fmedia&parent=73840"}],"wp:term":[{"taxonomy":"category","embeddable":true,"href":"https:\/\/www.egemtv.com\/index.php?rest_route=%2Fwp%2Fv2%2Fcategories&post=73840"},{"taxonomy":"post_tag","embeddable":true,"href":"https:\/\/www.egemtv.com\/index.php?rest_route=%2Fwp%2Fv2%2Ftags&post=73840"}],"curies":[{"name":"wp","href":"https:\/\/api.w.org\/{rel}","templated":true}]}}