{"id":73837,"date":"2025-12-12T20:15:01","date_gmt":"2025-12-12T17:15:01","guid":{"rendered":"https:\/\/www.egemtv.com\/?p=73837"},"modified":"2025-12-12T20:15:02","modified_gmt":"2025-12-12T17:15:02","slug":"ak-parti-grup-baskanvekili-yenisehirlioglu-ak-parti-yaparsa-boyle-yapar-mottosu-ispartada-sekil-almis","status":"publish","type":"post","link":"https:\/\/www.egemtv.com\/?p=73837","title":{"rendered":"AK Parti Grup Ba\u015fkanvekili Yeni\u015fehirlio\u011flu: &#8220;\u2019AK Parti yaparsa b\u00f6yle yapar\u2019 mottosu Isparta\u2019da \u015fekil alm\u0131\u015f&#8221;"},"content":{"rendered":"<p>AK Parti Grup Ba\u015fkanvekili, Manisa Milletvekili Bahad\u0131r Yeni\u015fehirlio\u011flu, Belediye Ba\u015fkan\u0131 \u015e\u00fckr\u00fc Ba\u015fde\u011firmen\u2019i ziyaret etti.  Yeni\u015fehirlio\u011flu, Ba\u015fkan Ba\u015fde\u011firmen\u2019in ortaya koydu\u011fu belediyecilik anlay\u0131\u015f\u0131n\u0131n takdire \u015fayan oldu\u011funu ifade etti.<br \/>\n<br \/>AK Parti Grup Ba\u015fkanvekili, Manisa Milletvekili Bahad\u0131r Yeni\u015fehirlio\u011flu, 8. Isparta Kitap Fuar\u0131\u2019nda s\u00f6yle\u015fi ve imza g\u00fcn\u00fc i\u00e7in Isparta\u2019ya geldi. Yeni\u015fehirlio\u011flu, fuar etkinli\u011fi \u00f6ncesinde Isparta Belediye Ba\u015fkan\u0131 \u015e\u00fckr\u00fc Ba\u015fde\u011firmen\u2019i ziyaret etti. Ziyarette AK Parti \u0130l Ba\u015fkan\u0131 Furkan Cem Er ve belediye meclis \u00fcyeleri de yer ald\u0131.  Ba\u015fkan Ba\u015fde\u011firmen, Bahad\u0131r Yeni\u015fehirlio\u011flu\u2019na yapt\u0131klar\u0131 \u00e7al\u0131\u015fmalarla ilgili brifing verdi.<\/p>\n<p>&#8220;Memleketimizin daha da g\u00fczelle\u015fmesi i\u00e7in \u00e7al\u0131\u015f\u0131yoruz&#8221;<br \/>\n<br \/>Belediye Ba\u015fkan\u0131 \u015e\u00fckr\u00fc Ba\u015fde\u011firmen, ziyaretlerinden dolay\u0131 AK Parti Grup Ba\u015fkanvekili, Manisa Milletvekili, Yazar ve Oyuncu Bahad\u0131r Yeni\u015fehirlio\u011flu\u2019na te\u015fekk\u00fcr etti. Yeni\u015fehirlio\u011flu\u2019nun 8. Isparta Kitap Fuar\u0131\u2019n\u0131n a\u00e7\u0131l\u0131\u015f\u0131nda kendilerini yaln\u0131z b\u0131rakmad\u0131\u011f\u0131n\u0131 belirten Ba\u015fkan Ba\u015fde\u011firmen, &#8220;Say\u0131n milletvekilimiz ve grup ba\u015fkanvekilimizin \u00e7al\u0131\u015fmalar\u0131n\u0131 yak\u0131ndan takip ediyoruz. Memleketimizin g\u00fczelle\u015fmesi, g\u00fcnden g\u00fcne daha g\u00fc\u00e7l\u00fc hale gelerek, s\u00fcrekli basamaklar\u0131 y\u00fckselterek d\u00fcnyada etkin hale gelmesinin tabii ki say\u0131n cumhurba\u015fkan\u0131m\u0131z, grup ba\u015fkanvekilimiz ve di\u011fer arkada\u015flar\u0131m\u0131z\u0131n \u00e7al\u0131\u015fmalar\u0131yla oldu\u011funun bilincindeyiz. Rabbim sizlere kolayl\u0131klar versin, daha g\u00fc\u00e7l\u00fc bir \u015fekilde hizmet etmeyi de nasip etsin. Bizler de sizlerin yapm\u0131\u015f oldu\u011funuz \u00e7al\u0131\u015fmalarda arkan\u0131zdan ko\u015farak, sizlerle beraber yol y\u00fcr\u00fcmeye \u00e7al\u0131\u015f\u0131yoruz. \u015eehrimiz d\u00fcnden bug\u00fcn daha iyi olsun, daha g\u00fc\u00e7l\u00fc olsun, daha g\u00fczel olsun ki biz Isparta\u2019m\u0131z\u0131 bir basamak yukar\u0131 ta\u015f\u0131rsak biliyoruz ki \u00fclkemizde kendisini bir basamak yukar\u0131 ta\u015f\u0131yacakt\u0131r. Ba\u011flant\u0131l\u0131 olarak bu ba\u015far\u0131n\u0131n devam etmesi arzumuzdur. Ziyaretlerinizden ve \u015fehrimize ilgi ve alakalar\u0131n\u0131zdan dolay\u0131 te\u015fekk\u00fcr ederim&#8221; dedi.<\/p>\n<p>&#8220;G\u00f6rd\u00fcklerimden k\u0131van\u00e7 doluyum&#8221;<br \/>\n<br \/>Yeni\u015fehirlio\u011flu, g\u00fcl kokulu Isparta\u2019da bulunmas\u0131n\u0131n kendisi i\u00e7in bir ayr\u0131cal\u0131k oldu\u011funu dile getirdi. Ba\u015fkan Ba\u015fde\u011firmen\u2019in yapt\u0131\u011f\u0131 \u00e7al\u0131\u015fmalar\u0131n AK Parti belediyecili\u011finin hangi noktaya geldi\u011fini g\u00f6stermesi a\u00e7\u0131s\u0131ndan \u00e7ok \u00f6nemli oldu\u011funa de\u011finen Yeni\u015fehirlio\u011flu, &#8220;G\u00fcn\u00fcm\u00fczde belediyelerin i\u00e7ine d\u00fc\u015ft\u00fckleri durum, yapamad\u0131klar\u0131 \u00e7al\u0131\u015fmalar, halktan esirgedikleri hizmetleri d\u00fc\u015f\u00fcnecek ve g\u00f6recek olursak Isparta\u2019da ortaya koydu\u011funuz belediyecilik anlay\u0131\u015f\u0131 ger\u00e7ekten takdire \u015fayan. Bizzat yerinde g\u00f6r\u00fcp, tespit etti\u011fimiz de\u011ferli hizmetleri alk\u0131\u015flamaktan ba\u015fka yapabilece\u011fimiz ba\u015fka bir \u015fey yok. Allah g\u00fcc\u00fcn\u00fcz\u00fc artt\u0131rs\u0131n. \u2018AK Parti yaparsa b\u00f6yle yapar mottosu\u2019 Isparta\u2019da \u015fekil alm\u0131\u015f, maddeye ve hizmete b\u00fcr\u00fcnm\u00fc\u015f. G\u00f6rd\u00fcklerimden memnunum, k\u0131van\u00e7 doluyum. E\u011fitim ve k\u00fclt\u00fcr hayat\u0131na verdi\u011finiz desteklerden dolay\u0131 8. Isparta Kitap Fuar\u0131\u2019n\u0131n a\u00e7\u0131l\u0131\u015f\u0131nda konuk olarak bulunuyor olmak benim i\u00e7in bir yazar olarak da ayr\u0131 bir ayr\u0131cal\u0131k. Isparta\u2019ya ne zaman gelsem g\u00f6nl\u00fcm \u015fenlenerek ayr\u0131lm\u0131\u015ft\u0131r. Sizle beraber olmaktan, Isparta\u2019n\u0131n g\u00fcl kokulu havas\u0131n\u0131 teneff\u00fcs etmekten son derece memnunuz. Te\u015fekk\u00fcr ederim&#8221; ifadelerinde bulundu.<br \/><\/p>\n","protected":false},"excerpt":{"rendered":"<p>AK Parti Grup Ba\u015fkanvekili, Manisa Milletvekili Bahad\u0131r Yeni\u015fehirlio\u011flu, Belediye Ba\u015fkan\u0131 \u015e\u00fckr\u00fc Ba\u015fde\u011firmen\u2019i ziyaret etti. Yeni\u015fehirlio\u011flu, Ba\u015fkan Ba\u015fde\u011firmen\u2019in ortaya koydu\u011fu belediyecilik anlay\u0131\u015f\u0131n\u0131n takdire \u015fayan oldu\u011funu ifade etti. AK Parti Grup Ba\u015fkanvekili, Manisa Milletvekili Bahad\u0131r Yeni\u015fehirlio\u011flu, 8. Isparta Kitap Fuar\u0131\u2019nda s\u00f6yle\u015fi ve imza g\u00fcn\u00fc i\u00e7in Isparta\u2019ya geldi. Yeni\u015fehirlio\u011flu, fuar etkinli\u011fi \u00f6ncesinde Isparta Belediye Ba\u015fkan\u0131 \u015e\u00fckr\u00fc Ba\u015fde\u011firmen\u2019i ziyaret&#8230;<\/p>\n","protected":false},"author":1,"featured_media":73838,"comment_status":"open","ping_status":"open","sticky":false,"template":"","format":"standard","meta":{"_crdt_document":"","footnotes":""},"categories":[127],"tags":[],"class_list":["post-73837","post","type-post","status-publish","format-standard","has-post-thumbnail","hentry","category-siyaset"],"_links":{"self":[{"href":"https:\/\/www.egemtv.com\/index.php?rest_route=\/wp\/v2\/posts\/73837","targetHints":{"allow":["GET"]}}],"collection":[{"href":"https:\/\/www.egemtv.com\/index.php?rest_route=\/wp\/v2\/posts"}],"about":[{"href":"https:\/\/www.egemtv.com\/index.php?rest_route=\/wp\/v2\/types\/post"}],"author":[{"embeddable":true,"href":"https:\/\/www.egemtv.com\/index.php?rest_route=\/wp\/v2\/users\/1"}],"replies":[{"embeddable":true,"href":"https:\/\/www.egemtv.com\/index.php?rest_route=%2Fwp%2Fv2%2Fcomments&post=73837"}],"version-history":[{"count":1,"href":"https:\/\/www.egemtv.com\/index.php?rest_route=\/wp\/v2\/posts\/73837\/revisions"}],"predecessor-version":[{"id":73839,"href":"https:\/\/www.egemtv.com\/index.php?rest_route=\/wp\/v2\/posts\/73837\/revisions\/73839"}],"wp:featuredmedia":[{"embeddable":true,"href":"https:\/\/www.egemtv.com\/index.php?rest_route=\/wp\/v2\/media\/73838"}],"wp:attachment":[{"href":"https:\/\/www.egemtv.com\/index.php?rest_route=%2Fwp%2Fv2%2Fmedia&parent=73837"}],"wp:term":[{"taxonomy":"category","embeddable":true,"href":"https:\/\/www.egemtv.com\/index.php?rest_route=%2Fwp%2Fv2%2Fcategories&post=73837"},{"taxonomy":"post_tag","embeddable":true,"href":"https:\/\/www.egemtv.com\/index.php?rest_route=%2Fwp%2Fv2%2Ftags&post=73837"}],"curies":[{"name":"wp","href":"https:\/\/api.w.org\/{rel}","templated":true}]}}