{"id":73834,"date":"2025-12-12T19:54:42","date_gmt":"2025-12-12T16:54:42","guid":{"rendered":"https:\/\/www.egemtv.com\/?p=73834"},"modified":"2025-12-12T19:54:42","modified_gmt":"2025-12-12T16:54:42","slug":"kocarlida-5-yil-hapis-cezasi-bulunan-sahis-yakalandi","status":"publish","type":"post","link":"https:\/\/www.egemtv.com\/?p=73834","title":{"rendered":"Ko\u00e7arl\u0131\u2019da 5 y\u0131l hapis cezas\u0131 bulunan \u015fah\u0131s yakaland\u0131"},"content":{"rendered":"<p>Ayd\u0131n\u2019\u0131n Ko\u00e7arl\u0131 il\u00e7esinde 5 y\u0131l hapis cezas\u0131 bulunan \u015fah\u0131s yakaland\u0131.<br \/>\n<br \/>Ayd\u0131n \u0130l Jandarma Komutanl\u0131\u011f\u0131, Ko\u00e7arl\u0131 \u0130l\u00e7e Jandarma Komutanl\u0131\u011f\u0131 ekipleri, hakaret su\u00e7undan hakk\u0131nda 5 y\u0131l kesinle\u015fmi\u015f hapis cezas\u0131 bulunan M.A. (54) isimli \u015fahs\u0131 yakalad\u0131.  \u015e\u00fcpheli, i\u015flemlerinin ard\u0131ndan Ayd\u0131n A\u00e7\u0131k Ceza \u0130nfaz Kurumu\u2019na teslim edildi.<br \/><\/p>\n","protected":false},"excerpt":{"rendered":"<p>Ayd\u0131n\u2019\u0131n Ko\u00e7arl\u0131 il\u00e7esinde 5 y\u0131l hapis cezas\u0131 bulunan \u015fah\u0131s yakaland\u0131. Ayd\u0131n \u0130l Jandarma Komutanl\u0131\u011f\u0131, Ko\u00e7arl\u0131 \u0130l\u00e7e Jandarma Komutanl\u0131\u011f\u0131 ekipleri, hakaret su\u00e7undan hakk\u0131nda 5 y\u0131l kesinle\u015fmi\u015f hapis cezas\u0131 bulunan M.A. (54) isimli \u015fahs\u0131 yakalad\u0131. \u015e\u00fcpheli, i\u015flemlerinin ard\u0131ndan Ayd\u0131n A\u00e7\u0131k Ceza \u0130nfaz Kurumu\u2019na teslim edildi.<\/p>\n","protected":false},"author":1,"featured_media":73835,"comment_status":"open","ping_status":"open","sticky":false,"template":"","format":"standard","meta":{"_crdt_document":"","footnotes":""},"categories":[5],"tags":[],"class_list":["post-73834","post","type-post","status-publish","format-standard","has-post-thumbnail","hentry","category-asayis"],"_links":{"self":[{"href":"https:\/\/www.egemtv.com\/index.php?rest_route=\/wp\/v2\/posts\/73834","targetHints":{"allow":["GET"]}}],"collection":[{"href":"https:\/\/www.egemtv.com\/index.php?rest_route=\/wp\/v2\/posts"}],"about":[{"href":"https:\/\/www.egemtv.com\/index.php?rest_route=\/wp\/v2\/types\/post"}],"author":[{"embeddable":true,"href":"https:\/\/www.egemtv.com\/index.php?rest_route=\/wp\/v2\/users\/1"}],"replies":[{"embeddable":true,"href":"https:\/\/www.egemtv.com\/index.php?rest_route=%2Fwp%2Fv2%2Fcomments&post=73834"}],"version-history":[{"count":1,"href":"https:\/\/www.egemtv.com\/index.php?rest_route=\/wp\/v2\/posts\/73834\/revisions"}],"predecessor-version":[{"id":73836,"href":"https:\/\/www.egemtv.com\/index.php?rest_route=\/wp\/v2\/posts\/73834\/revisions\/73836"}],"wp:featuredmedia":[{"embeddable":true,"href":"https:\/\/www.egemtv.com\/index.php?rest_route=\/wp\/v2\/media\/73835"}],"wp:attachment":[{"href":"https:\/\/www.egemtv.com\/index.php?rest_route=%2Fwp%2Fv2%2Fmedia&parent=73834"}],"wp:term":[{"taxonomy":"category","embeddable":true,"href":"https:\/\/www.egemtv.com\/index.php?rest_route=%2Fwp%2Fv2%2Fcategories&post=73834"},{"taxonomy":"post_tag","embeddable":true,"href":"https:\/\/www.egemtv.com\/index.php?rest_route=%2Fwp%2Fv2%2Ftags&post=73834"}],"curies":[{"name":"wp","href":"https:\/\/api.w.org\/{rel}","templated":true}]}}