{"id":73828,"date":"2025-12-12T19:54:41","date_gmt":"2025-12-12T16:54:41","guid":{"rendered":"https:\/\/www.egemtv.com\/?p=73828"},"modified":"2025-12-12T19:54:41","modified_gmt":"2025-12-12T16:54:41","slug":"koskte-500-kilogram-sahte-zeytinyagi-yakalandi","status":"publish","type":"post","link":"https:\/\/www.egemtv.com\/?p=73828","title":{"rendered":"K\u00f6\u015fk\u2019te 500 kilogram sahte zeytinya\u011f\u0131 yakaland\u0131"},"content":{"rendered":"<p>Ayd\u0131n\u2019dan Malatya\u2019ya g\u00f6nderilen bir ara\u00e7 i\u00e7erisinde jandarma ekipleri taraf\u0131ndan 500 kilogram sahte zeytinya\u011f\u0131 ele ge\u00e7irildi.<\/p>\n<p>Ayd\u0131n \u0130l Jandarma Komutanl\u0131\u011f\u0131, K\u00f6\u015fk \u0130l\u00e7e Jandarma Komutanl\u0131\u011f\u0131 ekipleri, Ayd\u0131n\u2019 dan Malatya\u2019ya sevk edilmek \u00fczere yola \u00e7\u0131kan bir arac\u0131 durdurarak yapt\u0131\u011f\u0131 kontrolde, 500 kilogram sahte oldu\u011fu de\u011ferlendirilen zeytinya\u011f\u0131 ele ge\u00e7irdi. Yakla\u015f\u0131k 250 bin TL de\u011ferindeki \u00fcr\u00fcnle ilgili gerekli idari i\u015flemler ba\u015flat\u0131ld\u0131.<br \/><\/p>\n","protected":false},"excerpt":{"rendered":"<p>Ayd\u0131n\u2019dan Malatya\u2019ya g\u00f6nderilen bir ara\u00e7 i\u00e7erisinde jandarma ekipleri taraf\u0131ndan 500 kilogram sahte zeytinya\u011f\u0131 ele ge\u00e7irildi. Ayd\u0131n \u0130l Jandarma Komutanl\u0131\u011f\u0131, K\u00f6\u015fk \u0130l\u00e7e Jandarma Komutanl\u0131\u011f\u0131 ekipleri, Ayd\u0131n\u2019 dan Malatya\u2019ya sevk edilmek \u00fczere yola \u00e7\u0131kan bir arac\u0131 durdurarak yapt\u0131\u011f\u0131 kontrolde, 500 kilogram sahte oldu\u011fu de\u011ferlendirilen zeytinya\u011f\u0131 ele ge\u00e7irdi. Yakla\u015f\u0131k 250 bin TL de\u011ferindeki \u00fcr\u00fcnle ilgili gerekli idari i\u015flemler&#8230;<\/p>\n","protected":false},"author":1,"featured_media":73829,"comment_status":"open","ping_status":"open","sticky":false,"template":"","format":"standard","meta":{"_crdt_document":"","footnotes":""},"categories":[5],"tags":[],"class_list":["post-73828","post","type-post","status-publish","format-standard","has-post-thumbnail","hentry","category-asayis"],"_links":{"self":[{"href":"https:\/\/www.egemtv.com\/index.php?rest_route=\/wp\/v2\/posts\/73828","targetHints":{"allow":["GET"]}}],"collection":[{"href":"https:\/\/www.egemtv.com\/index.php?rest_route=\/wp\/v2\/posts"}],"about":[{"href":"https:\/\/www.egemtv.com\/index.php?rest_route=\/wp\/v2\/types\/post"}],"author":[{"embeddable":true,"href":"https:\/\/www.egemtv.com\/index.php?rest_route=\/wp\/v2\/users\/1"}],"replies":[{"embeddable":true,"href":"https:\/\/www.egemtv.com\/index.php?rest_route=%2Fwp%2Fv2%2Fcomments&post=73828"}],"version-history":[{"count":1,"href":"https:\/\/www.egemtv.com\/index.php?rest_route=\/wp\/v2\/posts\/73828\/revisions"}],"predecessor-version":[{"id":73830,"href":"https:\/\/www.egemtv.com\/index.php?rest_route=\/wp\/v2\/posts\/73828\/revisions\/73830"}],"wp:featuredmedia":[{"embeddable":true,"href":"https:\/\/www.egemtv.com\/index.php?rest_route=\/wp\/v2\/media\/73829"}],"wp:attachment":[{"href":"https:\/\/www.egemtv.com\/index.php?rest_route=%2Fwp%2Fv2%2Fmedia&parent=73828"}],"wp:term":[{"taxonomy":"category","embeddable":true,"href":"https:\/\/www.egemtv.com\/index.php?rest_route=%2Fwp%2Fv2%2Fcategories&post=73828"},{"taxonomy":"post_tag","embeddable":true,"href":"https:\/\/www.egemtv.com\/index.php?rest_route=%2Fwp%2Fv2%2Ftags&post=73828"}],"curies":[{"name":"wp","href":"https:\/\/api.w.org\/{rel}","templated":true}]}}