{"id":73825,"date":"2025-12-12T19:54:40","date_gmt":"2025-12-12T16:54:40","guid":{"rendered":"https:\/\/www.egemtv.com\/?p=73825"},"modified":"2025-12-12T19:54:41","modified_gmt":"2025-12-12T16:54:41","slug":"fethiyede-tarihi-eser-kacakciligi-operasyonu-1-tutuklama","status":"publish","type":"post","link":"https:\/\/www.egemtv.com\/?p=73825","title":{"rendered":"Fethiye\u2019de tarihi eser ka\u00e7ak\u00e7\u0131l\u0131\u011f\u0131 operasyonu: 1 tutuklama"},"content":{"rendered":"<p>Mu\u011fla\u2019n\u0131n Fethiye il\u00e7esinde tarihi eser ka\u00e7ak\u00e7\u0131l\u0131\u011f\u0131na y\u00f6nelik ger\u00e7ekle\u015ftirilen operasyonda 1 \u015f\u00fcpheli tutuklan\u0131rken, 4 ki\u015fi adli kontrol \u015fart\u0131yla serbest b\u0131rak\u0131ld\u0131.<br \/>\n<br \/>Fethiye Cumhuriyet Ba\u015fsavc\u0131l\u0131\u011f\u0131\u2019n\u0131n talimat\u0131yla harekete ge\u00e7en \u0130l Emniyet M\u00fcd\u00fcrl\u00fc\u011f\u00fc Ka\u00e7ak\u00e7\u0131l\u0131k ve Organize Su\u00e7larla M\u00fccadele Amirli\u011fi ekipleri, tarihi eser ka\u00e7ak\u00e7\u0131l\u0131\u011f\u0131 yapan \u015f\u00fcphelilere y\u00f6nelik geni\u015f kapsaml\u0131 bir \u00e7al\u0131\u015fma y\u00fcr\u00fctt\u00fc. Bu kapsamda tespit edilen 10 adrese e\u015f zamanl\u0131 d\u00fczenlenen operasyonda toplam 8 \u015f\u00fcpheli g\u00f6zalt\u0131na al\u0131nd\u0131. Adreslerde yap\u0131lan aramalarda 6 dedekt\u00f6r ile par\u00e7alar halinde tarihi eser niteli\u011fi ta\u015f\u0131d\u0131\u011f\u0131 de\u011ferlendirilen \u00e7e\u015fitli objeler ele ge\u00e7irildi. Emniyetteki i\u015flemlerinin tamamlanmas\u0131n\u0131n ard\u0131ndan adliyeye sevk edilen \u015f\u00fcphelilerden 1\u2019i \u00e7\u0131kar\u0131ld\u0131\u011f\u0131 hakimlik\u00e7e tutukland\u0131. Di\u011fer 7 \u015f\u00fcpheliden 4\u2019\u00fc adli kontrol \u015fart\u0131yla serbest b\u0131rak\u0131l\u0131rken, 3 ki\u015fi ise ifadelerinin ard\u0131ndan serbest b\u0131rak\u0131ld\u0131.<br \/><\/p>\n","protected":false},"excerpt":{"rendered":"<p>Mu\u011fla\u2019n\u0131n Fethiye il\u00e7esinde tarihi eser ka\u00e7ak\u00e7\u0131l\u0131\u011f\u0131na y\u00f6nelik ger\u00e7ekle\u015ftirilen operasyonda 1 \u015f\u00fcpheli tutuklan\u0131rken, 4 ki\u015fi adli kontrol \u015fart\u0131yla serbest b\u0131rak\u0131ld\u0131. Fethiye Cumhuriyet Ba\u015fsavc\u0131l\u0131\u011f\u0131\u2019n\u0131n talimat\u0131yla harekete ge\u00e7en \u0130l Emniyet M\u00fcd\u00fcrl\u00fc\u011f\u00fc Ka\u00e7ak\u00e7\u0131l\u0131k ve Organize Su\u00e7larla M\u00fccadele Amirli\u011fi ekipleri, tarihi eser ka\u00e7ak\u00e7\u0131l\u0131\u011f\u0131 yapan \u015f\u00fcphelilere y\u00f6nelik geni\u015f kapsaml\u0131 bir \u00e7al\u0131\u015fma y\u00fcr\u00fctt\u00fc. Bu kapsamda tespit edilen 10 adrese e\u015f zamanl\u0131 d\u00fczenlenen&#8230;<\/p>\n","protected":false},"author":1,"featured_media":73826,"comment_status":"open","ping_status":"open","sticky":false,"template":"","format":"standard","meta":{"_crdt_document":"","footnotes":""},"categories":[5],"tags":[],"class_list":["post-73825","post","type-post","status-publish","format-standard","has-post-thumbnail","hentry","category-asayis"],"_links":{"self":[{"href":"https:\/\/www.egemtv.com\/index.php?rest_route=\/wp\/v2\/posts\/73825","targetHints":{"allow":["GET"]}}],"collection":[{"href":"https:\/\/www.egemtv.com\/index.php?rest_route=\/wp\/v2\/posts"}],"about":[{"href":"https:\/\/www.egemtv.com\/index.php?rest_route=\/wp\/v2\/types\/post"}],"author":[{"embeddable":true,"href":"https:\/\/www.egemtv.com\/index.php?rest_route=\/wp\/v2\/users\/1"}],"replies":[{"embeddable":true,"href":"https:\/\/www.egemtv.com\/index.php?rest_route=%2Fwp%2Fv2%2Fcomments&post=73825"}],"version-history":[{"count":1,"href":"https:\/\/www.egemtv.com\/index.php?rest_route=\/wp\/v2\/posts\/73825\/revisions"}],"predecessor-version":[{"id":73827,"href":"https:\/\/www.egemtv.com\/index.php?rest_route=\/wp\/v2\/posts\/73825\/revisions\/73827"}],"wp:featuredmedia":[{"embeddable":true,"href":"https:\/\/www.egemtv.com\/index.php?rest_route=\/wp\/v2\/media\/73826"}],"wp:attachment":[{"href":"https:\/\/www.egemtv.com\/index.php?rest_route=%2Fwp%2Fv2%2Fmedia&parent=73825"}],"wp:term":[{"taxonomy":"category","embeddable":true,"href":"https:\/\/www.egemtv.com\/index.php?rest_route=%2Fwp%2Fv2%2Fcategories&post=73825"},{"taxonomy":"post_tag","embeddable":true,"href":"https:\/\/www.egemtv.com\/index.php?rest_route=%2Fwp%2Fv2%2Ftags&post=73825"}],"curies":[{"name":"wp","href":"https:\/\/api.w.org\/{rel}","templated":true}]}}