{"id":73822,"date":"2025-12-12T19:54:40","date_gmt":"2025-12-12T16:54:40","guid":{"rendered":"https:\/\/www.egemtv.com\/?p=73822"},"modified":"2025-12-12T19:54:40","modified_gmt":"2025-12-12T16:54:40","slug":"bodrumda-yerli-mali-haftasi-kutlandi","status":"publish","type":"post","link":"https:\/\/www.egemtv.com\/?p=73822","title":{"rendered":"Bodrum\u2019da Yerli Mal\u0131 Haftas\u0131 kutland\u0131"},"content":{"rendered":"<p>Bodrum Belediyesi ve Mu\u011fla B\u00fcy\u00fck\u015fehir Belediyesi destekleriyle Slow Food-Yave\u015f Gari Bodrum Birli\u011fi taraf\u0131ndan d\u00fczenlenen 12. Toprak Ana G\u00fcn\u00fc ve Yerli Mal\u0131 Haftas\u0131, Bodrum Merkez Pazaryeri\u2019nde ger\u00e7ekle\u015ftirilen etkinlikle kutland\u0131.<\/p>\n<p>Yerel \u00fcreticiye, do\u011faya ve topra\u011f\u0131n bereketine dikkat \u00e7ekmeyi ama\u00e7layan ve bu y\u0131l 12.si d\u00fczenlenen (Terra Madre) Toprak Ana G\u00fcn\u00fc\u2019nde ayn\u0131 zamanda Yerli Mal\u0131 Haftas\u0131 da kutlanarak b\u00f6lgenin geleneksel g\u0131da k\u00fclt\u00fcr\u00fc tan\u0131t\u0131ld\u0131.<\/p>\n<p>Geleneksel Mu\u011fla usul\u00fc tarhana \u00e7orbas\u0131 ve Bodrum gemici peksimetinin ikram edildi\u011fi etkinli\u011fe, Bodrum Belediye Ba\u015fkan\u0131 Tamer Mandalinci\u2019yi temsilen Ba\u015fkan Yard\u0131mc\u0131s\u0131 Ercan Pehlivan, Mu\u011fla B\u00fcy\u00fck\u015fehir Belediyesi \u0130l\u00e7e Hizmetleri 1. B\u00f6lge Dairesi Ba\u015fkan\u0131 Kadriye Erkal Y\u0131ld\u0131r\u0131m ve vatanda\u015flar kat\u0131ld\u0131.<\/p>\n<p>Slow Food hareketinin temel hedefi olan &#8220;iyi, temiz ve adil g\u0131da&#8221; mottosuyla ger\u00e7ekle\u015ftirilen etkinlikte, yerel \u00fcretimin \u00f6nemi vurguland\u0131. Etkinlik kapsam\u0131nda \u00f6\u011frencilerle yap\u0131lan s\u00f6yle\u015fide yerel g\u0131daya eri\u015fimin, \u00fcreticinin desteklenmesinin ve s\u00fcrd\u00fcr\u00fclebilir tar\u0131m uygulamalar\u0131n\u0131n \u00f6nemine dikkat \u00e7ekildi.<\/p>\n<p>Bodrum Belediyesi ve Mu\u011fla B\u00fcy\u00fck\u015fehir Belediyesi olarak Tar\u0131msal Hizmetler M\u00fcd\u00fcrl\u00fc\u011f\u00fc\u2019n\u00fcn y\u00fcr\u00fctt\u00fc\u011f\u00fc \u00e7al\u0131\u015fmalar\u0131n da ele al\u0131nd\u0131\u011f\u0131 programda, yerel tohumlar\u0131n korunmas\u0131, \u00e7o\u011falt\u0131lmas\u0131 ve gelece\u011fe aktar\u0131lmas\u0131 konusunda yap\u0131lan faaliyetler anlat\u0131ld\u0131.<\/p>\n<p>Etkinlikte \u00fcreticiler, \u00f6\u011frenciler ve vatanda\u015flar pazaryeri i\u00e7erisinde bir araya gelerek Bodrum\u2019un yerel de\u011ferleri \u00fczerine sohbet etti.<\/p>\n<p>Etkinlik boyunca Bodrum Belediyesi Bas\u0131n Yay\u0131n ve Halkla \u0130li\u015fkiler M\u00fcd\u00fcrl\u00fc\u011f\u00fc\u2019ne ba\u011fl\u0131 Saha \u00c7\u00f6z\u00fcm ekibi de pazaryerinde stant kurarak vatanda\u015flar\u0131n taleplerini dinledi.<\/p>\n<p>Program sonunda, Bodrum Belediyesi Ba\u015fkan Yard\u0131mc\u0131s\u0131 Ercan Pehlivan etkinli\u011fe emek veren t\u00fcm kat\u0131l\u0131mc\u0131lara te\u015fekk\u00fcr etti.<br \/><\/p>\n","protected":false},"excerpt":{"rendered":"<p>Bodrum Belediyesi ve Mu\u011fla B\u00fcy\u00fck\u015fehir Belediyesi destekleriyle Slow Food-Yave\u015f Gari Bodrum Birli\u011fi taraf\u0131ndan d\u00fczenlenen 12. Toprak Ana G\u00fcn\u00fc ve Yerli Mal\u0131 Haftas\u0131, Bodrum Merkez Pazaryeri\u2019nde ger\u00e7ekle\u015ftirilen etkinlikle kutland\u0131. Yerel \u00fcreticiye, do\u011faya ve topra\u011f\u0131n bereketine dikkat \u00e7ekmeyi ama\u00e7layan ve bu y\u0131l 12.si d\u00fczenlenen (Terra Madre) Toprak Ana G\u00fcn\u00fc\u2019nde ayn\u0131 zamanda Yerli Mal\u0131 Haftas\u0131 da kutlanarak b\u00f6lgenin&#8230;<\/p>\n","protected":false},"author":1,"featured_media":73823,"comment_status":"open","ping_status":"open","sticky":false,"template":"","format":"standard","meta":{"_crdt_document":"","footnotes":""},"categories":[1],"tags":[],"class_list":["post-73822","post","type-post","status-publish","format-standard","has-post-thumbnail","hentry","category-guncel"],"_links":{"self":[{"href":"https:\/\/www.egemtv.com\/index.php?rest_route=\/wp\/v2\/posts\/73822","targetHints":{"allow":["GET"]}}],"collection":[{"href":"https:\/\/www.egemtv.com\/index.php?rest_route=\/wp\/v2\/posts"}],"about":[{"href":"https:\/\/www.egemtv.com\/index.php?rest_route=\/wp\/v2\/types\/post"}],"author":[{"embeddable":true,"href":"https:\/\/www.egemtv.com\/index.php?rest_route=\/wp\/v2\/users\/1"}],"replies":[{"embeddable":true,"href":"https:\/\/www.egemtv.com\/index.php?rest_route=%2Fwp%2Fv2%2Fcomments&post=73822"}],"version-history":[{"count":1,"href":"https:\/\/www.egemtv.com\/index.php?rest_route=\/wp\/v2\/posts\/73822\/revisions"}],"predecessor-version":[{"id":73824,"href":"https:\/\/www.egemtv.com\/index.php?rest_route=\/wp\/v2\/posts\/73822\/revisions\/73824"}],"wp:featuredmedia":[{"embeddable":true,"href":"https:\/\/www.egemtv.com\/index.php?rest_route=\/wp\/v2\/media\/73823"}],"wp:attachment":[{"href":"https:\/\/www.egemtv.com\/index.php?rest_route=%2Fwp%2Fv2%2Fmedia&parent=73822"}],"wp:term":[{"taxonomy":"category","embeddable":true,"href":"https:\/\/www.egemtv.com\/index.php?rest_route=%2Fwp%2Fv2%2Fcategories&post=73822"},{"taxonomy":"post_tag","embeddable":true,"href":"https:\/\/www.egemtv.com\/index.php?rest_route=%2Fwp%2Fv2%2Ftags&post=73822"}],"curies":[{"name":"wp","href":"https:\/\/api.w.org\/{rel}","templated":true}]}}