{"id":73819,"date":"2025-12-12T19:14:56","date_gmt":"2025-12-12T16:14:56","guid":{"rendered":"https:\/\/www.egemtv.com\/?p=73819"},"modified":"2025-12-12T19:14:56","modified_gmt":"2025-12-12T16:14:56","slug":"binlerce-kitapseveri-yazarlariyla-bulusturacak-8-isparta-kitap-fuari-acildi","status":"publish","type":"post","link":"https:\/\/www.egemtv.com\/?p=73819","title":{"rendered":"Binlerce kitapseveri yazarlar\u0131yla bulu\u015fturacak &#8220;8. Isparta Kitap Fuar\u0131&#8221; a\u00e7\u0131ld\u0131"},"content":{"rendered":"<p>Isparta Belediyesi taraf\u0131ndan \u2018Kitaplar G\u00fcl A\u00e7\u0131yor\u2019 temas\u0131yla d\u00fczenlenen 8. Isparta Kitap Fuar\u0131, G\u00f6kkubbe Fuar ve Kongre Merkezi\u2019nde kap\u0131lar\u0131n\u0131 a\u00e7t\u0131.<br \/>\n<br \/>8. Isparta Kitap Fuar\u0131\u2019n\u0131n a\u00e7\u0131l\u0131\u015f\u0131 G\u00f6kkubbe Fuar ve Kongre Merkezi\u2019nde d\u00fczenlenen t\u00f6renle ger\u00e7ekle\u015ftirildi. Isparta Belediyesi taraf\u0131ndan bu y\u0131l &#8220;Kitaplar G\u00fcl A\u00e7\u0131yor&#8221; temas\u0131yla organize edilen fuar, 12\u201321 Aral\u0131k tarihleri aras\u0131nda ziyaret\u00e7ilerini a\u011f\u0131rlayacak. Yo\u011fun kat\u0131l\u0131mla kap\u0131lar\u0131n\u0131 a\u00e7an fuarda \u00e7ok say\u0131da yay\u0131nevi yer al\u0131rken, fuara kat\u0131lan yazarlar 9 g\u00fcn boyunca kitapseverlerle bir araya gelip kitaplar\u0131n\u0131 imzalayacak ve s\u00f6yle\u015filer ger\u00e7ekle\u015ftirecek.<\/p>\n<p>Teknoloji \u00e7a\u011f\u0131nda okuman\u0131n \u00f6nemi vurguland\u0131<br \/>\n<br \/>A\u00e7\u0131l\u0131\u015fta konu\u015fan Isparta Belediye Ba\u015fkan\u0131 \u015e\u00fckr\u00fc Ba\u015fde\u011firmen, &#8220;Bug\u00fcn burada birlik ve beraberlik i\u00e7inde ger\u00e7ekle\u015ftirdi\u011fimiz bu kitap fuar\u0131n\u0131n Isparta\u2019m\u0131za \u00e7ok g\u00fczel sonu\u00e7lar kazand\u0131raca\u011f\u0131na inan\u0131yoruz. \u00c7ocuklar\u0131m\u0131z\u0131n buradan ald\u0131klar\u0131 kitaplarla kendilerini geli\u015ftirmesi bizleri de mutlu ediyor. G\u00fcn\u00fcm\u00fcz maalesef bilgisayar ve teknoloji \u00e7a\u011f\u0131. Teknolojinin faydal\u0131 y\u00f6nlerini kullan\u0131rsak elbette b\u00fcy\u00fck avantaj sa\u011flar ancak okumay\u0131 ikinci plana atan, bilgiyi ezbere dayand\u0131ran ve her bilgiye tek tu\u015fla ula\u015f\u0131ld\u0131\u011f\u0131 i\u00e7in kal\u0131c\u0131l\u0131\u011f\u0131 zay\u0131flatan bir anlay\u0131\u015f\u0131n \u00e7ok faydal\u0131 olmad\u0131\u011f\u0131 da a\u00e7\u0131kt\u0131r. Yap\u0131lan \u00e7al\u0131\u015fmalar da bunu g\u00f6steriyor. Umar\u0131m bu fuar, gen\u00e7li\u011fimize \u00f6nemli katk\u0131lar sa\u011flar&#8221; dedi.<\/p>\n<p>&#8220;Dijital \u00e7a\u011f de\u011fi\u015fse de kitab\u0131n yeri dolmaz&#8221;<br \/>\n<br \/>AK Parti Grup Ba\u015fkanvekili, Manisa Milletvekili, yazar ve akt\u00f6r Bahad\u0131r Yeni\u015fehirlio\u011flu konu\u015fmas\u0131nda, &#8220;Beni bu a\u00e7\u0131l\u0131\u015fa davet eden Belediye Ba\u015fkan\u0131m\u0131z Ba\u015fde\u011firmen\u2019e te\u015fekk\u00fcr ediyorum. Bu t\u00fcr organizasyonlar tek bir ki\u015finin yapabilece\u011fi i\u015fler de\u011fildir; sizlerin ve ekibinizin eme\u011fi \u00e7ok b\u00fcy\u00fck. Isparta ger\u00e7ekten \u00e7ok nasipli bir \u015fehir. G\u00fcl kokulu Isparta, iki beyefendiye sahip: Biri Belediye Ba\u015fkan\u0131m\u0131z, di\u011feri Valimiz. Her ikisine de bu g\u00fczel faaliyetlere vesile olduklar\u0131 i\u00e7in sayg\u0131lar\u0131m\u0131 sunuyorum. Kitab\u0131n hayat\u0131m\u0131zdaki \u00f6nemi tart\u0131\u015f\u0131lmaz. Bir insan\u0131 \u00f6verken \u2018g\u00f6z\u00fc kitaba de\u011fmi\u015f, kitap ehli\u2019 deriz. Ele\u015ftirmek istedi\u011fimizde ise \u2018b\u0131rak o kitaps\u0131z\u0131, g\u00f6z\u00fc kitaba de\u011fmemi\u015f\u2019 gibi ifadeler kullan\u0131r\u0131z. Bu nedenle kitap bizim k\u00fclt\u00fcr\u00fcm\u00fczde \u00e7ok de\u011ferlidir. Kitap fuarlar\u0131n\u0131n da s\u00fcrekli d\u00fczenlenmesi gerekti\u011fine inan\u0131yorum. Bu kadar \u00f6\u011frencinin buraya gelip kitaba dokunmas\u0131, velilerin \u00e7ocuklar\u0131n\u0131 fuara getirmesi, insanlar\u0131n yazarlarla birebir temas kurmas\u0131 son derece k\u0131ymetli. Dijital d\u00fcnya ne kadar geli\u015firse geli\u015fsin, insanlar internet \u00fczerinden istedikleri kadar okusun; fiziki kitaplar\u0131n yerini hi\u00e7bir \u015fey tutmayacakt\u0131r. B\u00f6yle g\u00fczel bir organizasyonu hayata ge\u00e7irdi\u011finiz i\u00e7in te\u015fekk\u00fcr ediyorum&#8221; ifadelerini kulland\u0131.<\/p>\n<p>&#8220;Ke\u015fke \u0130zmir\u2019de de b\u00f6yle etkinlikler olsa&#8221;<br \/>\n<br \/>\u0130zmir\u2019den fuara gelen Nimetullah Sancak, &#8220;Fuar ger\u00e7ekten \u00e7ok g\u00fczel. Ayd\u0131nlat\u0131c\u0131 kitaplar var. Merak etti\u011fimiz konular\u0131 ara\u015ft\u0131r\u0131yoruz. \u0130mkan bulduk\u00e7a baz\u0131 kitaplar\u0131 almaya \u00e7al\u0131\u015faca\u011f\u0131z. Torunlar\u0131mla birlikte geldim, onlar\u0131n i\u015fine yarayacak kitaplara da bak\u0131yoruz. Ke\u015fke \u0130zmir\u2019de de b\u00f6yle etkinlikler olsa. Buras\u0131n\u0131 \u00e7ok be\u011fendik, arad\u0131\u011f\u0131m\u0131z her \u015fey burada var. Herkes i\u00e7in hay\u0131rl\u0131 olsun. Fuar\u0131 d\u00fczenleyenlere \u00e7ok te\u015fekk\u00fcr ediyorum&#8221; dedi.<br \/>\n<br \/>Konu\u015fmalar\u0131n ard\u0131ndan protokol ve \u00e7ocuklar taraf\u0131ndan 8. Isparta Kitap Fuar\u0131\u2019n\u0131n a\u00e7\u0131l\u0131\u015f kurdelesi kesildi. Kurdele kesiminin ard\u0131ndan Vali Abdullah Erin, Belediye Ba\u015fkan\u0131 \u015e\u00fckr\u00fc Ba\u015fde\u011firmen ve e\u015fi \u015eadiye Ba\u015fde\u011firmen ile kat\u0131l\u0131mc\u0131lar stantlar\u0131 ziyaret ederek, kitaplar\u0131 inceledi. Belediye Ba\u015fkan\u0131 \u015e\u00fckr\u00fc Ba\u015fde\u011firmen, e\u015fi \u015eadiye Ba\u015fde\u011firmen ve Vali Abdullah Erin fuarda \u00e7ocuklarla sohbet ederek, onlara kitap alabilmeleri i\u00e7in hediye \u00e7eki verdi. Ba\u015fde\u011firmen \u00e7ifti yerel yazarlar ile yay\u0131nevlerinin stantlar\u0131n\u0131 da ziyaret etti.<br \/><\/p>\n","protected":false},"excerpt":{"rendered":"<p>Isparta Belediyesi taraf\u0131ndan \u2018Kitaplar G\u00fcl A\u00e7\u0131yor\u2019 temas\u0131yla d\u00fczenlenen 8. Isparta Kitap Fuar\u0131, G\u00f6kkubbe Fuar ve Kongre Merkezi\u2019nde kap\u0131lar\u0131n\u0131 a\u00e7t\u0131. 8. Isparta Kitap Fuar\u0131\u2019n\u0131n a\u00e7\u0131l\u0131\u015f\u0131 G\u00f6kkubbe Fuar ve Kongre Merkezi\u2019nde d\u00fczenlenen t\u00f6renle ger\u00e7ekle\u015ftirildi. Isparta Belediyesi taraf\u0131ndan bu y\u0131l &#8220;Kitaplar G\u00fcl A\u00e7\u0131yor&#8221; temas\u0131yla organize edilen fuar, 12\u201321 Aral\u0131k tarihleri aras\u0131nda ziyaret\u00e7ilerini a\u011f\u0131rlayacak. Yo\u011fun kat\u0131l\u0131mla kap\u0131lar\u0131n\u0131 a\u00e7an fuarda&#8230;<\/p>\n","protected":false},"author":1,"featured_media":73820,"comment_status":"open","ping_status":"open","sticky":false,"template":"","format":"standard","meta":{"_crdt_document":"","footnotes":""},"categories":[1],"tags":[],"class_list":["post-73819","post","type-post","status-publish","format-standard","has-post-thumbnail","hentry","category-guncel"],"_links":{"self":[{"href":"https:\/\/www.egemtv.com\/index.php?rest_route=\/wp\/v2\/posts\/73819","targetHints":{"allow":["GET"]}}],"collection":[{"href":"https:\/\/www.egemtv.com\/index.php?rest_route=\/wp\/v2\/posts"}],"about":[{"href":"https:\/\/www.egemtv.com\/index.php?rest_route=\/wp\/v2\/types\/post"}],"author":[{"embeddable":true,"href":"https:\/\/www.egemtv.com\/index.php?rest_route=\/wp\/v2\/users\/1"}],"replies":[{"embeddable":true,"href":"https:\/\/www.egemtv.com\/index.php?rest_route=%2Fwp%2Fv2%2Fcomments&post=73819"}],"version-history":[{"count":1,"href":"https:\/\/www.egemtv.com\/index.php?rest_route=\/wp\/v2\/posts\/73819\/revisions"}],"predecessor-version":[{"id":73821,"href":"https:\/\/www.egemtv.com\/index.php?rest_route=\/wp\/v2\/posts\/73819\/revisions\/73821"}],"wp:featuredmedia":[{"embeddable":true,"href":"https:\/\/www.egemtv.com\/index.php?rest_route=\/wp\/v2\/media\/73820"}],"wp:attachment":[{"href":"https:\/\/www.egemtv.com\/index.php?rest_route=%2Fwp%2Fv2%2Fmedia&parent=73819"}],"wp:term":[{"taxonomy":"category","embeddable":true,"href":"https:\/\/www.egemtv.com\/index.php?rest_route=%2Fwp%2Fv2%2Fcategories&post=73819"},{"taxonomy":"post_tag","embeddable":true,"href":"https:\/\/www.egemtv.com\/index.php?rest_route=%2Fwp%2Fv2%2Ftags&post=73819"}],"curies":[{"name":"wp","href":"https:\/\/api.w.org\/{rel}","templated":true}]}}