{"id":73816,"date":"2025-12-12T19:14:54","date_gmt":"2025-12-12T16:14:54","guid":{"rendered":"https:\/\/www.egemtv.com\/?p=73816"},"modified":"2025-12-12T19:14:55","modified_gmt":"2025-12-12T16:14:55","slug":"ispartada-kontrolden-cikan-kamyon-sarampole-devrildi-surucu-yaralandi","status":"publish","type":"post","link":"https:\/\/www.egemtv.com\/?p=73816","title":{"rendered":"Isparta\u2019da kontrolden \u00e7\u0131kan kamyon \u015farampole devrildi, s\u00fcr\u00fcc\u00fc yaraland\u0131"},"content":{"rendered":"<p>Isparta\u2019da kontrolden \u00e7\u0131kan kamyonun \u015farampole yuvarland\u0131\u011f\u0131 kazada s\u00fcr\u00fcc\u00fc yaraland\u0131.<br \/>\n<br \/>Kaza, E\u011firdir il\u00e7esi E\u011firdir\u2013Isparta karayolunda meydana geldi. Edinilen bilgiye g\u00f6re, Selahattin U. idaresindeki 32 AFS 171 plakal\u0131 kamyon, s\u00fcr\u00fcc\u00fcs\u00fcn\u00fcn direksiyon hakimiyetini kaybetmesi sonucu kontrolden \u00e7\u0131karak bariyerlere \u00e7arpt\u0131 ard\u0131ndan \u015farampole yuvarland\u0131. \u0130hbar \u00fczerine b\u00f6lgeye polis ve sa\u011fl\u0131k ekipleri sevk edildi. Olay yerine gelen sa\u011fl\u0131k ekipleri yaral\u0131 s\u00fcr\u00fcc\u00fcye ilk m\u00fcdahaleyi yapt\u0131ktan sonra Selahattin U.\u2019yu ambulansla hastaneye kald\u0131rd\u0131. Kaza ile ilgili inceleme ba\u015flat\u0131ld\u0131.<br \/><\/p>\n","protected":false},"excerpt":{"rendered":"<p>Isparta\u2019da kontrolden \u00e7\u0131kan kamyonun \u015farampole yuvarland\u0131\u011f\u0131 kazada s\u00fcr\u00fcc\u00fc yaraland\u0131. Kaza, E\u011firdir il\u00e7esi E\u011firdir\u2013Isparta karayolunda meydana geldi. Edinilen bilgiye g\u00f6re, Selahattin U. idaresindeki 32 AFS 171 plakal\u0131 kamyon, s\u00fcr\u00fcc\u00fcs\u00fcn\u00fcn direksiyon hakimiyetini kaybetmesi sonucu kontrolden \u00e7\u0131karak bariyerlere \u00e7arpt\u0131 ard\u0131ndan \u015farampole yuvarland\u0131. \u0130hbar \u00fczerine b\u00f6lgeye polis ve sa\u011fl\u0131k ekipleri sevk edildi. Olay yerine gelen sa\u011fl\u0131k ekipleri yaral\u0131 s\u00fcr\u00fcc\u00fcye&#8230;<\/p>\n","protected":false},"author":1,"featured_media":73817,"comment_status":"open","ping_status":"open","sticky":false,"template":"","format":"standard","meta":{"_crdt_document":"","footnotes":""},"categories":[5],"tags":[],"class_list":["post-73816","post","type-post","status-publish","format-standard","has-post-thumbnail","hentry","category-asayis"],"_links":{"self":[{"href":"https:\/\/www.egemtv.com\/index.php?rest_route=\/wp\/v2\/posts\/73816","targetHints":{"allow":["GET"]}}],"collection":[{"href":"https:\/\/www.egemtv.com\/index.php?rest_route=\/wp\/v2\/posts"}],"about":[{"href":"https:\/\/www.egemtv.com\/index.php?rest_route=\/wp\/v2\/types\/post"}],"author":[{"embeddable":true,"href":"https:\/\/www.egemtv.com\/index.php?rest_route=\/wp\/v2\/users\/1"}],"replies":[{"embeddable":true,"href":"https:\/\/www.egemtv.com\/index.php?rest_route=%2Fwp%2Fv2%2Fcomments&post=73816"}],"version-history":[{"count":1,"href":"https:\/\/www.egemtv.com\/index.php?rest_route=\/wp\/v2\/posts\/73816\/revisions"}],"predecessor-version":[{"id":73818,"href":"https:\/\/www.egemtv.com\/index.php?rest_route=\/wp\/v2\/posts\/73816\/revisions\/73818"}],"wp:featuredmedia":[{"embeddable":true,"href":"https:\/\/www.egemtv.com\/index.php?rest_route=\/wp\/v2\/media\/73817"}],"wp:attachment":[{"href":"https:\/\/www.egemtv.com\/index.php?rest_route=%2Fwp%2Fv2%2Fmedia&parent=73816"}],"wp:term":[{"taxonomy":"category","embeddable":true,"href":"https:\/\/www.egemtv.com\/index.php?rest_route=%2Fwp%2Fv2%2Fcategories&post=73816"},{"taxonomy":"post_tag","embeddable":true,"href":"https:\/\/www.egemtv.com\/index.php?rest_route=%2Fwp%2Fv2%2Ftags&post=73816"}],"curies":[{"name":"wp","href":"https:\/\/api.w.org\/{rel}","templated":true}]}}