{"id":73813,"date":"2025-12-12T18:34:40","date_gmt":"2025-12-12T15:34:40","guid":{"rendered":"https:\/\/www.egemtv.com\/?p=73813"},"modified":"2025-12-12T18:34:41","modified_gmt":"2025-12-12T15:34:41","slug":"denizlili-gazeteci-sema-zoylanin-aci-gunu","status":"publish","type":"post","link":"https:\/\/www.egemtv.com\/?p=73813","title":{"rendered":"Denizlili gazeteci Sema Zoylan\u2019\u0131n ac\u0131 g\u00fcn\u00fc"},"content":{"rendered":"<p>Denizli Gazeteciler Cemiyeti (DGC) \u00dcyesi gazeteci Sema Zoylan\u2019\u0131n hayat\u0131n\u0131 kaybeden babas\u0131 Ali Zoylan, dualarla son yolculu\u011funa u\u011furland\u0131.<\/p>\n<p>Denizli Gazeteciler Cemiyeti \u00dcyesi gazeteci Sema Zoylan\u2019\u0131n babas\u0131 Ali Zoylan, tedavi g\u00f6rd\u00fc\u011f\u00fc hastanede kalp krizi sonucu hayat\u0131n\u0131 kaybetti. Hayat\u0131n\u0131 kaybeden Ali Zoylan i\u00e7in Denizli Asri Mezarl\u0131kta cenaze t\u00f6reni d\u00fczenlendi. Zoylan\u2019\u0131n cenazesi k\u0131l\u0131nan cenaze namaz\u0131n\u0131n ard\u0131ndan Kay\u0131han Mezarl\u0131\u011f\u0131nda son yolculu\u011funa u\u011furland\u0131.<\/p>\n<p>Ali Zoylan\u2019\u0131n cenazesine Denizli B\u00fcy\u00fck\u015fehir Belediyesi Bas\u0131n Yay\u0131n ve Halkla \u0130li\u015fkiler Dairesi Ba\u015fkan\u0131 Cenk \u00d6zt\u00fcrk, DGC Ba\u015fkan\u0131 Osman Nuri Boyac\u0131, gazeteci Sema Zoylan\u2019\u0131n yak\u0131nlar\u0131 ve meslekta\u015flar\u0131yla vatanda\u015flar kat\u0131ld\u0131. Gazeteci Zoylan, cenaze t\u00f6reninin ard\u0131ndan taziye dileklerini kabul etti.<br \/><\/p>\n","protected":false},"excerpt":{"rendered":"<p>Denizli Gazeteciler Cemiyeti (DGC) \u00dcyesi gazeteci Sema Zoylan\u2019\u0131n hayat\u0131n\u0131 kaybeden babas\u0131 Ali Zoylan, dualarla son yolculu\u011funa u\u011furland\u0131. Denizli Gazeteciler Cemiyeti \u00dcyesi gazeteci Sema Zoylan\u2019\u0131n babas\u0131 Ali Zoylan, tedavi g\u00f6rd\u00fc\u011f\u00fc hastanede kalp krizi sonucu hayat\u0131n\u0131 kaybetti. Hayat\u0131n\u0131 kaybeden Ali Zoylan i\u00e7in Denizli Asri Mezarl\u0131kta cenaze t\u00f6reni d\u00fczenlendi. Zoylan\u2019\u0131n cenazesi k\u0131l\u0131nan cenaze namaz\u0131n\u0131n ard\u0131ndan Kay\u0131han Mezarl\u0131\u011f\u0131nda son&#8230;<\/p>\n","protected":false},"author":1,"featured_media":73814,"comment_status":"open","ping_status":"open","sticky":false,"template":"","format":"standard","meta":{"_crdt_document":"","footnotes":""},"categories":[123],"tags":[],"class_list":["post-73813","post","type-post","status-publish","format-standard","has-post-thumbnail","hentry","category-gundem"],"_links":{"self":[{"href":"https:\/\/www.egemtv.com\/index.php?rest_route=\/wp\/v2\/posts\/73813","targetHints":{"allow":["GET"]}}],"collection":[{"href":"https:\/\/www.egemtv.com\/index.php?rest_route=\/wp\/v2\/posts"}],"about":[{"href":"https:\/\/www.egemtv.com\/index.php?rest_route=\/wp\/v2\/types\/post"}],"author":[{"embeddable":true,"href":"https:\/\/www.egemtv.com\/index.php?rest_route=\/wp\/v2\/users\/1"}],"replies":[{"embeddable":true,"href":"https:\/\/www.egemtv.com\/index.php?rest_route=%2Fwp%2Fv2%2Fcomments&post=73813"}],"version-history":[{"count":1,"href":"https:\/\/www.egemtv.com\/index.php?rest_route=\/wp\/v2\/posts\/73813\/revisions"}],"predecessor-version":[{"id":73815,"href":"https:\/\/www.egemtv.com\/index.php?rest_route=\/wp\/v2\/posts\/73813\/revisions\/73815"}],"wp:featuredmedia":[{"embeddable":true,"href":"https:\/\/www.egemtv.com\/index.php?rest_route=\/wp\/v2\/media\/73814"}],"wp:attachment":[{"href":"https:\/\/www.egemtv.com\/index.php?rest_route=%2Fwp%2Fv2%2Fmedia&parent=73813"}],"wp:term":[{"taxonomy":"category","embeddable":true,"href":"https:\/\/www.egemtv.com\/index.php?rest_route=%2Fwp%2Fv2%2Fcategories&post=73813"},{"taxonomy":"post_tag","embeddable":true,"href":"https:\/\/www.egemtv.com\/index.php?rest_route=%2Fwp%2Fv2%2Ftags&post=73813"}],"curies":[{"name":"wp","href":"https:\/\/api.w.org\/{rel}","templated":true}]}}