{"id":7381,"date":"2025-01-13T09:51:16","date_gmt":"2025-01-13T06:51:16","guid":{"rendered":"https:\/\/www.egemtv.com\/?p=7381"},"modified":"2025-01-13T09:51:26","modified_gmt":"2025-01-13T06:51:26","slug":"aydinda-zeytinin-yaga-donusum-yolculugu-basladi","status":"publish","type":"post","link":"https:\/\/www.egemtv.com\/?p=7381","title":{"rendered":"Ayd\u0131n\u2019da zeytinin ya\u011fa d\u00f6n\u00fc\u015f\u00fcm yolculu\u011fu ba\u015flad\u0131"},"content":{"rendered":"<p>Ayd\u0131n\u2019da zeytin sezonunun ba\u015flamas\u0131 ile birlikte zeytinya\u011f\u0131 yap\u0131m\u0131 i\u00e7in ya\u011fhanelerde yo\u011funluk ya\u015fanmaya ba\u015flarken, binbir zahmetle toplanan zeytinlerin de ya\u011fa d\u00f6n\u00fc\u015f\u00fcm yolculu\u011fu ba\u015flad\u0131.<br \/>\n<br \/>T\u00fcrkiye\u2019de en y\u00fcksek zeytin a\u011fac\u0131 varl\u0131\u011f\u0131na sahip olan illerden olan Ayd\u0131n\u2019da zeytin sezonu hareketlili\u011fi devam ediyor. Bu y\u0131l zeytin \u00fcreticilerinin bekledi\u011fi ya\u011fmurlar\u0131n olmamas\u0131 sebebiyle zeytinlerde beklenen b\u00fcy\u00fcme olmazken, \u00fcreticiler taraf\u0131ndan toplanan zeytinlerin de ya\u011fhane yolculu\u011fu ba\u015flad\u0131. \u00c7ift\u00e7ilerin \u00f6nemli ge\u00e7im kaynaklar\u0131ndan biri olan zeytinler \u00f6zenle a\u011fa\u00e7lardan toplanarak ya\u011fhanelere getiriliyor. Yapraklar\u0131ndan ve dal par\u00e7alar\u0131ndan ayr\u0131l\u0131p y\u0131kanan zeytinler, k\u0131rma ve ezme i\u015flemlerinin ard\u0131ndan zeytin, hamur k\u0131vam\u0131na getiriliyor. Son sistem teknoloji ile donat\u0131lan ya\u011fhanelerde s\u0131k\u0131lan zeytinlerden elde edilen zeytinya\u011flar\u0131n\u0131n litre fiyat\u0131 \u00fcreticileri de mutlu ediyor. Zeytin sezonu ile birlikte i\u015fleri yo\u011funla\u015fan ya\u011fhane sahipleri ise talepleri yerine getirmek i\u00e7in tam kapasite ile \u00e7al\u0131\u015fmalar\u0131n\u0131 s\u00fcrd\u00fcrerek \u00e7ift\u00e7ilere hizmet ediyor.<br \/>\n<br \/>Zeytinlerini s\u0131kt\u0131rmaya getiren \u00fcreticilerinden Naime Mert, kurakl\u0131ktan bu y\u0131l zeytinlerin k\u00fc\u00e7\u00fck kald\u0131\u011f\u0131n\u0131 ifade ederek, \u201cZeytinler bu sene iyi. Yaln\u0131z ya\u011fmur ya\u011fmad\u0131\u011f\u0131ndan zeytinler \u00e7ok k\u00fc\u00e7\u00fck kald\u0131. Ya\u011fmur olsayd\u0131 daha g\u00fczel olacakt\u0131. Zeytini s\u0131kt\u0131ranlardan kimisi 11 kiloda kimisi 7 kiloda ya\u011f buluyormu\u015f. Zeytinin iri olmas\u0131na g\u00f6re de\u011fi\u015fiyor, k\u00fc\u00e7\u00fckler daha az ya\u011f veriyor tabi\u201d dedi.<\/p>\n<p>\u201cKurakl\u0131ktan dolay\u0131 sezon ge\u00e7 ba\u015flad\u0131\u201d<br \/>\n<br \/>Bu sene zeytinde et oran\u0131n\u0131n az olmas\u0131 sebebiyle asit oranlar\u0131n\u0131n iyi oldu\u011funu ifade eden zeytinya\u011f\u0131 s\u0131k\u0131m tesisi i\u015fletmecisi Onur Efe \u015eeng\u00fcn, \u201cBu y\u0131l sezonumuz biraz ge\u00e7 ba\u015flad\u0131. Ya\u011fmurlar\u0131n ge\u00e7 ya\u011fmas\u0131ndan dolay\u0131. Normalde Kas\u0131m ba\u015f\u0131 gibi dip zeytinlerimiz gelmeye ba\u015flard\u0131. Yani yaz\u0131n yere d\u00f6k\u00fclen dip zeytinlerimiz toplanmaya ba\u015flan\u0131rd\u0131. Bu sene yakla\u015f\u0131k bir bu\u00e7uk ay kadar ya\u011fmurlar\u0131n ge\u00e7 gelmesinden dolay\u0131 sezon da ge\u00e7 ba\u015flad\u0131. Asl\u0131nda \u015fu anda sezonun ba\u015flar\u0131nday\u0131z diyebiliriz. Anca ba\u015flad\u0131 adam ak\u0131ll\u0131 sezon. Zeytinliklerimizi gezdi\u011fimizde baz\u0131 zeytinlerimiz kurumu\u015f durumda. Yaz\u0131nki kurakl\u0131ktan dolay\u0131. Ama b\u00f6yle dere yataklar\u0131nda, da\u011flardan s\u00fcz\u00fclen suyla birlikte p\u0131narlar\u0131n kenarlar\u0131nda olan zeytinlerimiz d\u00f6rt kilogramda be\u015f kilogramda bir kilo ya\u011f elde ederken on iki, on \u00fc\u00e7 kilogramda ya\u011f elde edilen zeytinliklerimiz de mevcut kurakl\u0131ktan dolay\u0131. Yani zeytinin k\u00fc\u00e7\u00fck olmas\u0131ndan dolay\u0131 ya\u011f oran\u0131 da bunu etkiliyor. Ama bu senenin \u015f\u00f6yle g\u00fczel bir y\u00f6n\u00fc var. Zeytinde et oran\u0131 az oldu\u011fu i\u00e7in asit \u00e7\u0131km\u0131yor. Hep s\u0131f\u0131r d\u00f6rt, s\u0131f\u0131r be\u015f asit olarak ilerliyoruz. S\u0131k\u0131m \u00fccretleri bu y\u0131l bir tonda 2 bin 500 y\u00fcz TL olarak devam ediyoruz. Ge\u00e7en y\u0131l 2 bin TL idi. Bu y\u0131l 2 bin 500 y\u00fcz TL\u201d dedi.<br \/>\n<br \/><img fetchpriority=\"high\" decoding=\"async\" width=\"1280\" height=\"853\" src=\"https:\/\/www.egemtv.com\/wp-content\/uploads\/2025\/01\/aydinda-zeytinin-yaga-donusum-yolculugu-basladi_50ccc5dbc599.jpg\" class=\"attachment-full size-full not-transparent\" alt=\"\" data-has-transparency=\"false\" data-dominant-color=\"696c63\" style=\"--dominant-color: #696c63\" \/><img decoding=\"async\" width=\"1280\" height=\"853\" src=\"https:\/\/www.egemtv.com\/wp-content\/uploads\/2025\/01\/aydinda-zeytinin-yaga-donusum-yolculugu-basladi_f7de4c642143.jpg\" class=\"attachment-full size-full not-transparent\" alt=\"\" data-has-transparency=\"false\" data-dominant-color=\"717072\" style=\"--dominant-color: #717072\" \/><img decoding=\"async\" width=\"1280\" height=\"717\" src=\"https:\/\/www.egemtv.com\/wp-content\/uploads\/2025\/01\/aydinda-zeytinin-yaga-donusum-yolculugu-basladi_563e2b96fea4.jpg\" class=\"attachment-full size-full not-transparent\" alt=\"\" data-has-transparency=\"false\" data-dominant-color=\"6e6b67\" style=\"--dominant-color: #6e6b67\" \/><img loading=\"lazy\" decoding=\"async\" width=\"1280\" height=\"716\" src=\"https:\/\/www.egemtv.com\/wp-content\/uploads\/2025\/01\/aydinda-zeytinin-yaga-donusum-yolculugu-basladi_aa5fe3bfbb4f.jpg\" class=\"attachment-full size-full not-transparent\" alt=\"\" data-has-transparency=\"false\" data-dominant-color=\"736a65\" style=\"--dominant-color: #736a65\" \/><img loading=\"lazy\" decoding=\"async\" width=\"1280\" height=\"720\" src=\"https:\/\/www.egemtv.com\/wp-content\/uploads\/2025\/01\/aydinda-zeytinin-yaga-donusum-yolculugu-basladi_d0b0bf7bb520.jpg\" class=\"attachment-full size-full not-transparent\" alt=\"\" data-has-transparency=\"false\" data-dominant-color=\"6f7467\" style=\"--dominant-color: #6f7467\" \/><img loading=\"lazy\" decoding=\"async\" width=\"1280\" height=\"853\" src=\"https:\/\/www.egemtv.com\/wp-content\/uploads\/2025\/01\/aydinda-zeytinin-yaga-donusum-yolculugu-basladi_1118f412cb3e.jpg\" class=\"attachment-full size-full not-transparent\" alt=\"\" data-has-transparency=\"false\" data-dominant-color=\"78766e\" style=\"--dominant-color: #78766e\" \/><\/p>\n","protected":false},"excerpt":{"rendered":"<p>Ayd\u0131n\u2019da zeytin sezonunun ba\u015flamas\u0131 ile birlikte zeytinya\u011f\u0131 yap\u0131m\u0131 i\u00e7in ya\u011fhanelerde yo\u011funluk ya\u015fanmaya ba\u015flarken, binbir zahmetle toplanan zeytinlerin de ya\u011fa d\u00f6n\u00fc\u015f\u00fcm yolculu\u011fu ba\u015flad\u0131. T\u00fcrkiye\u2019de en y\u00fcksek zeytin a\u011fac\u0131 varl\u0131\u011f\u0131na sahip olan illerden olan Ayd\u0131n\u2019da zeytin sezonu hareketlili\u011fi devam ediyor. Bu y\u0131l zeytin \u00fcreticilerinin bekledi\u011fi ya\u011fmurlar\u0131n olmamas\u0131 sebebiyle zeytinlerde beklenen b\u00fcy\u00fcme olmazken, \u00fcreticiler taraf\u0131ndan toplanan zeytinlerin de&#8230;<\/p>\n","protected":false},"author":1,"featured_media":7382,"comment_status":"open","ping_status":"open","sticky":false,"template":"","format":"standard","meta":{"_crdt_document":"","footnotes":""},"categories":[1],"tags":[],"class_list":["post-7381","post","type-post","status-publish","format-standard","has-post-thumbnail","hentry","category-guncel"],"_links":{"self":[{"href":"https:\/\/www.egemtv.com\/index.php?rest_route=\/wp\/v2\/posts\/7381","targetHints":{"allow":["GET"]}}],"collection":[{"href":"https:\/\/www.egemtv.com\/index.php?rest_route=\/wp\/v2\/posts"}],"about":[{"href":"https:\/\/www.egemtv.com\/index.php?rest_route=\/wp\/v2\/types\/post"}],"author":[{"embeddable":true,"href":"https:\/\/www.egemtv.com\/index.php?rest_route=\/wp\/v2\/users\/1"}],"replies":[{"embeddable":true,"href":"https:\/\/www.egemtv.com\/index.php?rest_route=%2Fwp%2Fv2%2Fcomments&post=7381"}],"version-history":[{"count":1,"href":"https:\/\/www.egemtv.com\/index.php?rest_route=\/wp\/v2\/posts\/7381\/revisions"}],"predecessor-version":[{"id":7389,"href":"https:\/\/www.egemtv.com\/index.php?rest_route=\/wp\/v2\/posts\/7381\/revisions\/7389"}],"wp:featuredmedia":[{"embeddable":true,"href":"https:\/\/www.egemtv.com\/index.php?rest_route=\/wp\/v2\/media\/7382"}],"wp:attachment":[{"href":"https:\/\/www.egemtv.com\/index.php?rest_route=%2Fwp%2Fv2%2Fmedia&parent=7381"}],"wp:term":[{"taxonomy":"category","embeddable":true,"href":"https:\/\/www.egemtv.com\/index.php?rest_route=%2Fwp%2Fv2%2Fcategories&post=7381"},{"taxonomy":"post_tag","embeddable":true,"href":"https:\/\/www.egemtv.com\/index.php?rest_route=%2Fwp%2Fv2%2Ftags&post=7381"}],"curies":[{"name":"wp","href":"https:\/\/api.w.org\/{rel}","templated":true}]}}