{"id":73801,"date":"2025-12-12T17:35:31","date_gmt":"2025-12-12T14:35:31","guid":{"rendered":"https:\/\/www.egemtv.com\/?p=73801"},"modified":"2025-12-12T17:35:32","modified_gmt":"2025-12-12T14:35:32","slug":"demircide-atil-araziler-tarima-kazandiriliyor","status":"publish","type":"post","link":"https:\/\/www.egemtv.com\/?p=73801","title":{"rendered":"Demirci\u2019de at\u0131l araziler tar\u0131ma kazand\u0131r\u0131l\u0131yor"},"content":{"rendered":"<p>Manisa\u2019n\u0131n Demirci il\u00e7esinde belediye taraf\u0131ndan, il\u00e7ede tar\u0131msal \u00fcretimi desteklemek ve belediye kaynaklar\u0131n\u0131 daha verimli kullanmak amac\u0131yla \u00f6rnek bir projeyi hayata ge\u00e7irdi. Proje kapsam\u0131nda at\u0131l durumdaki araziler tar\u0131m arazisine d\u00f6n\u00fc\u015ft\u00fcr\u00fcl\u00fcyor.<br \/>\n<br \/>Manisa\u2019n\u0131n Demirci il\u00e7esinde belediyeye ait arazilere zeytin, ceviz ve badem fidanlar\u0131 dikilerek uzun vadeli, s\u00fcrd\u00fcr\u00fclebilir bir tar\u0131m \u00fcretim modeli olu\u015fturulmaya ba\u015fland\u0131.<br \/>\n<br \/>Toprak yap\u0131s\u0131na uygun olarak se\u00e7ilen zeytin, ceviz ve badem fidanlar\u0131 hem ekonomik de\u011feri y\u00fcksek \u00fcr\u00fcnler olmas\u0131 hem de b\u00f6lge iklimine uyum sa\u011flamas\u0131 nedeniyle tercih edildi.<br \/>\n<br \/>Proje ile birlikte hem belediye gelirlerinin art\u0131r\u0131lmas\u0131n\u0131n hem de il\u00e7ede tar\u0131msal \u00e7e\u015fitlili\u011fin desteklenmesinin hedeflendi\u011fi belirtildi.<br \/>\n<br \/>A\u011fa\u00e7lar\u0131n b\u00fcy\u00fcmesiyle birlikte elde edilecek \u00fcr\u00fcnlerin belediye hizmetlerinde de\u011ferlendirilmesi ve yeni sosyal projelere katk\u0131 sunmas\u0131 planlan\u0131yor.<br \/>\n<br \/>\u00c7al\u0131\u015fmalar kapsam\u0131nda ilk dikim il\u00e7eye ba\u011fl\u0131 Kuzuk\u00f6y Mahallesinde Salman Mevkiindeki 23 d\u00f6n\u00fcm tarlaya 400 zeytin fidan\u0131 ile ger\u00e7ekle\u015ftirildi.<br \/>\n<br \/>Demirci\u2019de tar\u0131ma verilen \u00f6nemin her ge\u00e7en g\u00fcn artt\u0131\u011f\u0131n\u0131 vurgulayan Belediye Ba\u015fkan\u0131 Erkan Kara, &#8220;Demirci Belediyesi olarak topra\u011f\u0131m\u0131za sahip \u00e7\u0131kmay\u0131, at\u0131l durumda bekleyen belediye arazilerini \u00fcretime kazand\u0131rmay\u0131 \u00f6nemsiyoruz. Zeytin, ceviz ve badem gibi b\u00f6lgemize uygun, ekonomik de\u011feri y\u00fcksek \u00fcr\u00fcnlerle uzun vadeli, s\u00fcrd\u00fcr\u00fclebilir bir yat\u0131r\u0131m modeli olu\u015fturuyoruz. Bu fidanlar sadece bug\u00fcn i\u00e7in de\u011fil, Demirci\u2019nin yar\u0131nlar\u0131 i\u00e7in dikiliyor. Bu projeyle hem belediyemizin gelir kaynaklar\u0131n\u0131 \u00e7e\u015fitlendirmeyi hem de il\u00e7emizde tar\u0131msal \u00fcretimin geli\u015fmesine katk\u0131 sa\u011flamay\u0131 hedefliyoruz. Zamanla b\u00fcy\u00fcyen her fidan, Demirci\u2019nin bereketine bereket katacak. Biz, topra\u011fa at\u0131lan her tohumu gelece\u011fe at\u0131lan bir ad\u0131m olarak g\u00f6r\u00fcyoruz. \u0130n\u015fallah bu \u00e7al\u0131\u015fmalar\u0131m\u0131z \u00f6n\u00fcm\u00fczdeki y\u0131llarda hem il\u00e7emize ekonomik katk\u0131 sa\u011flayacak hem de \u00f6rnek bir belediyecilik anlay\u0131\u015f\u0131n\u0131n g\u00fczel bir yans\u0131mas\u0131 olacak. Demirci\u2019mizin her kar\u0131\u015f\u0131na de\u011fer katmak i\u00e7in \u00e7al\u0131\u015fmaya devam edece\u011fiz&#8221; dedi.<br \/>\n<br \/>Demirci Belediyesi taraf\u0131ndan, \u00f6n\u00fcm\u00fczdeki g\u00fcnlerde ise \u015eehrek\u00fcst\u00fc Mahallesi Parsamaz Mevkiinde bulunan 36 d\u00f6n\u00fcm araziye ise ceviz ve badem fidanlar\u0131n\u0131n dikilmesi i\u00e7in \u00e7al\u0131\u015fmalara ba\u015fland\u0131\u011f\u0131 bildirildi.<br \/><\/p>\n","protected":false},"excerpt":{"rendered":"<p>Manisa\u2019n\u0131n Demirci il\u00e7esinde belediye taraf\u0131ndan, il\u00e7ede tar\u0131msal \u00fcretimi desteklemek ve belediye kaynaklar\u0131n\u0131 daha verimli kullanmak amac\u0131yla \u00f6rnek bir projeyi hayata ge\u00e7irdi. Proje kapsam\u0131nda at\u0131l durumdaki araziler tar\u0131m arazisine d\u00f6n\u00fc\u015ft\u00fcr\u00fcl\u00fcyor. Manisa\u2019n\u0131n Demirci il\u00e7esinde belediyeye ait arazilere zeytin, ceviz ve badem fidanlar\u0131 dikilerek uzun vadeli, s\u00fcrd\u00fcr\u00fclebilir bir tar\u0131m \u00fcretim modeli olu\u015fturulmaya ba\u015fland\u0131. Toprak yap\u0131s\u0131na uygun olarak se\u00e7ilen&#8230;<\/p>\n","protected":false},"author":1,"featured_media":73802,"comment_status":"open","ping_status":"open","sticky":false,"template":"","format":"standard","meta":{"_crdt_document":"","footnotes":""},"categories":[125],"tags":[],"class_list":["post-73801","post","type-post","status-publish","format-standard","has-post-thumbnail","hentry","category-ekonomi"],"_links":{"self":[{"href":"https:\/\/www.egemtv.com\/index.php?rest_route=\/wp\/v2\/posts\/73801","targetHints":{"allow":["GET"]}}],"collection":[{"href":"https:\/\/www.egemtv.com\/index.php?rest_route=\/wp\/v2\/posts"}],"about":[{"href":"https:\/\/www.egemtv.com\/index.php?rest_route=\/wp\/v2\/types\/post"}],"author":[{"embeddable":true,"href":"https:\/\/www.egemtv.com\/index.php?rest_route=\/wp\/v2\/users\/1"}],"replies":[{"embeddable":true,"href":"https:\/\/www.egemtv.com\/index.php?rest_route=%2Fwp%2Fv2%2Fcomments&post=73801"}],"version-history":[{"count":1,"href":"https:\/\/www.egemtv.com\/index.php?rest_route=\/wp\/v2\/posts\/73801\/revisions"}],"predecessor-version":[{"id":73803,"href":"https:\/\/www.egemtv.com\/index.php?rest_route=\/wp\/v2\/posts\/73801\/revisions\/73803"}],"wp:featuredmedia":[{"embeddable":true,"href":"https:\/\/www.egemtv.com\/index.php?rest_route=\/wp\/v2\/media\/73802"}],"wp:attachment":[{"href":"https:\/\/www.egemtv.com\/index.php?rest_route=%2Fwp%2Fv2%2Fmedia&parent=73801"}],"wp:term":[{"taxonomy":"category","embeddable":true,"href":"https:\/\/www.egemtv.com\/index.php?rest_route=%2Fwp%2Fv2%2Fcategories&post=73801"},{"taxonomy":"post_tag","embeddable":true,"href":"https:\/\/www.egemtv.com\/index.php?rest_route=%2Fwp%2Fv2%2Ftags&post=73801"}],"curies":[{"name":"wp","href":"https:\/\/api.w.org\/{rel}","templated":true}]}}