{"id":73795,"date":"2025-12-12T16:55:33","date_gmt":"2025-12-12T13:55:33","guid":{"rendered":"https:\/\/www.egemtv.com\/?p=73795"},"modified":"2025-12-12T16:55:34","modified_gmt":"2025-12-12T13:55:34","slug":"nazilli-belediyesi-fen-isleri-mudurlugunden-keskek-hayri","status":"publish","type":"post","link":"https:\/\/www.egemtv.com\/?p=73795","title":{"rendered":"Nazilli Belediyesi Fen \u0130\u015fleri M\u00fcd\u00fcrl\u00fc\u011f\u00fc\u2019nden ke\u015fkek hayr\u0131"},"content":{"rendered":"<p>Nazilli Belediyesi Fen \u0130\u015fleri M\u00fcd\u00fcrl\u00fc\u011f\u00fc taraf\u0131ndan Bozdo\u011fan yolu \u00fczerindeki \u015fantiyede geni\u015f kat\u0131l\u0131ml\u0131 bir ke\u015fkek hayr\u0131 ger\u00e7ekle\u015ftirdi.<\/p>\n<p>Nazilli Belediye Ba\u015fkan\u0131 Opr. Dr. Ertu\u011frul Tetik\u2019in katk\u0131lar\u0131, Fen \u0130\u015fleri M\u00fcd\u00fcr\u00fc Necmi S\u00fcld\u00fcr ve m\u00fcd\u00fcrl\u00fck \u00e7al\u0131\u015fanlar\u0131n\u0131n imece usul\u00fc kendi aralar\u0131nda toplad\u0131\u011f\u0131 parayla, Bozdo\u011fan yolu \u00fczerindeki \u00e7al\u0131\u015fma alan\u0131nda yakla\u015f\u0131k iki y\u0131ld\u0131r i\u015f kazas\u0131n\u0131n meydana gelmemesi dolay\u0131s\u0131yla ke\u015fkek hayr\u0131 d\u00fczenledi. Nazilli Belediye Ba\u015fkan\u0131 Ertu\u011frul Tetik\u2019in destek verdi\u011fi etkinlikte, Fen \u0130\u015fleri personelinin de katk\u0131lar\u0131yla haz\u0131rlanan ke\u015fkekten herkes tatt\u0131.<\/p>\n<p>Hayra, Ba\u015fkan Ertu\u011frul Tetik\u2019in yan\u0131 s\u0131ra Belediye Ba\u015fkan Yard\u0131mc\u0131lar\u0131 Kadir Mutlu ve Selahattin Y\u0131lmaz, Belediye Meclis Ba\u015fkan Vekili Serkan Sevim, belediye meclis \u00fcyeleri, mahalle muhtarlar\u0131 ve \u00e7ok say\u0131da vatanda\u015f kat\u0131ld\u0131. Yakla\u015f\u0131k 5 bin ki\u015finin bir araya geldi\u011fi etkinlikte, i\u015f kazalar\u0131n\u0131n ya\u015fanmamas\u0131 i\u00e7in dualar edildi. Ke\u015fkek, tur\u015fu ve helvadan olu\u015fan yakla\u015f\u0131k 4 bin ki\u015filik hay\u0131r yeme\u011fi \u00e7al\u0131\u015fanlar\u0131n servisi ile konuklara ikram edildi.<\/p>\n<p>Fen \u0130\u015fleri \u00e7al\u0131\u015fanlar\u0131, desteklerinden dolay\u0131 Ba\u015fkan Tetik ba\u015fta olmak \u00fczere hayra kat\u0131lan t\u00fcm misafirlere te\u015fekk\u00fcr ederek i\u015f g\u00fcvenli\u011fine verdikleri \u00f6nemin s\u00fcrece\u011fini vurgulad\u0131.<br \/><\/p>\n","protected":false},"excerpt":{"rendered":"<p>Nazilli Belediyesi Fen \u0130\u015fleri M\u00fcd\u00fcrl\u00fc\u011f\u00fc taraf\u0131ndan Bozdo\u011fan yolu \u00fczerindeki \u015fantiyede geni\u015f kat\u0131l\u0131ml\u0131 bir ke\u015fkek hayr\u0131 ger\u00e7ekle\u015ftirdi. Nazilli Belediye Ba\u015fkan\u0131 Opr. Dr. Ertu\u011frul Tetik\u2019in katk\u0131lar\u0131, Fen \u0130\u015fleri M\u00fcd\u00fcr\u00fc Necmi S\u00fcld\u00fcr ve m\u00fcd\u00fcrl\u00fck \u00e7al\u0131\u015fanlar\u0131n\u0131n imece usul\u00fc kendi aralar\u0131nda toplad\u0131\u011f\u0131 parayla, Bozdo\u011fan yolu \u00fczerindeki \u00e7al\u0131\u015fma alan\u0131nda yakla\u015f\u0131k iki y\u0131ld\u0131r i\u015f kazas\u0131n\u0131n meydana gelmemesi dolay\u0131s\u0131yla ke\u015fkek hayr\u0131 d\u00fczenledi. Nazilli&#8230;<\/p>\n","protected":false},"author":1,"featured_media":73796,"comment_status":"open","ping_status":"open","sticky":false,"template":"","format":"standard","meta":{"_crdt_document":"","footnotes":""},"categories":[1],"tags":[],"class_list":["post-73795","post","type-post","status-publish","format-standard","has-post-thumbnail","hentry","category-guncel"],"_links":{"self":[{"href":"https:\/\/www.egemtv.com\/index.php?rest_route=\/wp\/v2\/posts\/73795","targetHints":{"allow":["GET"]}}],"collection":[{"href":"https:\/\/www.egemtv.com\/index.php?rest_route=\/wp\/v2\/posts"}],"about":[{"href":"https:\/\/www.egemtv.com\/index.php?rest_route=\/wp\/v2\/types\/post"}],"author":[{"embeddable":true,"href":"https:\/\/www.egemtv.com\/index.php?rest_route=\/wp\/v2\/users\/1"}],"replies":[{"embeddable":true,"href":"https:\/\/www.egemtv.com\/index.php?rest_route=%2Fwp%2Fv2%2Fcomments&post=73795"}],"version-history":[{"count":1,"href":"https:\/\/www.egemtv.com\/index.php?rest_route=\/wp\/v2\/posts\/73795\/revisions"}],"predecessor-version":[{"id":73797,"href":"https:\/\/www.egemtv.com\/index.php?rest_route=\/wp\/v2\/posts\/73795\/revisions\/73797"}],"wp:featuredmedia":[{"embeddable":true,"href":"https:\/\/www.egemtv.com\/index.php?rest_route=\/wp\/v2\/media\/73796"}],"wp:attachment":[{"href":"https:\/\/www.egemtv.com\/index.php?rest_route=%2Fwp%2Fv2%2Fmedia&parent=73795"}],"wp:term":[{"taxonomy":"category","embeddable":true,"href":"https:\/\/www.egemtv.com\/index.php?rest_route=%2Fwp%2Fv2%2Fcategories&post=73795"},{"taxonomy":"post_tag","embeddable":true,"href":"https:\/\/www.egemtv.com\/index.php?rest_route=%2Fwp%2Fv2%2Ftags&post=73795"}],"curies":[{"name":"wp","href":"https:\/\/api.w.org\/{rel}","templated":true}]}}