{"id":73792,"date":"2025-12-12T16:14:46","date_gmt":"2025-12-12T13:14:46","guid":{"rendered":"https:\/\/www.egemtv.com\/?p=73792"},"modified":"2025-12-12T16:14:47","modified_gmt":"2025-12-12T13:14:47","slug":"nazillide-anaokulu-ogrencileri-yerli-mali-haftasini-kutladi","status":"publish","type":"post","link":"https:\/\/www.egemtv.com\/?p=73792","title":{"rendered":"Nazilli\u2019de anaokulu \u00f6\u011frencileri yerli mal\u0131 haftas\u0131n\u0131 kutlad\u0131"},"content":{"rendered":"<p>Ayd\u0131n\u2019\u0131n Nazilli il\u00e7esinde yerli mal\u0131 haftas\u0131 kutlama etkinlikleri kapsam\u0131nda Nazilli Z\u00fcbeyde Han\u0131m Anaokulu\u2019nda yerli mal\u0131n\u0131n \u00f6nemine vurgu yapmak i\u00e7in Tutum, Yat\u0131r\u0131m ve Yerli Mal\u0131 Haftas\u0131 etkinli\u011fi d\u00fczenlendi. Etkinlikte y\u00f6rede yeti\u015fen yerli mallar\u0131 ve el eme\u011fi \u00fcr\u00fcnler sergilendi.<\/p>\n<p>Nazilli\u2019de Tutum, Yat\u0131r\u0131m ve Yerli Mal\u0131 Haftas\u0131 kapsam\u0131nda etkinlikler ara vermeden devam ediyor. Son olarak Nazilli Z\u00fcbeyde Han\u0131m Anaokulu\u2019nda \u2018Ye\u015fil Vatan\u2019 projesi kapsam\u0131nda Tutum, Yat\u0131r\u0131m ve Yerli Mal\u0131 Haftas\u0131 program\u0131 ger\u00e7ekle\u015ftirildi. Okul M\u00fcd\u00fcr\u00fc Hatice K\u0131vrak\u2019\u0131n ev sahipli\u011findeki etkinli\u011fe Nazilli Kaymakam\u0131 Huriye K\u00fcpeli Kan, \u0130l\u00e7e Jandarma Komutan\u0131 Y\u00fczba\u015f\u0131 Ahmet Refik \u00d6zsoy, \u0130l\u00e7e Milli E\u011fitim M\u00fcd\u00fcr\u00fc \u0130smail \u015eim\u015fek, \u0130l\u00e7e Gen\u00e7lik ve Spor M\u00fcd\u00fcr\u00fc G\u00fcven Eker, \u0130l\u00e7e Milli E\u011fitim M\u00fcd\u00fcrl\u00fc\u011f\u00fc \u00d6zel Kalem M\u00fcd\u00fcr\u00fc Ali Karacao\u011flu, okul aile birli\u011fi \u00fcyeleri, veliler ve \u00f6\u011frenciler kat\u0131ld\u0131.<\/p>\n<p>Okul etkinlik alan\u0131nda yap\u0131lan yerli mal\u0131 sergisi Kaymakam Kan ve beraberindekilerin b\u00fcy\u00fck ilgisini \u00e7ekti. Sergide sebze ve meyvelerin d\u0131\u015f\u0131nda el eme\u011fi g\u00f6z nuru e\u015fyalar da sergilenirken, Protokol \u00fcyelerine \u00fcr\u00fcnler hakk\u0131nda bilgiler verildi. \u00d6\u011frencilere ayr\u0131ca yerli mal\u0131n\u0131n \u00f6nemini anlatan Hacivat-Karag\u00f6z oyunu da sergilendi. Minik \u00f6\u011frencilerin b\u00fcy\u00fck heyecan ya\u015fad\u0131\u011f\u0131 etkinlikte okul m\u00fcd\u00fcr\u00fc Hatice K\u0131vrak yapt\u0131\u011f\u0131 konu\u015fmada etkinlik hakk\u0131nda kat\u0131l\u0131mc\u0131lara bilgiler verdi. Ayr\u0131ca K\u0131vrak kat\u0131l\u0131m g\u00f6steren ba\u015fta Kaymakam Huriye K\u00fcpeli Kan ve beraberindekilere te\u015fekk\u00fcr etti.<\/p>\n<p>&#8220;\u00c7ocuklar\u0131m\u0131z\u0131n sa\u011fl\u0131kl\u0131 beslenmelerini istiyoruz&#8221;<br \/>\n<br \/>Yerli Mal\u0131n\u0131n \u00f6nemine vurgu yapan Kaymakam Kan, eme\u011fi ge\u00e7enlere te\u015fekk\u00fcr etti. Kaymakam Kan konu\u015fmas\u0131nda, &#8220;Okulumuz \u00e7ok g\u00fczel bir haz\u0131rl\u0131k yapm\u0131\u015flar. G\u00f6rd\u00fck ki \u00e7ok e\u011fleniyorlar. \u00c7ocuklar\u0131m\u0131z tamamen annelerinin yapt\u0131\u011f\u0131 \u00fcr\u00fcnlerle besleniyor. Biliyorsunuz \u00e7ocuklar\u0131m\u0131z\u0131n paketli \u00fcr\u00fcnlerden uzak durmalar\u0131n\u0131 istiyoruz. \u00d6zellikle k\u00fc\u00e7\u00fck ya\u015ftaki \u00e7ocuklar\u0131m\u0131z\u0131n sa\u011fl\u0131kl\u0131 beslenmelerini istiyoruz. Onun i\u00e7in Nazilli\u2019mizde yeti\u015fen do\u011fal \u00fcr\u00fcnlerle beslensinler. Bu program\u0131 d\u00fczenledikleri i\u00e7in milli e\u011fitim camiam\u0131za, \u00e7ocuklar\u0131m\u0131za do\u011fal \u00fcr\u00fcnleri, sa\u011fl\u0131kl\u0131 beslenmeyi \u00f6\u011frettikleri i\u00e7in te\u015fekk\u00fcr ediyorum. Bir te\u015fekk\u00fcrde velilerimize \u00e7\u00fcnk\u00fc bu okul ve veli i\u015fbirli\u011fiyle haz\u0131rlanm\u0131\u015f bir programd\u0131. \u00c7ok keyifli ve g\u00fczeldi&#8221; dedi.<br \/><\/p>\n","protected":false},"excerpt":{"rendered":"<p>Ayd\u0131n\u2019\u0131n Nazilli il\u00e7esinde yerli mal\u0131 haftas\u0131 kutlama etkinlikleri kapsam\u0131nda Nazilli Z\u00fcbeyde Han\u0131m Anaokulu\u2019nda yerli mal\u0131n\u0131n \u00f6nemine vurgu yapmak i\u00e7in Tutum, Yat\u0131r\u0131m ve Yerli Mal\u0131 Haftas\u0131 etkinli\u011fi d\u00fczenlendi. Etkinlikte y\u00f6rede yeti\u015fen yerli mallar\u0131 ve el eme\u011fi \u00fcr\u00fcnler sergilendi. Nazilli\u2019de Tutum, Yat\u0131r\u0131m ve Yerli Mal\u0131 Haftas\u0131 kapsam\u0131nda etkinlikler ara vermeden devam ediyor. Son olarak Nazilli Z\u00fcbeyde Han\u0131m&#8230;<\/p>\n","protected":false},"author":1,"featured_media":73793,"comment_status":"open","ping_status":"open","sticky":false,"template":"","format":"standard","meta":{"_crdt_document":"","footnotes":""},"categories":[1],"tags":[],"class_list":["post-73792","post","type-post","status-publish","format-standard","has-post-thumbnail","hentry","category-guncel"],"_links":{"self":[{"href":"https:\/\/www.egemtv.com\/index.php?rest_route=\/wp\/v2\/posts\/73792","targetHints":{"allow":["GET"]}}],"collection":[{"href":"https:\/\/www.egemtv.com\/index.php?rest_route=\/wp\/v2\/posts"}],"about":[{"href":"https:\/\/www.egemtv.com\/index.php?rest_route=\/wp\/v2\/types\/post"}],"author":[{"embeddable":true,"href":"https:\/\/www.egemtv.com\/index.php?rest_route=\/wp\/v2\/users\/1"}],"replies":[{"embeddable":true,"href":"https:\/\/www.egemtv.com\/index.php?rest_route=%2Fwp%2Fv2%2Fcomments&post=73792"}],"version-history":[{"count":1,"href":"https:\/\/www.egemtv.com\/index.php?rest_route=\/wp\/v2\/posts\/73792\/revisions"}],"predecessor-version":[{"id":73794,"href":"https:\/\/www.egemtv.com\/index.php?rest_route=\/wp\/v2\/posts\/73792\/revisions\/73794"}],"wp:featuredmedia":[{"embeddable":true,"href":"https:\/\/www.egemtv.com\/index.php?rest_route=\/wp\/v2\/media\/73793"}],"wp:attachment":[{"href":"https:\/\/www.egemtv.com\/index.php?rest_route=%2Fwp%2Fv2%2Fmedia&parent=73792"}],"wp:term":[{"taxonomy":"category","embeddable":true,"href":"https:\/\/www.egemtv.com\/index.php?rest_route=%2Fwp%2Fv2%2Fcategories&post=73792"},{"taxonomy":"post_tag","embeddable":true,"href":"https:\/\/www.egemtv.com\/index.php?rest_route=%2Fwp%2Fv2%2Ftags&post=73792"}],"curies":[{"name":"wp","href":"https:\/\/api.w.org\/{rel}","templated":true}]}}