{"id":73789,"date":"2025-12-12T16:14:45","date_gmt":"2025-12-12T13:14:45","guid":{"rendered":"https:\/\/www.egemtv.com\/?p=73789"},"modified":"2025-12-12T16:14:46","modified_gmt":"2025-12-12T13:14:46","slug":"akyaka-kadin-azmaginda-dogal-dokuyu-koruyan-calisma-tamamlandi","status":"publish","type":"post","link":"https:\/\/www.egemtv.com\/?p=73789","title":{"rendered":"Akyaka Kad\u0131n Azma\u011f\u0131nda do\u011fal dokuyu koruyan \u00e7al\u0131\u015fma tamamland\u0131"},"content":{"rendered":"<p>Mu\u011fla B\u00fcy\u00fck\u015fehir Belediyesi, Ula\u2019n\u0131n Akyaka Mahallesinde yer alan do\u011fal sit niteli\u011findeki Kad\u0131n Azma\u011f\u0131\u2019n\u0131 korumak ve alandaki yo\u011fun kullan\u0131m\u0131n ekosisteme zarar vermesini \u00f6nlemek amac\u0131yla kompozit korkuluk imalat\u0131n\u0131 tamamlad\u0131.<br \/>\n<br \/>T\u00fcrkiye\u2019nin ve d\u00fcnyan\u0131n say\u0131l\u0131 turizm destinasyonlar\u0131 aras\u0131nda yer alan Akyaka\u2019da, \u00f6zellikle yaz aylar\u0131nda milyonlarca ziyaret\u00e7inin ilgi g\u00f6sterdi\u011fi azmak \u00e7evresinde koruma ama\u00e7l\u0131 yap\u0131lan d\u00fczenleme, Ula Belediyesi\u2019nin talebi ve \u00c7evre, \u015eehircilik ve \u0130klim De\u011fi\u015fikli\u011fi \u0130l M\u00fcd\u00fcrl\u00fc\u011f\u00fc\u2019n\u00fcn uygun g\u00f6r\u00fc\u015f\u00fc do\u011frultusunda hayata ge\u00e7irildi.<br \/>\n<br \/>B\u00fcy\u00fck\u015fehir Belediyesi, 1 milyon 739 bin TL yat\u0131r\u0131m ile 240 metre uzunlu\u011funda, \u00e7evreyle uyumlu ve dayan\u0131kl\u0131 ah\u015fap kompozit korkuluk imalat\u0131n\u0131 ger\u00e7ekle\u015ftirerek nehir k\u0131y\u0131s\u0131nda g\u00fcvenli ve kontroll\u00fc bir kullan\u0131m alan\u0131 olu\u015fturdu.<br \/>\n<br \/>Mu\u011fla B\u00fcy\u00fck\u015fehir Belediyesi Et\u00fct ve Projeler Dairesi Ba\u015fkanl\u0131\u011f\u0131 Yap\u0131 ve Kontrol \u0130\u015fleri \u015eube M\u00fcd\u00fcrl\u00fc\u011f\u00fcnde \u0130n\u015faat M\u00fchendisi olarak g\u00f6rev yapan Fahrettin Boyac\u0131, Akyaka Kad\u0131n Azma\u011f\u0131 \u00e7evresinde y\u00fcr\u00fct\u00fclen koruma \u00e7al\u0131\u015fmalar hakk\u0131nda bilgi verdi.<br \/>\n<br \/>Boyac\u0131, projenin amac\u0131n\u0131n do\u011fal dengeyi korumak oldu\u011funu belirterek \u015funlar\u0131 s\u00f6yledi: &#8220;B\u00f6lgenin do\u011fal yap\u0131s\u0131n\u0131 korumak i\u00e7in imalat s\u00fcrecinde beton d\u00f6k\u00fcm\u00fc yap\u0131lmad\u0131\u011f\u0131n\u0131, bunun yerine y\u00fcksek dayan\u0131ml\u0131 taban elemanlar\u0131n\u0131n tercih edildi\u011fini ifade eden Boyac\u0131, ah\u015fap kompozit malzemenin i\u00e7erisine yerle\u015ftirilen kutu profil destekleri sayesinde yap\u0131n\u0131n uzun \u00f6m\u00fcrl\u00fc ve mukavemetli bir yap\u0131ya kavu\u015fturuldu\u011funu s\u00f6yledi. Ayr\u0131ca kullan\u0131lan kendir halat detaylar\u0131n\u0131n, \u00e7evreyle uyumlu ve estetik bir g\u00f6r\u00fcn\u00fcm sa\u011flad\u0131\u011f\u0131n\u0131 a\u00e7\u0131klad\u0131.<br \/>\n<br \/>Ba\u015fkan Aras: &#8220;Do\u011fal g\u00fczelliklerimizi korumak en \u00f6ncelikli g\u00f6revimiz&#8221;<br \/>\n<br \/>K\u0131y\u0131 Ege Belediyeler Birli\u011fi ve Mu\u011fla B\u00fcy\u00fck\u015fehir Belediye Ba\u015fkan\u0131 Ahmet Aras do\u011fal g\u00fczellikleri, tarihi dokusu ile Sakin \u015eehir Akyaka\u2019n\u0131n Mu\u011fla\u2019n\u0131n en k\u0131ymetli zenginliklerinden biri oldu\u011funu s\u00f6yledi ve bu g\u00fczellikleri proje ve yat\u0131r\u0131mlar\u0131 ile korumaya devam edeceklerini belirtti.<br \/>\n<br \/>Ba\u015fkan Aras; &#8220;Mu\u011fla\u2019m\u0131z\u0131n g\u00fczelliklerinden sadece biri olan, do\u011fal akvaryum g\u00f6r\u00fcn\u00fcm\u00fcyle \u00f6zellikle yaz aylar\u0131nda milyonlarca yerli ve yabanc\u0131 misafirimizi a\u011f\u0131rlad\u0131\u011f\u0131m\u0131z Akyaka Kad\u0131n Azma\u011f\u0131\u2019n\u0131 koruyan bir projeyi k\u0131sa s\u00fcrede tamamlad\u0131k. Yerel y\u00f6netimler olarak bu de\u011ferlerimizi koruyan yat\u0131r\u0131mlar\u0131 hayata ge\u00e7irirken ayn\u0131 zamanda bu g\u00fczelliklerin gelece\u011fe miras oldu\u011funun bilinciyle hareket ediyoruz. Mu\u011fla\u2019m\u0131z 13 il\u00e7esindeki g\u00fczellikleri ile turizmde s\u00f6z sahibi olmaya devam edecek&#8221; dedi.<br \/><\/p>\n","protected":false},"excerpt":{"rendered":"<p>Mu\u011fla B\u00fcy\u00fck\u015fehir Belediyesi, Ula\u2019n\u0131n Akyaka Mahallesinde yer alan do\u011fal sit niteli\u011findeki Kad\u0131n Azma\u011f\u0131\u2019n\u0131 korumak ve alandaki yo\u011fun kullan\u0131m\u0131n ekosisteme zarar vermesini \u00f6nlemek amac\u0131yla kompozit korkuluk imalat\u0131n\u0131 tamamlad\u0131. T\u00fcrkiye\u2019nin ve d\u00fcnyan\u0131n say\u0131l\u0131 turizm destinasyonlar\u0131 aras\u0131nda yer alan Akyaka\u2019da, \u00f6zellikle yaz aylar\u0131nda milyonlarca ziyaret\u00e7inin ilgi g\u00f6sterdi\u011fi azmak \u00e7evresinde koruma ama\u00e7l\u0131 yap\u0131lan d\u00fczenleme, Ula Belediyesi\u2019nin talebi ve \u00c7evre,&#8230;<\/p>\n","protected":false},"author":1,"featured_media":73790,"comment_status":"open","ping_status":"open","sticky":false,"template":"","format":"standard","meta":{"_crdt_document":"","footnotes":""},"categories":[1],"tags":[],"class_list":["post-73789","post","type-post","status-publish","format-standard","has-post-thumbnail","hentry","category-guncel"],"_links":{"self":[{"href":"https:\/\/www.egemtv.com\/index.php?rest_route=\/wp\/v2\/posts\/73789","targetHints":{"allow":["GET"]}}],"collection":[{"href":"https:\/\/www.egemtv.com\/index.php?rest_route=\/wp\/v2\/posts"}],"about":[{"href":"https:\/\/www.egemtv.com\/index.php?rest_route=\/wp\/v2\/types\/post"}],"author":[{"embeddable":true,"href":"https:\/\/www.egemtv.com\/index.php?rest_route=\/wp\/v2\/users\/1"}],"replies":[{"embeddable":true,"href":"https:\/\/www.egemtv.com\/index.php?rest_route=%2Fwp%2Fv2%2Fcomments&post=73789"}],"version-history":[{"count":1,"href":"https:\/\/www.egemtv.com\/index.php?rest_route=\/wp\/v2\/posts\/73789\/revisions"}],"predecessor-version":[{"id":73791,"href":"https:\/\/www.egemtv.com\/index.php?rest_route=\/wp\/v2\/posts\/73789\/revisions\/73791"}],"wp:featuredmedia":[{"embeddable":true,"href":"https:\/\/www.egemtv.com\/index.php?rest_route=\/wp\/v2\/media\/73790"}],"wp:attachment":[{"href":"https:\/\/www.egemtv.com\/index.php?rest_route=%2Fwp%2Fv2%2Fmedia&parent=73789"}],"wp:term":[{"taxonomy":"category","embeddable":true,"href":"https:\/\/www.egemtv.com\/index.php?rest_route=%2Fwp%2Fv2%2Fcategories&post=73789"},{"taxonomy":"post_tag","embeddable":true,"href":"https:\/\/www.egemtv.com\/index.php?rest_route=%2Fwp%2Fv2%2Ftags&post=73789"}],"curies":[{"name":"wp","href":"https:\/\/api.w.org\/{rel}","templated":true}]}}