{"id":73786,"date":"2025-12-12T16:14:44","date_gmt":"2025-12-12T13:14:44","guid":{"rendered":"https:\/\/www.egemtv.com\/?p=73786"},"modified":"2025-12-12T16:14:45","modified_gmt":"2025-12-12T13:14:45","slug":"mugla-buyuksehir-belediye-meclisi-2025te-kararlarin-yuzde-95ini-oy-birligiyle-aldi","status":"publish","type":"post","link":"https:\/\/www.egemtv.com\/?p=73786","title":{"rendered":"Mu\u011fla B\u00fcy\u00fck\u015fehir Belediye Meclisi 2025\u2019te kararlar\u0131n y\u00fczde 95\u2019ini oy birli\u011fiyle ald\u0131"},"content":{"rendered":"<p>Y\u0131l i\u00e7inde 12 ola\u011fan toplant\u0131 ve 1 birle\u015fim olmak \u00fczere toplam 13 kez toplanan Mu\u011fla B\u00fcy\u00fck\u015fehir Belediye Meclisi, 455 karar ald\u0131. Bu kararlar\u0131n 432\u2019si oy birli\u011fiyle kabul edildi. Mu\u011fla B\u00fcy\u00fck\u015fehir Belediye Meclisi, 80 \u00fcyeden olu\u015fuyor. K\u0131y\u0131 Ege Belediyeler Birli\u011fi ve Mu\u011fla B\u00fcy\u00fck\u015fehir Belediye Ba\u015fkan\u0131 Ahmet Aras ba\u015fkanl\u0131\u011f\u0131nda, her ay\u0131n ikinci per\u015fembesi toplanan Mecliste, 13 il\u00e7eden gelen meclis \u00fcyeleri kente ili\u015fkin g\u00fcndem maddelerini g\u00f6r\u00fc\u015ferek karara ba\u011fl\u0131yor. B\u00fcy\u00fck\u015fehir Belediyesi Meclis toplant\u0131lar\u0131, vatanda\u015flar taraf\u0131ndan internet \u00fczerinden canl\u0131 olarak izlenebiliyor.<br \/>\n<br \/>Ba\u015fkan Aras: &#8220;G\u00fc\u00e7l\u00fc ve mutlu bir Mu\u011fla i\u00e7in ortak ak\u0131lla \u00e7al\u0131\u015f\u0131yoruz&#8221;<br \/>\n<br \/>K\u0131y\u0131 Ege Belediyeler Birli\u011fi ve Mu\u011fla B\u00fcy\u00fck\u015fehir Belediye Ba\u015fkan\u0131 Ahmet Aras, Meclisteki karar alma s\u00fcre\u00e7lerinin \u015feffaf, kat\u0131l\u0131mc\u0131 ve uzla\u015fmac\u0131 bir anlay\u0131\u015fla y\u00fcr\u00fct\u00fcld\u00fc\u011f\u00fcn\u00fc belirtti. Ba\u015fkan Aras, a\u00e7\u0131klamas\u0131nda \u015fu ifadelere yer verdi: &#8220;Yerel se\u00e7imlerde hem\u015fehrilerimizden ald\u0131\u011f\u0131m\u0131z yetkiyle, 13 il\u00e7emizden gelen B\u00fcy\u00fck\u015fehir Belediye Meclis \u00fcyelerimizle birlikte Mu\u011fla\u2019m\u0131z i\u00e7in kararlar al\u0131yor, hizmet \u00fcretiyoruz. Kentimizin ihtiya\u00e7lar\u0131n\u0131 \u00f6nem ve aciliyet s\u0131ras\u0131na g\u00f6re de\u011ferlendiriyor; yollardan altyap\u0131ya, tar\u0131mdan k\u00fclt\u00fcr ve sanat yat\u0131r\u0131mlar\u0131na, sosyal hizmetlerden ula\u015f\u0131ma, kre\u015flerden modern at\u0131k tesislerine kadar her alanda \u00e7al\u0131\u015fmalar\u0131m\u0131z\u0131 s\u00fcrd\u00fcr\u00fcyoruz. Bodrum\u2019dan Seydikemer\u2019e kadar 13 il\u00e7emizin tamam\u0131 i\u00e7in g\u00fc\u00e7l\u00fc, ya\u015fanabilir ve mutlu bir Mu\u011fla hedefiyle \u00e7al\u0131\u015fmaya devam edece\u011fiz&#8221;<br \/><\/p>\n","protected":false},"excerpt":{"rendered":"<p>Y\u0131l i\u00e7inde 12 ola\u011fan toplant\u0131 ve 1 birle\u015fim olmak \u00fczere toplam 13 kez toplanan Mu\u011fla B\u00fcy\u00fck\u015fehir Belediye Meclisi, 455 karar ald\u0131. Bu kararlar\u0131n 432\u2019si oy birli\u011fiyle kabul edildi. Mu\u011fla B\u00fcy\u00fck\u015fehir Belediye Meclisi, 80 \u00fcyeden olu\u015fuyor. K\u0131y\u0131 Ege Belediyeler Birli\u011fi ve Mu\u011fla B\u00fcy\u00fck\u015fehir Belediye Ba\u015fkan\u0131 Ahmet Aras ba\u015fkanl\u0131\u011f\u0131nda, her ay\u0131n ikinci per\u015fembesi toplanan Mecliste, 13 il\u00e7eden&#8230;<\/p>\n","protected":false},"author":1,"featured_media":73787,"comment_status":"open","ping_status":"open","sticky":false,"template":"","format":"standard","meta":{"_crdt_document":"","footnotes":""},"categories":[127],"tags":[],"class_list":["post-73786","post","type-post","status-publish","format-standard","has-post-thumbnail","hentry","category-siyaset"],"_links":{"self":[{"href":"https:\/\/www.egemtv.com\/index.php?rest_route=\/wp\/v2\/posts\/73786","targetHints":{"allow":["GET"]}}],"collection":[{"href":"https:\/\/www.egemtv.com\/index.php?rest_route=\/wp\/v2\/posts"}],"about":[{"href":"https:\/\/www.egemtv.com\/index.php?rest_route=\/wp\/v2\/types\/post"}],"author":[{"embeddable":true,"href":"https:\/\/www.egemtv.com\/index.php?rest_route=\/wp\/v2\/users\/1"}],"replies":[{"embeddable":true,"href":"https:\/\/www.egemtv.com\/index.php?rest_route=%2Fwp%2Fv2%2Fcomments&post=73786"}],"version-history":[{"count":1,"href":"https:\/\/www.egemtv.com\/index.php?rest_route=\/wp\/v2\/posts\/73786\/revisions"}],"predecessor-version":[{"id":73788,"href":"https:\/\/www.egemtv.com\/index.php?rest_route=\/wp\/v2\/posts\/73786\/revisions\/73788"}],"wp:featuredmedia":[{"embeddable":true,"href":"https:\/\/www.egemtv.com\/index.php?rest_route=\/wp\/v2\/media\/73787"}],"wp:attachment":[{"href":"https:\/\/www.egemtv.com\/index.php?rest_route=%2Fwp%2Fv2%2Fmedia&parent=73786"}],"wp:term":[{"taxonomy":"category","embeddable":true,"href":"https:\/\/www.egemtv.com\/index.php?rest_route=%2Fwp%2Fv2%2Fcategories&post=73786"},{"taxonomy":"post_tag","embeddable":true,"href":"https:\/\/www.egemtv.com\/index.php?rest_route=%2Fwp%2Fv2%2Ftags&post=73786"}],"curies":[{"name":"wp","href":"https:\/\/api.w.org\/{rel}","templated":true}]}}