{"id":73783,"date":"2025-12-12T16:14:43","date_gmt":"2025-12-12T13:14:43","guid":{"rendered":"https:\/\/www.egemtv.com\/?p=73783"},"modified":"2025-12-12T16:14:44","modified_gmt":"2025-12-12T13:14:44","slug":"ak-partili-saygilidan-tugaya-kredi-yaniti","status":"publish","type":"post","link":"https:\/\/www.egemtv.com\/?p=73783","title":{"rendered":"AK Partili Sayg\u0131l\u0131\u2019dan Tugay\u2019a kredi yan\u0131t\u0131"},"content":{"rendered":"<p>AK Parti \u0130zmir \u0130l Ba\u015fkan\u0131 Bilal Sayg\u0131l\u0131, \u0130zmir B\u00fcy\u00fck\u015fehir Belediye Ba\u015fkan\u0131 Cemil Tugay\u2019\u0131n, h\u00fckmete y\u00f6nelik &#8220;kredilerimiz onaylanm\u0131yor&#8221;  ele\u015ftirisine sert tepki g\u00f6sterdi. Sayg\u0131l\u0131, &#8220;Cemil Bey unutuyor herhalde, temelini att\u0131\u011f\u0131n\u0131z projenin kredisini \u0130zmir\u2019e \u00f6zel sa\u011flayan biziz. Onaylayan biziz. Engelleme diyorsunuz, bu d\u0131\u015f finansman kredi paketinden faydalan 11 il i\u00e7inde, en b\u00fcy\u00fck pay\u0131 sizin talebinizle hi\u00e7bir ayr\u0131m yapmadan \u0130zmir\u2019e verdik. AK Parti \u0130zmir Milletvekillerini ve te\u015fkilatlar\u0131n\u0131 ele\u015ftirmekten \u00e7ekinmiyorsunuz. Bir zahmet SGK ve vergi bor\u00e7lar\u0131n\u0131 \u00f6deyin. Siz de\u011fil misiniz \u2018bu \u015fehre hizmet edenlere te\u015fekk\u00fcr edece\u011fim\u2019 diyen. Te\u015fekk\u00fcr etseydiniz&#8221; dedi<br \/>\n<br \/>AK Parti \u0130zmir \u0130l Ba\u015fkan\u0131 Bilal Sayg\u0131l\u0131, D\u00fcnya Bankas\u0131\u2019ndan al\u0131nan 8,5 milyar TL\u2019lik ya\u011fmur suyu projesi temel atma t\u00f6reninde h\u00fck\u00fcmeti ele\u015ftiren B\u00fcy\u00fck\u015fehir Belediye Ba\u015fkan\u0131 Cemil Tugay\u2019a sert \u00e7\u0131kt\u0131. Sayg\u0131l\u0131, &#8220;D\u00fcnya Bankas\u0131\u2019n\u0131n T\u00fcrkiye\u2019deki illere sundu\u011fu kredi program\u0131na, h\u00fck\u00fcmetimizin \u00f6nc\u00fcl\u00fc\u011f\u00fc, AK Parti \u0130zmir Milletvekillerimizin ve te\u015fkilat\u0131m\u0131z\u0131n giri\u015fimleriyle \u0130zmir\u2019in de dahil edilmesi sayesinde hayata ge\u00e7irilen 3 milyar TL\u2019lik ya\u011fmur suyu ayr\u0131\u015ft\u0131rma hatt\u0131n\u0131n temel atma t\u00f6reninde, \u0130zmir B\u00fcy\u00fck\u015fehir Belediye Ba\u015fkan\u0131 Cemil Tugay\u2019\u0131n h\u00fck\u00fcmetimize y\u00fcklenmesini hayretle izledik.Cemil Bey unutuyor herhalde: Temelini att\u0131\u011f\u0131n\u0131z projenin kredisini \u0130zmir\u2019e \u00f6zel sa\u011flayan biziz. Onaylayan biziz. Engelleme diyorsunuz, bu d\u0131\u015f finansman kredi paketinden faydalan 11 il i\u00e7inde, en b\u00fcy\u00fck pay\u0131 sizin talebinizle hi\u00e7bir ayr\u0131m yapmadan \u0130zmir\u2019e verdik. AK Parti \u0130zmir Milletvekillerini ve te\u015fkilatlar\u0131n\u0131 ele\u015ftirmekten \u00e7ekinmiyorsunuz. Siz de\u011fil misiniz \u2018bu \u015fehre hizmet edenlere te\u015fekk\u00fcr edece\u011fim\u2019 diyen. Te\u015fekk\u00fcr etseydiniz. Bu kredi de \u015fuan 170 milyon Euro yani 8,5 milyar TL. \u015euan temelini att\u0131\u011f\u0131n\u0131z yerdeki kredi 2023\u2019te \u00e7\u0131kt\u0131. 2 y\u0131l boyunca bekleten ise sizsiniz. Her mecliste AK Parti grubumuz bu gecikmenin sebebini sordu. Ama anla\u015f\u0131lan 2 y\u0131l sonra akl\u0131n\u0131za geldi&#8221; dedi.<\/p>\n<p>&#8220;\u0130zmir\u2019e kazand\u0131rd\u0131\u011f\u0131m\u0131z bir kaynak \u00fczerinden h\u00fck\u00fcmete y\u00fcklenmek, buldu\u011funuz en kolay yol olmu\u015f&#8221;<br \/>\n<br \/>\u0130zmir\u2019e sa\u011flanan yeni kredi desteklerini hat\u0131rlatan \u0130l Ba\u015fkan\u0131 Sayg\u0131l\u0131, &#8220;Buna ilaveten yeni iki krediye daha destek verdik.  Ege Mahallesi k\u00f6pr\u00fcl\u00fc kav\u015fa\u011f\u0131 ve yan yollar\u0131 i\u00e7in \u0130ller Bankas\u0131\u2019ndan 38 milyon Euro, yakla\u015f\u0131k 2 milyar TL\u2019lik, 25 y\u0131l vadeli ve \u00c7evre Bakanl\u0131\u011f\u0131 garantili finansman sa\u011fland\u0131. Bunun temel atma t\u00f6reninde de mi h\u00fck\u00fcmetimizi ele\u015ftireceksiniz? 20 milyon Euro, yakla\u015f\u0131k 1 milyar TL\u2019lik itfaiye ara\u00e7 al\u0131m\u0131 i\u00e7in yine devletimizin deste\u011fiyle kredi temin edildi. Bunlar\u0131n teslim t\u00f6reninde de mi AK Parti h\u00fck\u00fcmetine sald\u0131racaks\u0131n\u0131z? Cemil Bey madem konu\u015fuyorsunuz, \u00e7\u0131kmadan \u00f6nce bari b\u00fcrokratlar\u0131n\u0131za bir sorun. Zira \u0130zmir\u2019in bu projeye \u00f6zel olarak eklenmesini \u0130zmir Milletvekillerimiz ve AK Parti \u0130zmir te\u015fkilatlar\u0131 yak\u0131ndan takip edip, destek olduk. Ben de \u0130l Ba\u015fkan\u0131 olarak o kredi s\u00fcrecinin her a\u015famas\u0131nda yak\u0131ndan takip ettim. \u0130zmir\u2019e kazand\u0131rd\u0131\u011f\u0131m\u0131z bir kaynak \u00fczerinden h\u00fck\u00fcmete y\u00fcklenmek, buldu\u011funuz en kolay yol olmu\u015f. Temennimiz odur ki, CHP Belediyecili\u011finin di\u011fer yar\u0131m kalan projeleri gibi bu projeyi de beceriksizlik kervan\u0131na eklemezsiniz. Bu arada bir zahmet SGK ve vergi bor\u00e7lar\u0131n\u0131 \u00f6deyin. Ve son s\u00f6z: Her k\u00fcrs\u00fcye \u00e7\u0131kt\u0131\u011f\u0131n\u0131zda h\u00fck\u00fcmete laf yeti\u015ftirmeyi b\u0131rak\u0131n; Size B\u00fcy\u00fck\u015fehir Belediyesi olarak sa\u011flanan deste\u011fin gere\u011fini yap\u0131n, i\u015finizi yap\u0131n&#8221; diye konu\u015ftu.<br \/><\/p>\n","protected":false},"excerpt":{"rendered":"<p>AK Parti \u0130zmir \u0130l Ba\u015fkan\u0131 Bilal Sayg\u0131l\u0131, \u0130zmir B\u00fcy\u00fck\u015fehir Belediye Ba\u015fkan\u0131 Cemil Tugay\u2019\u0131n, h\u00fckmete y\u00f6nelik &#8220;kredilerimiz onaylanm\u0131yor&#8221; ele\u015ftirisine sert tepki g\u00f6sterdi. Sayg\u0131l\u0131, &#8220;Cemil Bey unutuyor herhalde, temelini att\u0131\u011f\u0131n\u0131z projenin kredisini \u0130zmir\u2019e \u00f6zel sa\u011flayan biziz. Onaylayan biziz. Engelleme diyorsunuz, bu d\u0131\u015f finansman kredi paketinden faydalan 11 il i\u00e7inde, en b\u00fcy\u00fck pay\u0131 sizin talebinizle hi\u00e7bir ayr\u0131m yapmadan&#8230;<\/p>\n","protected":false},"author":1,"featured_media":73784,"comment_status":"open","ping_status":"open","sticky":false,"template":"","format":"standard","meta":{"_crdt_document":"","footnotes":""},"categories":[4],"tags":[],"class_list":["post-73783","post","type-post","status-publish","format-standard","has-post-thumbnail","hentry","category-spor"],"_links":{"self":[{"href":"https:\/\/www.egemtv.com\/index.php?rest_route=\/wp\/v2\/posts\/73783","targetHints":{"allow":["GET"]}}],"collection":[{"href":"https:\/\/www.egemtv.com\/index.php?rest_route=\/wp\/v2\/posts"}],"about":[{"href":"https:\/\/www.egemtv.com\/index.php?rest_route=\/wp\/v2\/types\/post"}],"author":[{"embeddable":true,"href":"https:\/\/www.egemtv.com\/index.php?rest_route=\/wp\/v2\/users\/1"}],"replies":[{"embeddable":true,"href":"https:\/\/www.egemtv.com\/index.php?rest_route=%2Fwp%2Fv2%2Fcomments&post=73783"}],"version-history":[{"count":1,"href":"https:\/\/www.egemtv.com\/index.php?rest_route=\/wp\/v2\/posts\/73783\/revisions"}],"predecessor-version":[{"id":73785,"href":"https:\/\/www.egemtv.com\/index.php?rest_route=\/wp\/v2\/posts\/73783\/revisions\/73785"}],"wp:featuredmedia":[{"embeddable":true,"href":"https:\/\/www.egemtv.com\/index.php?rest_route=\/wp\/v2\/media\/73784"}],"wp:attachment":[{"href":"https:\/\/www.egemtv.com\/index.php?rest_route=%2Fwp%2Fv2%2Fmedia&parent=73783"}],"wp:term":[{"taxonomy":"category","embeddable":true,"href":"https:\/\/www.egemtv.com\/index.php?rest_route=%2Fwp%2Fv2%2Fcategories&post=73783"},{"taxonomy":"post_tag","embeddable":true,"href":"https:\/\/www.egemtv.com\/index.php?rest_route=%2Fwp%2Fv2%2Ftags&post=73783"}],"curies":[{"name":"wp","href":"https:\/\/api.w.org\/{rel}","templated":true}]}}