{"id":73780,"date":"2025-12-12T15:35:41","date_gmt":"2025-12-12T12:35:41","guid":{"rendered":"https:\/\/www.egemtv.com\/?p=73780"},"modified":"2025-12-12T15:35:42","modified_gmt":"2025-12-12T12:35:42","slug":"denizli-fenerbahceliler-derneginde-aday-sayisi-ikiye-cikti","status":"publish","type":"post","link":"https:\/\/www.egemtv.com\/?p=73780","title":{"rendered":"Denizli Fenerbah\u00e7eliler Derne\u011finde aday say\u0131s\u0131 ikiye \u00e7\u0131kt\u0131"},"content":{"rendered":"<p>Denizli Fenerbah\u00e7eliler Derne\u011fi\u2019nde Mart se\u00e7imleri \u00f6ncesi bayrak de\u011fi\u015fimi g\u00fcndeme gelirken, Utku Karata\u015f ba\u015fkan adayl\u0131\u011f\u0131n\u0131 a\u00e7\u0131klayan ikinci isim oldu.<\/p>\n<p>Denizli Fenerbah\u00e7eliler Derne\u011fi\u2019nde Mart ay\u0131nda yap\u0131lacak se\u00e7imler \u00f6ncesi hareketlilik h\u0131z kazand\u0131. Derne\u011fin mevcut ba\u015fkan\u0131 Erhan Balaman\u2019\u0131n g\u00f6rev s\u00fcresinin sonuna yakla\u015f\u0131lmas\u0131yla birlikte, uzun s\u00fcredir konu\u015fulan isim Utku Karata\u015f, ba\u015fkan adayl\u0131\u011f\u0131n\u0131 resmen a\u00e7\u0131klad\u0131.<\/p>\n<p>Adayl\u0131\u011f\u0131n\u0131 duyururken dernek \u00fcyelerine seslenen Utku Karata\u015f, yeni d\u00f6nemde daha aktif, daha birlik\u00e7i ve daha g\u00fc\u00e7l\u00fc bir dernek yap\u0131s\u0131 hedefledi\u011fini belirtti. Karata\u015f, &#8220;Denizli\u2019de Fenerbah\u00e7e sevgisini daha geni\u015f kitlelere yaymak, etkinliklerimizi art\u0131rmak ve derne\u011fimizi daha g\u00f6r\u00fcn\u00fcr hale getirmek i\u00e7in yola \u00e7\u0131k\u0131yorum&#8221; dedi.<\/p>\n<p>Mevcut ba\u015fkan Erhan Balaman ise Mart ay\u0131nda ger\u00e7ekle\u015fecek se\u00e7imlerin dernek i\u00e7in bir bayrak de\u011fi\u015fimi niteli\u011fi ta\u015f\u0131d\u0131\u011f\u0131n\u0131 belirterek, s\u00fcrecin hay\u0131rl\u0131 olmas\u0131n\u0131 diledi. Mart se\u00e7imleriyle birlikte Denizli Fenerbah\u00e7eliler Derne\u011fi\u2019nde yeni y\u00f6netim belli olacak ve dernek yeni bir d\u00f6neme ad\u0131m atacak.<br \/><\/p>\n","protected":false},"excerpt":{"rendered":"<p>Denizli Fenerbah\u00e7eliler Derne\u011fi\u2019nde Mart se\u00e7imleri \u00f6ncesi bayrak de\u011fi\u015fimi g\u00fcndeme gelirken, Utku Karata\u015f ba\u015fkan adayl\u0131\u011f\u0131n\u0131 a\u00e7\u0131klayan ikinci isim oldu. Denizli Fenerbah\u00e7eliler Derne\u011fi\u2019nde Mart ay\u0131nda yap\u0131lacak se\u00e7imler \u00f6ncesi hareketlilik h\u0131z kazand\u0131. Derne\u011fin mevcut ba\u015fkan\u0131 Erhan Balaman\u2019\u0131n g\u00f6rev s\u00fcresinin sonuna yakla\u015f\u0131lmas\u0131yla birlikte, uzun s\u00fcredir konu\u015fulan isim Utku Karata\u015f, ba\u015fkan adayl\u0131\u011f\u0131n\u0131 resmen a\u00e7\u0131klad\u0131. Adayl\u0131\u011f\u0131n\u0131 duyururken dernek \u00fcyelerine seslenen Utku&#8230;<\/p>\n","protected":false},"author":1,"featured_media":73781,"comment_status":"open","ping_status":"open","sticky":false,"template":"","format":"standard","meta":{"_crdt_document":"","footnotes":""},"categories":[4],"tags":[],"class_list":["post-73780","post","type-post","status-publish","format-standard","has-post-thumbnail","hentry","category-spor"],"_links":{"self":[{"href":"https:\/\/www.egemtv.com\/index.php?rest_route=\/wp\/v2\/posts\/73780","targetHints":{"allow":["GET"]}}],"collection":[{"href":"https:\/\/www.egemtv.com\/index.php?rest_route=\/wp\/v2\/posts"}],"about":[{"href":"https:\/\/www.egemtv.com\/index.php?rest_route=\/wp\/v2\/types\/post"}],"author":[{"embeddable":true,"href":"https:\/\/www.egemtv.com\/index.php?rest_route=\/wp\/v2\/users\/1"}],"replies":[{"embeddable":true,"href":"https:\/\/www.egemtv.com\/index.php?rest_route=%2Fwp%2Fv2%2Fcomments&post=73780"}],"version-history":[{"count":1,"href":"https:\/\/www.egemtv.com\/index.php?rest_route=\/wp\/v2\/posts\/73780\/revisions"}],"predecessor-version":[{"id":73782,"href":"https:\/\/www.egemtv.com\/index.php?rest_route=\/wp\/v2\/posts\/73780\/revisions\/73782"}],"wp:featuredmedia":[{"embeddable":true,"href":"https:\/\/www.egemtv.com\/index.php?rest_route=\/wp\/v2\/media\/73781"}],"wp:attachment":[{"href":"https:\/\/www.egemtv.com\/index.php?rest_route=%2Fwp%2Fv2%2Fmedia&parent=73780"}],"wp:term":[{"taxonomy":"category","embeddable":true,"href":"https:\/\/www.egemtv.com\/index.php?rest_route=%2Fwp%2Fv2%2Fcategories&post=73780"},{"taxonomy":"post_tag","embeddable":true,"href":"https:\/\/www.egemtv.com\/index.php?rest_route=%2Fwp%2Fv2%2Ftags&post=73780"}],"curies":[{"name":"wp","href":"https:\/\/api.w.org\/{rel}","templated":true}]}}