{"id":7378,"date":"2025-01-13T09:48:08","date_gmt":"2025-01-13T06:48:08","guid":{"rendered":"https:\/\/www.egemtv.com\/?p=7378"},"modified":"2025-01-13T09:48:09","modified_gmt":"2025-01-13T06:48:09","slug":"tavasta-cenaze-yemegi-ve-dugun-okusu-adedi-kaldirildi","status":"publish","type":"post","link":"https:\/\/www.egemtv.com\/?p=7378","title":{"rendered":"Tavas\u2019ta cenaze yeme\u011fi ve d\u00fc\u011f\u00fcn okusu adedi kald\u0131r\u0131ld\u0131"},"content":{"rendered":"<p>Tavas Kaymakam\u0131 \u0130smail Demir ve Tavas Belediye Ba\u015fkan\u0131 Kadir Tat\u0131k yapt\u0131klar\u0131 toplant\u0131da il\u00e7e merkezinde cenaze evlerinde cenaze sahiplerinin pide yapt\u0131r\u0131p da\u011f\u0131tmas\u0131n\u0131 ve d\u00fc\u011f\u00fcnc\u00fclerin oku vermesini tavsiye karar\u0131 ile kald\u0131r\u0131ld\u0131\u011f\u0131 a\u00e7\u0131kland\u0131.<\/p>\n<p>Uzun y\u0131llard\u0131r Tavas il\u00e7esi ve mahallelerinde gelenek olarak s\u00fcrd\u00fcr\u00fclen cenaze sahiplerinin pide yapt\u0131rmas\u0131 gelene\u011fi ile d\u00fc\u011f\u00fcn sahiplerinin okuluk da\u011f\u0131tmas\u0131 tavsiye karar\u0131 ile uygulamadan kald\u0131r\u0131ld\u0131. Al\u0131nan karar ile ilgili a\u00e7\u0131klama yapan Tavas Belediye Ba\u015fkan\u0131 Kadir Tat\u0131k, \u201cY\u0131llard\u0131r il\u00e7emizde cenaze evlerinde pide yapt\u0131r\u0131l\u0131p gelenlere ikram edilmesi gelene\u011fi s\u00fcrd\u00fcr\u00fcl\u00fcyor. Maalesef halk\u0131m\u0131z en ac\u0131 g\u00fcn\u00fcnde masrafa giriyor ve cenazesinin ac\u0131s\u0131n\u0131 ya\u015famak yerine yemek yapt\u0131rma derdine d\u00fc\u015f\u00fcyor. \u0130\u00e7inde pidecilerimizin de lokantac\u0131lar\u0131m\u0131z\u0131n da oldu\u011fu geni\u015f \u00e7apl\u0131 kent konseyi toplant\u0131s\u0131 yaparak, bu uygulamay\u0131 kald\u0131rma karar\u0131 ald\u0131k. Biz bu uygulamay\u0131 istemiyorduk. Ancak kald\u0131r\u0131lmas\u0131 i\u00e7in Tavas Kent Konseyinde isti\u015fare yaparak, herkesin g\u00f6r\u00fc\u015f\u00fcn\u00fc alarak yapmak istedik. T\u00fcm taraflar\u0131n da onay\u0131yla cenaze evlerinde yemek verilmesinin ve d\u00fc\u011f\u00fcnlerde okuluk da\u011f\u0131lmas\u0131n\u0131n son bulmas\u0131 i\u00e7in il\u00e7emizde tavsiye karar\u0131 ald\u0131k. Hatta kom\u015fular\u0131n evlerinden yemek yap\u0131p, cenaze evine g\u00f6t\u00fcrmesi y\u00f6n\u00fcnde tavsiye karar\u0131 ald\u0131k. Vatanda\u015f\u0131m\u0131z cenazesi oldu\u011funda \u00e7ad\u0131r derdine de d\u00fc\u015f\u00fcyordu. Belediye olarak \u00e7ad\u0131r ald\u0131k. Onlar\u0131 bu dertten de kurtard\u0131k. Karar\u0131n uygulanmas\u0131yla cenaze sahipleri rahat edecek\u201d dedi.<br \/><\/p>\n","protected":false},"excerpt":{"rendered":"<p>Tavas Kaymakam\u0131 \u0130smail Demir ve Tavas Belediye Ba\u015fkan\u0131 Kadir Tat\u0131k yapt\u0131klar\u0131 toplant\u0131da il\u00e7e merkezinde cenaze evlerinde cenaze sahiplerinin pide yapt\u0131r\u0131p da\u011f\u0131tmas\u0131n\u0131 ve d\u00fc\u011f\u00fcnc\u00fclerin oku vermesini tavsiye karar\u0131 ile kald\u0131r\u0131ld\u0131\u011f\u0131 a\u00e7\u0131kland\u0131. Uzun y\u0131llard\u0131r Tavas il\u00e7esi ve mahallelerinde gelenek olarak s\u00fcrd\u00fcr\u00fclen cenaze sahiplerinin pide yapt\u0131rmas\u0131 gelene\u011fi ile d\u00fc\u011f\u00fcn sahiplerinin okuluk da\u011f\u0131tmas\u0131 tavsiye karar\u0131 ile uygulamadan kald\u0131r\u0131ld\u0131. Al\u0131nan&#8230;<\/p>\n","protected":false},"author":1,"featured_media":7379,"comment_status":"open","ping_status":"open","sticky":false,"template":"","format":"standard","meta":{"_crdt_document":"","footnotes":""},"categories":[127],"tags":[],"class_list":["post-7378","post","type-post","status-publish","format-standard","has-post-thumbnail","hentry","category-siyaset"],"_links":{"self":[{"href":"https:\/\/www.egemtv.com\/index.php?rest_route=\/wp\/v2\/posts\/7378","targetHints":{"allow":["GET"]}}],"collection":[{"href":"https:\/\/www.egemtv.com\/index.php?rest_route=\/wp\/v2\/posts"}],"about":[{"href":"https:\/\/www.egemtv.com\/index.php?rest_route=\/wp\/v2\/types\/post"}],"author":[{"embeddable":true,"href":"https:\/\/www.egemtv.com\/index.php?rest_route=\/wp\/v2\/users\/1"}],"replies":[{"embeddable":true,"href":"https:\/\/www.egemtv.com\/index.php?rest_route=%2Fwp%2Fv2%2Fcomments&post=7378"}],"version-history":[{"count":1,"href":"https:\/\/www.egemtv.com\/index.php?rest_route=\/wp\/v2\/posts\/7378\/revisions"}],"predecessor-version":[{"id":7380,"href":"https:\/\/www.egemtv.com\/index.php?rest_route=\/wp\/v2\/posts\/7378\/revisions\/7380"}],"wp:featuredmedia":[{"embeddable":true,"href":"https:\/\/www.egemtv.com\/index.php?rest_route=\/wp\/v2\/media\/7379"}],"wp:attachment":[{"href":"https:\/\/www.egemtv.com\/index.php?rest_route=%2Fwp%2Fv2%2Fmedia&parent=7378"}],"wp:term":[{"taxonomy":"category","embeddable":true,"href":"https:\/\/www.egemtv.com\/index.php?rest_route=%2Fwp%2Fv2%2Fcategories&post=7378"},{"taxonomy":"post_tag","embeddable":true,"href":"https:\/\/www.egemtv.com\/index.php?rest_route=%2Fwp%2Fv2%2Ftags&post=7378"}],"curies":[{"name":"wp","href":"https:\/\/api.w.org\/{rel}","templated":true}]}}