{"id":73777,"date":"2025-12-12T15:35:40","date_gmt":"2025-12-12T12:35:40","guid":{"rendered":"https:\/\/www.egemtv.com\/?p=73777"},"modified":"2025-12-12T15:35:41","modified_gmt":"2025-12-12T12:35:41","slug":"izmir-sahilinde-yesil-istila","status":"publish","type":"post","link":"https:\/\/www.egemtv.com\/?p=73777","title":{"rendered":"\u0130zmir sahilinde \u2019ye\u015fil\u2019 istila"},"content":{"rendered":"<p>\u0130ZM\u0130R (\u0130HA)-\u0130zmir\u2019in Kar\u015f\u0131yaka il\u00e7esi Bostanl\u0131 sahilinde deniz y\u00fczeyi, &#8220;deniz marulu&#8221; olarak bilinen ye\u015fil tabakayla kapland\u0131. Prof. Dr. Do\u011fan Ya\u015far, &#8220;Ge\u00e7en y\u0131l b\u00fcy\u00fck bir plankton patlamas\u0131yla ola\u011fan\u00fcst\u00fc bir bal\u0131k \u00f6l\u00fcm\u00fc ya\u015fad\u0131k. Bug\u00fcn deniz marulunun g\u00f6r\u00fclmesi, k\u00f6rfezin \u00e7ok kirli oldu\u011funun a\u00e7\u0131k bir g\u00f6stergesidir.&#8221; dedi.<br \/>\n<br \/>\u0130zmir K\u00f6rfezi\u2019nin Bostanl\u0131 k\u0131y\u0131lar\u0131nda sabah saatlerinden itibaren deniz y\u00fczeyinde yo\u011funla\u015fan ye\u015fil g\u00f6r\u00fcnt\u00fc dikkat \u00e7ekti. Sahil band\u0131n\u0131n k\u0131y\u0131 kesimlerinde biriken ve deniz marulu olarak adland\u0131r\u0131lan su yosunlar\u0131, denizin rengini de\u011fi\u015ftirirken k\u0131y\u0131ya vuran ve su y\u00fczeyini kaplayan ye\u015fil tabaka, sahil boyunca geni\u015f bir alanda g\u00f6zlemlendi. \u00d6zellikle dalga hareketlerinin az oldu\u011fu s\u0131\u011f b\u00f6lgelerde yo\u011funlu\u011fun artt\u0131\u011f\u0131 g\u00f6r\u00fcld\u00fc. Ayr\u0131ca havan\u0131n g\u00fczel olmas\u0131n\u0131 f\u0131rsat bilerek Bostanl\u0131 sahiline y\u00fcr\u00fcy\u00fc\u015f ve spor yapmaya gelen vatanda\u015flar, denizdeki renk de\u011fi\u015fimini fark etti. \u00d6te yandan deniz y\u00fczeyindeki tabakan\u0131n k\u0131y\u0131 boyunca belirli aral\u0131klarla devam etti\u011fi g\u00f6r\u00fcld\u00fc.<\/p>\n<p>&#8220;Bu mevsimde deniz marulu olmaz&#8221;<br \/>\n<br \/>Deniz marulunun \u00e7o\u011funlukla Ekim ve May\u0131s aylar\u0131nda g\u00f6r\u00fcld\u00fc\u011f\u00fcn\u00fc kaydeden T\u00fcrkiye Bilimler Akademisi (T\u00dcBA) \u00c7evre, Biyo\u00e7e\u015fitlilik ve \u0130klim De\u011fi\u015fikli\u011fi \u00c7al\u0131\u015fma Grubu \u00dcyesi Prof. Dr. Do\u011fan Ya\u015far, &#8220;2007\u2019de \u0130zmir\u2019de bir katliam yapt\u0131lar; derelerin alt\u0131n\u0131 betonlamaya ba\u015flad\u0131lar. \u2018Etmeyin, eylemeyin, k\u00f6rfezi \u00f6ld\u00fcr\u00fcrs\u00fcn\u00fcz, peri\u015fan edersiniz.\u2019 dedik ama dinlemediler. Bug\u00fcn Aral\u0131k\u2019\u0131n 12\u2019si ve art\u0131k k\u0131\u015f mevsimine geldik; bu mevsimde deniz marulu hi\u00e7 olmamas\u0131 gerekirken \u015fu anda deniz marulu var. 2005\u2019ten sonra ar\u0131tmay\u0131 kesince bir anda geri d\u00f6n\u00fc\u015f ba\u015flad\u0131; bir y\u0131l sonra \u0130zmir\u2019de koku ortaya \u00e7\u0131kt\u0131. 2012\u2019lerden sonra ise deniz marulu yava\u015f yava\u015f patlamaya ba\u015flad\u0131. \u00d6nceleri yaln\u0131zca May\u0131s ve Ekim aylar\u0131nda g\u00f6r\u00fcl\u00fcrken zamanla aylar boyunca s\u00fcrer hale geldi. Bu durum, denizin yeniden doygunlu\u011fa eri\u015fmeye ba\u015flad\u0131\u011f\u0131n\u0131n g\u00f6stergesiydi. Ge\u00e7en y\u0131l b\u00fcy\u00fck bir plankton patlamas\u0131yla ola\u011fan\u00fcst\u00fc bir bal\u0131k \u00f6l\u00fcm\u00fc ya\u015fad\u0131k. Bug\u00fcn Aral\u0131k\u2019\u0131n 12\u2019sinde deniz marulunun g\u00f6r\u00fclmesi, k\u00f6rfezin \u00e7ok kirli oldu\u011funun a\u00e7\u0131k bir g\u00f6stergesidir.&#8221; ifadelerini kulland\u0131.<\/p>\n<p>&#8220;Kirlili\u011fin nedeni ar\u0131t\u0131lmam\u0131\u015f su&#8221;<br \/>\n<br \/>K\u00f6rfezdeki as\u0131l kirlili\u011fin nedenin fabrikalardan gelen ar\u0131t\u0131lmam\u0131\u015f su oldu\u011funu belirten Ya\u015far, &#8220;\u0130zmir B\u00fcy\u00fck\u015fehir Belediyesi yetkilileri, eski \u0130zmir B\u00fcy\u00fck\u015fehir Belediye Ba\u015fkan\u0131 Ahmet Pri\u015ftina d\u00f6neminden sonra jeoloji m\u00fchendislerine ve do\u011fa bilimcilerine hi\u00e7bir \u015fekilde yer vermedi. As\u0131l kirlili\u011fin nedeni ise \u00f6zellikle Bornova il\u00e7esinin arkalar\u0131ndan gelen derelerden ta\u015f\u0131nan a\u011f\u0131r kirliliktir. Fabrikalar ar\u0131tma yapm\u0131yor. Bu nedenle fabrikalar ar\u0131tmalar\u0131n\u0131 \u00e7al\u0131\u015ft\u0131rmal\u0131 gerekirse enerjileri s\u00fcbvanse edilmeli, bakanl\u0131kla g\u00f6r\u00fc\u015f\u00fclerek \u00e7\u00f6z\u00fcm bulunmal\u0131; hatta gerekti\u011finde derelerin \u00fczerine k\u00fc\u00e7\u00fck ar\u0131tmalar bile yap\u0131labilir. \u00d6nemli olan, denize p\u0131r\u0131l p\u0131r\u0131l suyun ula\u015fmas\u0131d\u0131r. \u00c7\u00fcnk\u00fc g\u00f6rd\u00fc\u011f\u00fcn\u00fcz bu i\u00e7 k\u00f6rfez, t\u00fcm Akdeniz\u2019in en verimli, en g\u00fczel k\u00f6rfezidir ve en kaliteli bal\u0131klar\u0131n ya\u015fad\u0131\u011f\u0131 aland\u0131r. Ancak bunun i\u00e7in \u00f6nce bilime inan\u0131lmas\u0131 ve bilimin dedi\u011finin yap\u0131lmas\u0131 gerekir. Ne yaz\u0131k ki mevcut y\u00f6netimin bilimle hi\u00e7bir ilgisi yok. 1999\u2019dan beri belki 500 defa anlatt\u0131k, yaz\u0131l\u0131 bas\u0131nda 3-4 bin kez dile getirdik ama \u0130zmir B\u00fcy\u00fck\u015fehir Belediyesi bunlarla hi\u00e7 ilgilenmedi. Bug\u00fcn geldi\u011fimiz noktada, 12 Aral\u0131k itibar\u0131yla deniz marullar\u0131 denizi kaplam\u0131\u015f durumdad\u0131r.<\/p>\n<p>Temizlik \u00e7al\u0131\u015fmalar\u0131 s\u00fcr\u00fcyor<br \/>\n<br \/>\u00d6te yandan b\u00f6lgede \u0130zmir B\u00fcy\u00fck\u015fehir Belediyesine ait y\u00fczer-gezer palet arac\u0131 ile deniz y\u00fczeyindeki deniz marullar\u0131n\u0131 temizleme \u00e7al\u0131\u015fmalar\u0131 s\u00fcr\u00fcyor.<br \/><\/p>\n","protected":false},"excerpt":{"rendered":"<p>\u0130ZM\u0130R (\u0130HA)-\u0130zmir\u2019in Kar\u015f\u0131yaka il\u00e7esi Bostanl\u0131 sahilinde deniz y\u00fczeyi, &#8220;deniz marulu&#8221; olarak bilinen ye\u015fil tabakayla kapland\u0131. Prof. Dr. Do\u011fan Ya\u015far, &#8220;Ge\u00e7en y\u0131l b\u00fcy\u00fck bir plankton patlamas\u0131yla ola\u011fan\u00fcst\u00fc bir bal\u0131k \u00f6l\u00fcm\u00fc ya\u015fad\u0131k. Bug\u00fcn deniz marulunun g\u00f6r\u00fclmesi, k\u00f6rfezin \u00e7ok kirli oldu\u011funun a\u00e7\u0131k bir g\u00f6stergesidir.&#8221; dedi. \u0130zmir K\u00f6rfezi\u2019nin Bostanl\u0131 k\u0131y\u0131lar\u0131nda sabah saatlerinden itibaren deniz y\u00fczeyinde yo\u011funla\u015fan ye\u015fil g\u00f6r\u00fcnt\u00fc dikkat&#8230;<\/p>\n","protected":false},"author":1,"featured_media":73778,"comment_status":"open","ping_status":"open","sticky":false,"template":"","format":"standard","meta":{"_crdt_document":"","footnotes":""},"categories":[1],"tags":[],"class_list":["post-73777","post","type-post","status-publish","format-standard","has-post-thumbnail","hentry","category-guncel"],"_links":{"self":[{"href":"https:\/\/www.egemtv.com\/index.php?rest_route=\/wp\/v2\/posts\/73777","targetHints":{"allow":["GET"]}}],"collection":[{"href":"https:\/\/www.egemtv.com\/index.php?rest_route=\/wp\/v2\/posts"}],"about":[{"href":"https:\/\/www.egemtv.com\/index.php?rest_route=\/wp\/v2\/types\/post"}],"author":[{"embeddable":true,"href":"https:\/\/www.egemtv.com\/index.php?rest_route=\/wp\/v2\/users\/1"}],"replies":[{"embeddable":true,"href":"https:\/\/www.egemtv.com\/index.php?rest_route=%2Fwp%2Fv2%2Fcomments&post=73777"}],"version-history":[{"count":1,"href":"https:\/\/www.egemtv.com\/index.php?rest_route=\/wp\/v2\/posts\/73777\/revisions"}],"predecessor-version":[{"id":73779,"href":"https:\/\/www.egemtv.com\/index.php?rest_route=\/wp\/v2\/posts\/73777\/revisions\/73779"}],"wp:featuredmedia":[{"embeddable":true,"href":"https:\/\/www.egemtv.com\/index.php?rest_route=\/wp\/v2\/media\/73778"}],"wp:attachment":[{"href":"https:\/\/www.egemtv.com\/index.php?rest_route=%2Fwp%2Fv2%2Fmedia&parent=73777"}],"wp:term":[{"taxonomy":"category","embeddable":true,"href":"https:\/\/www.egemtv.com\/index.php?rest_route=%2Fwp%2Fv2%2Fcategories&post=73777"},{"taxonomy":"post_tag","embeddable":true,"href":"https:\/\/www.egemtv.com\/index.php?rest_route=%2Fwp%2Fv2%2Ftags&post=73777"}],"curies":[{"name":"wp","href":"https:\/\/api.w.org\/{rel}","templated":true}]}}