{"id":73774,"date":"2025-12-12T15:14:53","date_gmt":"2025-12-12T12:14:53","guid":{"rendered":"https:\/\/www.egemtv.com\/?p=73774"},"modified":"2025-12-12T15:14:54","modified_gmt":"2025-12-12T12:14:54","slug":"tarihi-kentin-umutlu-cocuklari-kula-salihli-unesco-jeoparkinda-bulustu","status":"publish","type":"post","link":"https:\/\/www.egemtv.com\/?p=73774","title":{"rendered":"\u2018Tarihi Kentin Umutlu \u00c7ocuklar\u0131\u2019 Kula-Salihli UNESCO Jeopark\u0131\u2019nda bulu\u015ftu"},"content":{"rendered":"<p>Manisa \u0130l Emniyet M\u00fcd\u00fcrl\u00fc\u011f\u00fc Toplum Destekli Polislik \u015eube M\u00fcd\u00fcrl\u00fc\u011f\u00fc taraf\u0131ndan y\u00fcr\u00fct\u00fclen &#8220;Tarihi Kentin Umutlu \u00c7ocuklar\u0131&#8221; projesi kapsam\u0131nda gen\u00e7ler, Kula-Salihli UNESCO K\u00fcresel Jeopark\u0131\u2019n\u0131 ziyaret etti.<br \/>\n<br \/>Etkinlik kapsam\u0131nda \u00f6\u011frenciler; Salihli Sardes Antik Kenti, Kula Peribacalar\u0131, Jeopark alan\u0131 ve Tarihi Kula Evleri\u2019ni uzman rehberler e\u015fli\u011finde gezerek b\u00f6lgenin tarihi, k\u00fclt\u00fcrel ve jeolojik zenginlikleri hakk\u0131nda bilgilendirildi.<br \/>\n<br \/>Gen\u00e7ler, milyonlarca y\u0131ll\u0131k jeolojik miras\u0131n izlerini ta\u015f\u0131yan bu benzersiz co\u011frafyada hem e\u011fitici hem de keyifli bir g\u00fcn ge\u00e7irirken do\u011fa, k\u00fclt\u00fcr ve bilimin bulu\u015ftu\u011fu Jeopark\u2019\u0131n \u00f6nemini yak\u0131ndan g\u00f6rme f\u0131rsat\u0131 buldu.<br \/>\n<br \/>Yetkililer, bu de\u011ferli miras\u0131 gelece\u011fe ta\u015f\u0131yacak olan gen\u00e7leri Jeopark\u2019ta a\u011f\u0131rlamaktan b\u00fcy\u00fck mutluluk duyduklar\u0131n\u0131 ifade etti.<br \/><\/p>\n","protected":false},"excerpt":{"rendered":"<p>Manisa \u0130l Emniyet M\u00fcd\u00fcrl\u00fc\u011f\u00fc Toplum Destekli Polislik \u015eube M\u00fcd\u00fcrl\u00fc\u011f\u00fc taraf\u0131ndan y\u00fcr\u00fct\u00fclen &#8220;Tarihi Kentin Umutlu \u00c7ocuklar\u0131&#8221; projesi kapsam\u0131nda gen\u00e7ler, Kula-Salihli UNESCO K\u00fcresel Jeopark\u0131\u2019n\u0131 ziyaret etti. Etkinlik kapsam\u0131nda \u00f6\u011frenciler; Salihli Sardes Antik Kenti, Kula Peribacalar\u0131, Jeopark alan\u0131 ve Tarihi Kula Evleri\u2019ni uzman rehberler e\u015fli\u011finde gezerek b\u00f6lgenin tarihi, k\u00fclt\u00fcrel ve jeolojik zenginlikleri hakk\u0131nda bilgilendirildi. Gen\u00e7ler, milyonlarca y\u0131ll\u0131k jeolojik&#8230;<\/p>\n","protected":false},"author":1,"featured_media":73775,"comment_status":"open","ping_status":"open","sticky":false,"template":"","format":"standard","meta":{"_crdt_document":"","footnotes":""},"categories":[1],"tags":[],"class_list":["post-73774","post","type-post","status-publish","format-standard","has-post-thumbnail","hentry","category-guncel"],"_links":{"self":[{"href":"https:\/\/www.egemtv.com\/index.php?rest_route=\/wp\/v2\/posts\/73774","targetHints":{"allow":["GET"]}}],"collection":[{"href":"https:\/\/www.egemtv.com\/index.php?rest_route=\/wp\/v2\/posts"}],"about":[{"href":"https:\/\/www.egemtv.com\/index.php?rest_route=\/wp\/v2\/types\/post"}],"author":[{"embeddable":true,"href":"https:\/\/www.egemtv.com\/index.php?rest_route=\/wp\/v2\/users\/1"}],"replies":[{"embeddable":true,"href":"https:\/\/www.egemtv.com\/index.php?rest_route=%2Fwp%2Fv2%2Fcomments&post=73774"}],"version-history":[{"count":1,"href":"https:\/\/www.egemtv.com\/index.php?rest_route=\/wp\/v2\/posts\/73774\/revisions"}],"predecessor-version":[{"id":73776,"href":"https:\/\/www.egemtv.com\/index.php?rest_route=\/wp\/v2\/posts\/73774\/revisions\/73776"}],"wp:featuredmedia":[{"embeddable":true,"href":"https:\/\/www.egemtv.com\/index.php?rest_route=\/wp\/v2\/media\/73775"}],"wp:attachment":[{"href":"https:\/\/www.egemtv.com\/index.php?rest_route=%2Fwp%2Fv2%2Fmedia&parent=73774"}],"wp:term":[{"taxonomy":"category","embeddable":true,"href":"https:\/\/www.egemtv.com\/index.php?rest_route=%2Fwp%2Fv2%2Fcategories&post=73774"},{"taxonomy":"post_tag","embeddable":true,"href":"https:\/\/www.egemtv.com\/index.php?rest_route=%2Fwp%2Fv2%2Ftags&post=73774"}],"curies":[{"name":"wp","href":"https:\/\/api.w.org\/{rel}","templated":true}]}}