{"id":73771,"date":"2025-12-12T14:54:44","date_gmt":"2025-12-12T11:54:44","guid":{"rendered":"https:\/\/www.egemtv.com\/?p=73771"},"modified":"2025-12-12T14:54:45","modified_gmt":"2025-12-12T11:54:45","slug":"ogrenciler-babalarina-ayakkabi-yapti","status":"publish","type":"post","link":"https:\/\/www.egemtv.com\/?p=73771","title":{"rendered":"\u00d6\u011frenciler babalar\u0131na ayakkab\u0131 yapt\u0131"},"content":{"rendered":"<p>DEN\u0130ZL\u0130 (\u0130HA) \u2013  Denizli\u2019nin Ac\u0131payam il\u00e7esinde Ayakkab\u0131 Tasar\u0131m ve \u00dcretimi Program\u0131 \u00f6\u011frencileri teknik gezi program\u0131 kapsam\u0131nda babalar\u0131 i\u00e7in elleriyle ayakkab\u0131 yapt\u0131.<\/p>\n<p>Denizli\u2019nin Ac\u0131payam il\u00e7esinde Ayakkab\u0131 Tasar\u0131m ve \u00dcretimi Program\u0131 \u00d6\u011fr. G\u00f6r. Dr. Fatma Filiz Y\u0131ld\u0131r\u0131m koordinasyonunda Ye\u015filyuva Ayakkab\u0131 Kooperatifine teknik gezi d\u00fczenledi. \u00d6\u011fr. G\u00f6r. Dr. Fatma Filiz Y\u0131ld\u0131r\u0131m\u2019\u0131n y\u00fcr\u00fctt\u00fc\u011f\u00fc Monte ve Finisaj dersi kapsam\u0131nda ger\u00e7ekle\u015fen geziye, B\u00f6l\u00fcm Ba\u015fkan\u0131 \u00d6\u011fr. G\u00f6r. Dr. \u00d6zlem Y\u0131lmaz Karaboyac\u0131 da kat\u0131ld\u0131. Ger\u00e7ekle\u015fen gezi \u00f6\u011frenciler i\u00e7in bir at\u00f6lye \u00e7al\u0131\u015fmas\u0131na d\u00f6n\u00fc\u015ft\u00fc.<\/p>\n<p>Faydal\u0131 bilgiler edinen \u00f6\u011frenciler i\u015fletme sahiplerinden \u00f6\u011frendiklerini hemen uygulama f\u0131rsat\u0131 buldular. \u0130\u015fletme yetkilileri \u00f6\u011frencilerin babalar\u0131na hediye olarak verilmesini d\u00fc\u015f\u00fcnd\u00fc\u011f\u00fc ayakkab\u0131lar\u0131 bizzat kendilerine monte ettirdi. Babalar\u0131na hediye edecekleri ayakkab\u0131lar\u0131n \u00fcretim s\u00fcrecinde olmak \u00f6\u011frenciyi ayr\u0131ca mutlu etti.  Olduk\u00e7a keyifli ve \u00f6\u011fretici olan bu teknik gezide firma sahipleri ev sahipli\u011finde g\u00f6sterdikleri nezaket, c\u00f6mertlik, yard\u0131m severlikle de takdir toplad\u0131.<br \/><\/p>\n","protected":false},"excerpt":{"rendered":"<p>DEN\u0130ZL\u0130 (\u0130HA) \u2013 Denizli\u2019nin Ac\u0131payam il\u00e7esinde Ayakkab\u0131 Tasar\u0131m ve \u00dcretimi Program\u0131 \u00f6\u011frencileri teknik gezi program\u0131 kapsam\u0131nda babalar\u0131 i\u00e7in elleriyle ayakkab\u0131 yapt\u0131. Denizli\u2019nin Ac\u0131payam il\u00e7esinde Ayakkab\u0131 Tasar\u0131m ve \u00dcretimi Program\u0131 \u00d6\u011fr. G\u00f6r. Dr. Fatma Filiz Y\u0131ld\u0131r\u0131m koordinasyonunda Ye\u015filyuva Ayakkab\u0131 Kooperatifine teknik gezi d\u00fczenledi. \u00d6\u011fr. G\u00f6r. Dr. Fatma Filiz Y\u0131ld\u0131r\u0131m\u2019\u0131n y\u00fcr\u00fctt\u00fc\u011f\u00fc Monte ve Finisaj dersi kapsam\u0131nda ger\u00e7ekle\u015fen&#8230;<\/p>\n","protected":false},"author":1,"featured_media":73772,"comment_status":"open","ping_status":"open","sticky":false,"template":"","format":"standard","meta":{"_crdt_document":"","footnotes":""},"categories":[123],"tags":[],"class_list":["post-73771","post","type-post","status-publish","format-standard","has-post-thumbnail","hentry","category-gundem"],"_links":{"self":[{"href":"https:\/\/www.egemtv.com\/index.php?rest_route=\/wp\/v2\/posts\/73771","targetHints":{"allow":["GET"]}}],"collection":[{"href":"https:\/\/www.egemtv.com\/index.php?rest_route=\/wp\/v2\/posts"}],"about":[{"href":"https:\/\/www.egemtv.com\/index.php?rest_route=\/wp\/v2\/types\/post"}],"author":[{"embeddable":true,"href":"https:\/\/www.egemtv.com\/index.php?rest_route=\/wp\/v2\/users\/1"}],"replies":[{"embeddable":true,"href":"https:\/\/www.egemtv.com\/index.php?rest_route=%2Fwp%2Fv2%2Fcomments&post=73771"}],"version-history":[{"count":1,"href":"https:\/\/www.egemtv.com\/index.php?rest_route=\/wp\/v2\/posts\/73771\/revisions"}],"predecessor-version":[{"id":73773,"href":"https:\/\/www.egemtv.com\/index.php?rest_route=\/wp\/v2\/posts\/73771\/revisions\/73773"}],"wp:featuredmedia":[{"embeddable":true,"href":"https:\/\/www.egemtv.com\/index.php?rest_route=\/wp\/v2\/media\/73772"}],"wp:attachment":[{"href":"https:\/\/www.egemtv.com\/index.php?rest_route=%2Fwp%2Fv2%2Fmedia&parent=73771"}],"wp:term":[{"taxonomy":"category","embeddable":true,"href":"https:\/\/www.egemtv.com\/index.php?rest_route=%2Fwp%2Fv2%2Fcategories&post=73771"},{"taxonomy":"post_tag","embeddable":true,"href":"https:\/\/www.egemtv.com\/index.php?rest_route=%2Fwp%2Fv2%2Ftags&post=73771"}],"curies":[{"name":"wp","href":"https:\/\/api.w.org\/{rel}","templated":true}]}}