{"id":73768,"date":"2025-12-12T14:54:43","date_gmt":"2025-12-12T11:54:43","guid":{"rendered":"https:\/\/www.egemtv.com\/?p=73768"},"modified":"2025-12-12T14:54:44","modified_gmt":"2025-12-12T11:54:44","slug":"camelinde-en-iyi-turizm-koyu-ve-yeryuzu-pazari-calismalari-basladi","status":"publish","type":"post","link":"https:\/\/www.egemtv.com\/?p=73768","title":{"rendered":"\u00c7ameli\u2019nde \u2018En \u0130yi Turizm K\u00f6y\u00fc\u2019 ve \u2018Yery\u00fcz\u00fc Pazar\u0131\u2019 \u00e7al\u0131\u015fmalar\u0131 ba\u015flad\u0131"},"content":{"rendered":"<p>DEN\u0130ZL\u0130 (\u0130HA) \u2013 Denizli\u2019de \u00c7ameli il\u00e7esinin markala\u015fmas\u0131 hedefleri do\u011frultusunda Elmal\u0131 Mahallesi\u2019nin &#8220;En \u0130yi Turizm K\u00f6y\u00fc&#8221; a\u011f\u0131na kat\u0131lmas\u0131 ve il\u00e7ede &#8220;Yery\u00fcz\u00fc Pazar\u0131&#8221; kurulmas\u0131 i\u00e7in \u00e7al\u0131\u015fmalar h\u0131zland\u0131.<\/p>\n<p>&#8220;Sakin \u015eehir&#8221; unvan\u0131na sahip \u00c7ameli, turizmde kar\u015f\u0131la\u015ft\u0131\u011f\u0131 sorunlara kal\u0131c\u0131 \u00e7\u00f6z\u00fcmler \u00fcretmek ve il\u00e7enin potansiyelini ulusal\u2013uluslararas\u0131 \u00f6l\u00e7ekte g\u00fc\u00e7lendirmek amac\u0131yla \u00f6nemli bir ad\u0131m att\u0131. \u00c7ameli Kaymakaml\u0131\u011f\u0131, \u00c7ameli Belediyesi ve turizm payda\u015flar\u0131n\u0131n kat\u0131l\u0131m\u0131yla 30 Eyl\u00fcl 2025\u2019te ger\u00e7ekle\u015ftirilen &#8220;Sakin \u015eehir \u00c7ameli Turizm Yol Haritas\u0131 \u00c7al\u0131\u015ftay\u0131&#8221; sonu\u00e7 raporu do\u011frultusunda haz\u0131rlanan eylem planlar\u0131 uygulanmaya ba\u015fland\u0131.<\/p>\n<p>Turizm Fak\u00fcltesi Dekan\u0131 Prof. Dr. Serkan Bertan moderat\u00f6rl\u00fc\u011f\u00fcnde y\u00fcr\u00fct\u00fclen \u00e7al\u0131\u015ftayda, turizmin her alan\u0131na y\u00f6nelik be\u015f ayr\u0131 \u00e7al\u0131\u015fma grubu olu\u015fturuldu. &#8220;Tan\u0131t\u0131m, Pazarlama, Markala\u015fma, Dijitalle\u015fme&#8221;, &#8220;Ula\u015f\u0131m ve Altyap\u0131&#8221;, &#8220;K\u00fclt\u00fcr ve Gastronomi Turizmi&#8221;, &#8220;Do\u011fa ve K\u0131rsal Turizm&#8221; ile &#8220;K\u0131\u015f ve Spor Turizmi&#8221; ba\u015fl\u0131klar\u0131nda b\u00f6lgenin sorunlar\u0131 masaya yat\u0131r\u0131larak uygulanabilir ve s\u00fcrd\u00fcr\u00fclebilir \u00e7\u00f6z\u00fcm \u00f6nerileri ortaya konuldu.<\/p>\n<p>Elmal\u0131 K\u00f6y\u00fc i\u00e7in \u2018En \u0130yi Turizm K\u00f6y\u00fc\u2019 ba\u015fvurusu yap\u0131ld\u0131<br \/>\n<br \/>Prof. Dr. Bertan, \u00e7al\u0131\u015ftay\u0131n ard\u0131ndan turizmi destekleyecek uluslararas\u0131 giri\u015fimlerin h\u0131z kazand\u0131\u011f\u0131n\u0131 belirterek Elmal\u0131 K\u00f6y\u00fc\u2019n\u00fcn &#8220;Best Tourism Village&#8221; a\u011f\u0131na kat\u0131lmas\u0131 i\u00e7in resmi s\u00fcrecin ba\u015flat\u0131ld\u0131\u011f\u0131n\u0131 a\u00e7\u0131klad\u0131. Bu giri\u015fimle \u00c7ameli\u2019nin tan\u0131n\u0131rl\u0131\u011f\u0131n\u0131n artaca\u011f\u0131n\u0131, k\u00f6y\u00fcn k\u00fclt\u00fcrel miras\u0131, do\u011fal yap\u0131s\u0131 ve y\u00f6resel \u00fcretiminin d\u00fcnya \u00e7ap\u0131nda g\u00f6r\u00fcn\u00fcr hale gelece\u011fini s\u00f6yledi. Prof. Dr. Bertan, s\u00fcrd\u00fcr\u00fclebilir tar\u0131m\u0131 ve yerel \u00fcreticiyi destekleyen &#8220;Yery\u00fcz\u00fc Pazar\u0131&#8221; (Earth Market) modelinin \u00c7ameli\u2019ye kazand\u0131r\u0131lmas\u0131 i\u00e7in de \u00e7al\u0131\u015fmalar\u0131n ba\u015flad\u0131\u011f\u0131n\u0131 aktard\u0131. D\u00fcnyada 110, T\u00fcrkiye\u2019de ise yaln\u0131zca Fo\u00e7a, Tarsus, \u015eile, Kapadokya-U\u00e7hisar, Adana, Kastamonu ve Mu\u011fla\u2019da bulunan bu pazarlar\u0131n sekizincisinin \u00c7ameli\u2019de kurulmas\u0131n\u0131n hedeflendi\u011fini belirten Prof. Dr. Bertan, &#8220;Yery\u00fcz\u00fc Pazar\u0131\u2019nda \u00fcreticiler kendi \u00fcr\u00fcnlerini do\u011fru fiyatla, taze, mevsiminde ve s\u00fcrd\u00fcr\u00fclebilir tar\u0131m ilkelerine uygun \u015fekilde t\u00fcketiciyle bulu\u015fturacak. \u00c7ameli\u2019nin yerel \u00fcr\u00fcnlerinin de\u011ferini art\u0131rmak i\u00e7in bu proje b\u00fcy\u00fck \u00f6nem ta\u015f\u0131yor.&#8221; Dedi<\/p>\n<p>\u00c7ameli\u2019nin yerel \u00fcr\u00fcnleri AB tescili i\u00e7in yola \u00e7\u0131k\u0131yor<br \/>\n<br \/>K\u0131rsal kalk\u0131nmay\u0131 g\u00fc\u00e7lendirmek ve b\u00f6lgenin k\u00fclt\u00fcrel miras\u0131n\u0131 korumak amac\u0131yla \u00e7al\u0131\u015ft\u0131klar\u0131n\u0131 ifade eden Prof. Dr. Bertan, il\u00e7eye \u00f6zg\u00fc \u00fcr\u00fcnlerin Avrupa Birli\u011fi Co\u011frafi \u0130\u015faret listesine al\u0131nmas\u0131 i\u00e7in haz\u0131rl\u0131k yapt\u0131klar\u0131n\u0131 a\u00e7\u0131klad\u0131. T\u00fcrkiye\u2019nin h\u00e2lihaz\u0131rda 44 co\u011frafi i\u015faretli \u00fcr\u00fcnle AB listesinde yer ald\u0131\u011f\u0131n\u0131 hat\u0131rlatan Prof. Dr. Bertan, \u00c7ameli \u00fcr\u00fcnleri olan \u2018\u00c7ameli Fasulyesi\u2019, \u2018\u00c7ameli Elmal\u0131 Bezi\u2019, \u2018\u00c7ameli Kilimi, \u2018\u00c7ameli Cevizi\u2019, \u2018\u00c7ameli Le\u011fen B\u00f6re\u011fi\u2019 ve \u2018\u00c7ameli Menevi\u015f Yo\u011furtulamas\u0131\u2019n da bu listeye eklenmesiyle il\u00e7enin uluslararas\u0131 bilinirli\u011finin \u00f6nemli \u00f6l\u00e7\u00fcde artaca\u011f\u0131n\u0131 belirtti. Prof. Dr. Bertan, y\u00fcr\u00fct\u00fclen \u00e7al\u0131\u015fmalar\u0131n il\u00e7enin kalk\u0131nma hedefleri a\u00e7\u0131s\u0131ndan kritik oldu\u011funa dikkat \u00e7ekerek, &#8220;\u00c7ameli sadece do\u011fal g\u00fczellikleriyle de\u011fil, k\u00fclt\u00fcr\u00fc, gastronomisi, el sanatlar\u0131 ve s\u00fcrd\u00fcr\u00fclebilir turizm anlay\u0131\u015f\u0131yla da \u00f6rnek bir destinasyon olma yolunda ilerliyor. Yol haritas\u0131nda belirledi\u011fimiz ad\u0131mlar\u0131 kararl\u0131l\u0131kla uygulayarak \u00c7ameli\u2019nin marka de\u011ferini uluslararas\u0131 d\u00fczeye ta\u015f\u0131yaca\u011f\u0131z&#8221; dedi.<\/p>\n<p>\u00c7ameli\u2019nde ba\u015flat\u0131lan eylem planlar\u0131n\u0131n \u00f6n\u00fcm\u00fczdeki d\u00f6nemlerde turizm alan\u0131nda somut ve kal\u0131c\u0131 sonu\u00e7lar \u00fcretmesi bekleniyor.<br \/><\/p>\n","protected":false},"excerpt":{"rendered":"<p>DEN\u0130ZL\u0130 (\u0130HA) \u2013 Denizli\u2019de \u00c7ameli il\u00e7esinin markala\u015fmas\u0131 hedefleri do\u011frultusunda Elmal\u0131 Mahallesi\u2019nin &#8220;En \u0130yi Turizm K\u00f6y\u00fc&#8221; a\u011f\u0131na kat\u0131lmas\u0131 ve il\u00e7ede &#8220;Yery\u00fcz\u00fc Pazar\u0131&#8221; kurulmas\u0131 i\u00e7in \u00e7al\u0131\u015fmalar h\u0131zland\u0131. &#8220;Sakin \u015eehir&#8221; unvan\u0131na sahip \u00c7ameli, turizmde kar\u015f\u0131la\u015ft\u0131\u011f\u0131 sorunlara kal\u0131c\u0131 \u00e7\u00f6z\u00fcmler \u00fcretmek ve il\u00e7enin potansiyelini ulusal\u2013uluslararas\u0131 \u00f6l\u00e7ekte g\u00fc\u00e7lendirmek amac\u0131yla \u00f6nemli bir ad\u0131m att\u0131. \u00c7ameli Kaymakaml\u0131\u011f\u0131, \u00c7ameli Belediyesi ve turizm payda\u015flar\u0131n\u0131n kat\u0131l\u0131m\u0131yla&#8230;<\/p>\n","protected":false},"author":1,"featured_media":73769,"comment_status":"open","ping_status":"open","sticky":false,"template":"","format":"standard","meta":{"_crdt_document":"","footnotes":""},"categories":[1],"tags":[],"class_list":["post-73768","post","type-post","status-publish","format-standard","has-post-thumbnail","hentry","category-guncel"],"_links":{"self":[{"href":"https:\/\/www.egemtv.com\/index.php?rest_route=\/wp\/v2\/posts\/73768","targetHints":{"allow":["GET"]}}],"collection":[{"href":"https:\/\/www.egemtv.com\/index.php?rest_route=\/wp\/v2\/posts"}],"about":[{"href":"https:\/\/www.egemtv.com\/index.php?rest_route=\/wp\/v2\/types\/post"}],"author":[{"embeddable":true,"href":"https:\/\/www.egemtv.com\/index.php?rest_route=\/wp\/v2\/users\/1"}],"replies":[{"embeddable":true,"href":"https:\/\/www.egemtv.com\/index.php?rest_route=%2Fwp%2Fv2%2Fcomments&post=73768"}],"version-history":[{"count":1,"href":"https:\/\/www.egemtv.com\/index.php?rest_route=\/wp\/v2\/posts\/73768\/revisions"}],"predecessor-version":[{"id":73770,"href":"https:\/\/www.egemtv.com\/index.php?rest_route=\/wp\/v2\/posts\/73768\/revisions\/73770"}],"wp:featuredmedia":[{"embeddable":true,"href":"https:\/\/www.egemtv.com\/index.php?rest_route=\/wp\/v2\/media\/73769"}],"wp:attachment":[{"href":"https:\/\/www.egemtv.com\/index.php?rest_route=%2Fwp%2Fv2%2Fmedia&parent=73768"}],"wp:term":[{"taxonomy":"category","embeddable":true,"href":"https:\/\/www.egemtv.com\/index.php?rest_route=%2Fwp%2Fv2%2Fcategories&post=73768"},{"taxonomy":"post_tag","embeddable":true,"href":"https:\/\/www.egemtv.com\/index.php?rest_route=%2Fwp%2Fv2%2Ftags&post=73768"}],"curies":[{"name":"wp","href":"https:\/\/api.w.org\/{rel}","templated":true}]}}