{"id":73765,"date":"2025-12-12T14:34:39","date_gmt":"2025-12-12T11:34:39","guid":{"rendered":"https:\/\/www.egemtv.com\/?p=73765"},"modified":"2025-12-12T14:34:40","modified_gmt":"2025-12-12T11:34:40","slug":"damadin-arkadasi-dugun-hediyesi-olarak-100-bin-liralik-kopek-hediye-etti","status":"publish","type":"post","link":"https:\/\/www.egemtv.com\/?p=73765","title":{"rendered":"Damad\u0131n arkada\u015f\u0131 d\u00fc\u011f\u00fcn hediyesi olarak 100 bin liral\u0131k k\u00f6pek hediye etti"},"content":{"rendered":"<p>Denizli\u2019de yeni evlenen \u00e7iftin d\u00fc\u011f\u00fcn\u00fcndeki tak\u0131 merasiminde damad\u0131n arkada\u015f\u0131n\u0131n d\u00fc\u011f\u00fcn hediyesi g\u00f6renleri hayrete d\u00fc\u015f\u00fcrd\u00fc. Damad\u0131n arkada\u015flar\u0131 d\u00fc\u011f\u00fcn tak\u0131s\u0131 olarak de\u011feri yakla\u015f\u0131k 100 bin TL olan \u00e7oban k\u00f6pe\u011fi hediye etti.<br \/>\n<br \/>Denizli\u2019nin \u00c7ivril il\u00e7esinde Muammer ile Tu\u011fba Ak\u00e7\u00fcmen \u00e7ifti hayat\u0131n\u0131 birle\u015ftirdi. \u00c7iftin bir d\u00fc\u011f\u00fcn salonunda ger\u00e7ekle\u015fen d\u00fc\u011f\u00fcnlerindeki tak\u0131 merasiminde ilgin\u00e7 anlar ya\u015fand\u0131. Damad\u0131n arkada\u015f\u0131 S\u00fcleyman G\u00fcltekin taraf\u0131ndan salona getirilen d\u00fc\u011f\u00fcn tak\u0131s\u0131 g\u00f6renleri hayrete d\u00fc\u015f\u00fcrd\u00fc. S\u00fcleyman G\u00fcltekin d\u00fc\u011f\u00fcn hediyesi olarak arkada\u015f\u0131na yakla\u015f\u0131k 100 bin TL de\u011feri olan yavru Anadolu \u00e7oban k\u00f6pe\u011fi hediye etti. hediye kar\u015f\u0131s\u0131nda \u00e7iftte ilk olarak ne oldu\u011funu anlayamad\u0131. Al\u0131\u015f\u0131lm\u0131\u015f\u0131n d\u0131\u015f\u0131ndaki d\u00fc\u011f\u00fcn hediyesi ile davetlilerde foto\u011fraf \u00e7ektirdi.<br \/><\/p>\n","protected":false},"excerpt":{"rendered":"<p>Denizli\u2019de yeni evlenen \u00e7iftin d\u00fc\u011f\u00fcn\u00fcndeki tak\u0131 merasiminde damad\u0131n arkada\u015f\u0131n\u0131n d\u00fc\u011f\u00fcn hediyesi g\u00f6renleri hayrete d\u00fc\u015f\u00fcrd\u00fc. Damad\u0131n arkada\u015flar\u0131 d\u00fc\u011f\u00fcn tak\u0131s\u0131 olarak de\u011feri yakla\u015f\u0131k 100 bin TL olan \u00e7oban k\u00f6pe\u011fi hediye etti. Denizli\u2019nin \u00c7ivril il\u00e7esinde Muammer ile Tu\u011fba Ak\u00e7\u00fcmen \u00e7ifti hayat\u0131n\u0131 birle\u015ftirdi. \u00c7iftin bir d\u00fc\u011f\u00fcn salonunda ger\u00e7ekle\u015fen d\u00fc\u011f\u00fcnlerindeki tak\u0131 merasiminde ilgin\u00e7 anlar ya\u015fand\u0131. Damad\u0131n arkada\u015f\u0131 S\u00fcleyman G\u00fcltekin taraf\u0131ndan&#8230;<\/p>\n","protected":false},"author":1,"featured_media":73766,"comment_status":"open","ping_status":"open","sticky":false,"template":"","format":"standard","meta":{"_crdt_document":"","footnotes":""},"categories":[1],"tags":[],"class_list":["post-73765","post","type-post","status-publish","format-standard","has-post-thumbnail","hentry","category-guncel"],"_links":{"self":[{"href":"https:\/\/www.egemtv.com\/index.php?rest_route=\/wp\/v2\/posts\/73765","targetHints":{"allow":["GET"]}}],"collection":[{"href":"https:\/\/www.egemtv.com\/index.php?rest_route=\/wp\/v2\/posts"}],"about":[{"href":"https:\/\/www.egemtv.com\/index.php?rest_route=\/wp\/v2\/types\/post"}],"author":[{"embeddable":true,"href":"https:\/\/www.egemtv.com\/index.php?rest_route=\/wp\/v2\/users\/1"}],"replies":[{"embeddable":true,"href":"https:\/\/www.egemtv.com\/index.php?rest_route=%2Fwp%2Fv2%2Fcomments&post=73765"}],"version-history":[{"count":1,"href":"https:\/\/www.egemtv.com\/index.php?rest_route=\/wp\/v2\/posts\/73765\/revisions"}],"predecessor-version":[{"id":73767,"href":"https:\/\/www.egemtv.com\/index.php?rest_route=\/wp\/v2\/posts\/73765\/revisions\/73767"}],"wp:featuredmedia":[{"embeddable":true,"href":"https:\/\/www.egemtv.com\/index.php?rest_route=\/wp\/v2\/media\/73766"}],"wp:attachment":[{"href":"https:\/\/www.egemtv.com\/index.php?rest_route=%2Fwp%2Fv2%2Fmedia&parent=73765"}],"wp:term":[{"taxonomy":"category","embeddable":true,"href":"https:\/\/www.egemtv.com\/index.php?rest_route=%2Fwp%2Fv2%2Fcategories&post=73765"},{"taxonomy":"post_tag","embeddable":true,"href":"https:\/\/www.egemtv.com\/index.php?rest_route=%2Fwp%2Fv2%2Ftags&post=73765"}],"curies":[{"name":"wp","href":"https:\/\/api.w.org\/{rel}","templated":true}]}}