{"id":73762,"date":"2025-12-12T14:34:38","date_gmt":"2025-12-12T11:34:38","guid":{"rendered":"https:\/\/www.egemtv.com\/?p=73762"},"modified":"2025-12-12T14:34:39","modified_gmt":"2025-12-12T11:34:39","slug":"kosklu-ureticilere-kestane-fidani-dagitildi","status":"publish","type":"post","link":"https:\/\/www.egemtv.com\/?p=73762","title":{"rendered":"K\u00f6\u015fkl\u00fc \u00fcreticilere kestane fidan\u0131 da\u011f\u0131t\u0131ld\u0131"},"content":{"rendered":"<p>Tar\u0131mda \u00fcretimin korunmas\u0131 ve \u00e7e\u015fitlili\u011fin art\u0131r\u0131lmas\u0131 amac\u0131yla y\u00fcr\u00fct\u00fclen \u00e7al\u0131\u015fmalar kapsam\u0131nda Ayd\u0131n\u2019\u0131n K\u00f6\u015fk il\u00e7esinde \u00fcreticilere kestane fidan\u0131 da\u011f\u0131t\u0131ld\u0131.<\/p>\n<p>Ayd\u0131n Valili\u011fi \u0130l Tar\u0131m ve Orman M\u00fcd\u00fcrl\u00fc\u011f\u00fc ile Yat\u0131r\u0131m \u0130zleme ve Koordinasyon Ba\u015fkanl\u0131\u011f\u0131 taraf\u0131ndan ortak protokol ile haz\u0131rlanan &#8220;Ayd\u0131n \u0130li Bitkisel \u00dcretimin Korunmas\u0131 ve \u00c7e\u015fitlili\u011fin Art\u0131r\u0131lmas\u0131 Projesi&#8221; kapsam\u0131nda K\u00f6\u015fk il\u00e7esinde fidan da\u011f\u0131t\u0131m t\u00f6reni ger\u00e7ekle\u015ftirildi. Proje kapsam\u0131nda haz\u0131rlanan kestane fidanlar\u0131 \u00e7ift\u00e7ilere da\u011f\u0131t\u0131ld\u0131. Programa, K\u00f6\u015fk Kaymakam\u0131 Hasan Ta\u015f, K\u00f6\u015fk Belediye Ba\u015fkan\u0131 Nuri G\u00fcler, il\u00e7e tar\u0131m personeli ve \u00e7ift\u00e7iler kat\u0131ld\u0131.<\/p>\n<p>T\u00f6renin ard\u0131ndan payla\u015f\u0131m yapan K\u00f6\u015fk Belediye Ba\u015fkan\u0131 Nuri G\u00fcler, eme\u011fi ge\u00e7en herkese te\u015fekk\u00fcr ederek &#8220;Kaymakam\u0131m\u0131z Hasan Ta\u015f ve kurum amirlerimiz ile birlikte \u2019Bitkisel \u00dcretimin Korunmas\u0131 ve \u00c7e\u015fitlili\u011fin Artt\u0131r\u0131lmas\u0131 Projesi\u2019 kapsam\u0131nda kestane fidanlar\u0131n\u0131 Ak\u00e7ak\u00f6yl\u00fc hem\u015fehrilerimize teslim ettik. \u00dcretime ve \u00e7ift\u00e7ilerimize destek olacak olan bu anlaml\u0131 projede eme\u011fi ge\u00e7en herkese te\u015fekk\u00fcr ediyorum. Bereketli olsun&#8221; dedi.<br \/><\/p>\n","protected":false},"excerpt":{"rendered":"<p>Tar\u0131mda \u00fcretimin korunmas\u0131 ve \u00e7e\u015fitlili\u011fin art\u0131r\u0131lmas\u0131 amac\u0131yla y\u00fcr\u00fct\u00fclen \u00e7al\u0131\u015fmalar kapsam\u0131nda Ayd\u0131n\u2019\u0131n K\u00f6\u015fk il\u00e7esinde \u00fcreticilere kestane fidan\u0131 da\u011f\u0131t\u0131ld\u0131. Ayd\u0131n Valili\u011fi \u0130l Tar\u0131m ve Orman M\u00fcd\u00fcrl\u00fc\u011f\u00fc ile Yat\u0131r\u0131m \u0130zleme ve Koordinasyon Ba\u015fkanl\u0131\u011f\u0131 taraf\u0131ndan ortak protokol ile haz\u0131rlanan &#8220;Ayd\u0131n \u0130li Bitkisel \u00dcretimin Korunmas\u0131 ve \u00c7e\u015fitlili\u011fin Art\u0131r\u0131lmas\u0131 Projesi&#8221; kapsam\u0131nda K\u00f6\u015fk il\u00e7esinde fidan da\u011f\u0131t\u0131m t\u00f6reni ger\u00e7ekle\u015ftirildi. Proje kapsam\u0131nda haz\u0131rlanan kestane&#8230;<\/p>\n","protected":false},"author":1,"featured_media":73763,"comment_status":"open","ping_status":"open","sticky":false,"template":"","format":"standard","meta":{"_crdt_document":"","footnotes":""},"categories":[1],"tags":[],"class_list":["post-73762","post","type-post","status-publish","format-standard","has-post-thumbnail","hentry","category-guncel"],"_links":{"self":[{"href":"https:\/\/www.egemtv.com\/index.php?rest_route=\/wp\/v2\/posts\/73762","targetHints":{"allow":["GET"]}}],"collection":[{"href":"https:\/\/www.egemtv.com\/index.php?rest_route=\/wp\/v2\/posts"}],"about":[{"href":"https:\/\/www.egemtv.com\/index.php?rest_route=\/wp\/v2\/types\/post"}],"author":[{"embeddable":true,"href":"https:\/\/www.egemtv.com\/index.php?rest_route=\/wp\/v2\/users\/1"}],"replies":[{"embeddable":true,"href":"https:\/\/www.egemtv.com\/index.php?rest_route=%2Fwp%2Fv2%2Fcomments&post=73762"}],"version-history":[{"count":1,"href":"https:\/\/www.egemtv.com\/index.php?rest_route=\/wp\/v2\/posts\/73762\/revisions"}],"predecessor-version":[{"id":73764,"href":"https:\/\/www.egemtv.com\/index.php?rest_route=\/wp\/v2\/posts\/73762\/revisions\/73764"}],"wp:featuredmedia":[{"embeddable":true,"href":"https:\/\/www.egemtv.com\/index.php?rest_route=\/wp\/v2\/media\/73763"}],"wp:attachment":[{"href":"https:\/\/www.egemtv.com\/index.php?rest_route=%2Fwp%2Fv2%2Fmedia&parent=73762"}],"wp:term":[{"taxonomy":"category","embeddable":true,"href":"https:\/\/www.egemtv.com\/index.php?rest_route=%2Fwp%2Fv2%2Fcategories&post=73762"},{"taxonomy":"post_tag","embeddable":true,"href":"https:\/\/www.egemtv.com\/index.php?rest_route=%2Fwp%2Fv2%2Ftags&post=73762"}],"curies":[{"name":"wp","href":"https:\/\/api.w.org\/{rel}","templated":true}]}}