{"id":73759,"date":"2025-12-12T14:34:37","date_gmt":"2025-12-12T11:34:37","guid":{"rendered":"https:\/\/www.egemtv.com\/?p=73759"},"modified":"2025-12-12T14:34:38","modified_gmt":"2025-12-12T11:34:38","slug":"usak-universitesi-rektorlugune-prof-dr-ahmet-demir-atandi","status":"publish","type":"post","link":"https:\/\/www.egemtv.com\/?p=73759","title":{"rendered":"U\u015fak \u00dcniversitesi Rekt\u00f6rl\u00fc\u011f\u00fcne Prof. Dr. Ahmet Demir atand\u0131"},"content":{"rendered":"<p>Resmi Gazete\u2019de yay\u0131mlanan atama listesine g\u00f6re U\u015fak \u00dcniversitesi Rekt\u00f6rl\u00fc\u011f\u00fcne, Prof. Dr. Ahmet Demir atand\u0131.<\/p>\n<p>Binlerce ki\u015finin g\u00fcndeminde olan rekt\u00f6r atamalar\u0131 d\u00fcn gece Resmi Gazete\u2019de yay\u0131mland\u0131. Cumhurba\u015fkanl\u0131\u011f\u0131 taraf\u0131ndan 9 \u00fcniversiteye yeni rekt\u00f6r atamas\u0131 ger\u00e7ekle\u015fti Yay\u0131mlanan atamalara g\u00f6re U\u015fak \u00dcniversitesi Rekt\u00f6rl\u00fc\u011f\u00fcne Prof. Dr. Ahmet Demir atand\u0131. 1959 senesinde U\u015fak Ulubey\u2019de do\u011fan Prof. Dr. Ahmet Demir, 1976 y\u0131l\u0131nda Afyon Lisesinden, 1981 senesinde \u0130T\u00dc \u0130n\u015faat M\u00fchendisli\u011fi b\u00f6l\u00fcm\u00fcnden mezun oldu. 1983 senesinde Y\u0131ld\u0131z Teknik \u00dcniversitesi (YT\u00dc) \u0130n\u015faat M\u00fchendisli\u011fi B\u00f6l\u00fcm\u00fcnde Ara\u015ft\u0131rma G\u00f6revlisi olarak akademik hayata ba\u015flad\u0131.<\/p>\n<p>Ayn\u0131 \u00fcniversiteden 1985 senesinde Y\u00fcksek M\u00fchendis, 1990 senesinde de Doktor unvanlar\u0131n\u0131 ald\u0131. 1988-1989 y\u0131llar\u0131 aras\u0131nda Hollanda\u2019n\u0131n Delft \u015fehrinde I.H.E. (MS. Sanitary Engineering) kursuna kat\u0131ld\u0131. 2002 y\u0131l\u0131nda profes\u00f6r unvan\u0131 alan Ahmet Demir, 2006-2008 seneleri aras\u0131nda YT\u00dc \u00c7evre M\u00fchendisli\u011fi B\u00f6l\u00fcm\u00fc Ba\u015fkanl\u0131\u011f\u0131, 2008-2010 ve 2014-2016 seneleri aras\u0131nda YT\u00dc \u0130n\u015faat Fak\u00fcltesi Dekanl\u0131k g\u00f6revlerinde bulunmu\u015ftur. 2010-2014 tarihleri aras\u0131nda da \u0130stanbul Su ve Kanalizasyon \u0130daresi Genel M\u00fcd\u00fcrl\u00fc\u011f\u00fc g\u00f6revini yapt\u0131.<br \/><\/p>\n","protected":false},"excerpt":{"rendered":"<p>Resmi Gazete\u2019de yay\u0131mlanan atama listesine g\u00f6re U\u015fak \u00dcniversitesi Rekt\u00f6rl\u00fc\u011f\u00fcne, Prof. Dr. Ahmet Demir atand\u0131. Binlerce ki\u015finin g\u00fcndeminde olan rekt\u00f6r atamalar\u0131 d\u00fcn gece Resmi Gazete\u2019de yay\u0131mland\u0131. Cumhurba\u015fkanl\u0131\u011f\u0131 taraf\u0131ndan 9 \u00fcniversiteye yeni rekt\u00f6r atamas\u0131 ger\u00e7ekle\u015fti Yay\u0131mlanan atamalara g\u00f6re U\u015fak \u00dcniversitesi Rekt\u00f6rl\u00fc\u011f\u00fcne Prof. Dr. Ahmet Demir atand\u0131. 1959 senesinde U\u015fak Ulubey\u2019de do\u011fan Prof. Dr. Ahmet Demir, 1976 y\u0131l\u0131nda&#8230;<\/p>\n","protected":false},"author":1,"featured_media":73760,"comment_status":"open","ping_status":"open","sticky":false,"template":"","format":"standard","meta":{"_crdt_document":"","footnotes":""},"categories":[1],"tags":[],"class_list":["post-73759","post","type-post","status-publish","format-standard","has-post-thumbnail","hentry","category-guncel"],"_links":{"self":[{"href":"https:\/\/www.egemtv.com\/index.php?rest_route=\/wp\/v2\/posts\/73759","targetHints":{"allow":["GET"]}}],"collection":[{"href":"https:\/\/www.egemtv.com\/index.php?rest_route=\/wp\/v2\/posts"}],"about":[{"href":"https:\/\/www.egemtv.com\/index.php?rest_route=\/wp\/v2\/types\/post"}],"author":[{"embeddable":true,"href":"https:\/\/www.egemtv.com\/index.php?rest_route=\/wp\/v2\/users\/1"}],"replies":[{"embeddable":true,"href":"https:\/\/www.egemtv.com\/index.php?rest_route=%2Fwp%2Fv2%2Fcomments&post=73759"}],"version-history":[{"count":1,"href":"https:\/\/www.egemtv.com\/index.php?rest_route=\/wp\/v2\/posts\/73759\/revisions"}],"predecessor-version":[{"id":73761,"href":"https:\/\/www.egemtv.com\/index.php?rest_route=\/wp\/v2\/posts\/73759\/revisions\/73761"}],"wp:featuredmedia":[{"embeddable":true,"href":"https:\/\/www.egemtv.com\/index.php?rest_route=\/wp\/v2\/media\/73760"}],"wp:attachment":[{"href":"https:\/\/www.egemtv.com\/index.php?rest_route=%2Fwp%2Fv2%2Fmedia&parent=73759"}],"wp:term":[{"taxonomy":"category","embeddable":true,"href":"https:\/\/www.egemtv.com\/index.php?rest_route=%2Fwp%2Fv2%2Fcategories&post=73759"},{"taxonomy":"post_tag","embeddable":true,"href":"https:\/\/www.egemtv.com\/index.php?rest_route=%2Fwp%2Fv2%2Ftags&post=73759"}],"curies":[{"name":"wp","href":"https:\/\/api.w.org\/{rel}","templated":true}]}}