{"id":73756,"date":"2025-12-12T14:34:36","date_gmt":"2025-12-12T11:34:36","guid":{"rendered":"https:\/\/www.egemtv.com\/?p=73756"},"modified":"2025-12-12T14:34:37","modified_gmt":"2025-12-12T11:34:37","slug":"bodrum-sahiline-vuran-caretta-caretta-vincle-kaldirildi","status":"publish","type":"post","link":"https:\/\/www.egemtv.com\/?p=73756","title":{"rendered":"Bodrum sahiline vuran caretta caretta vin\u00e7le kald\u0131r\u0131ld\u0131"},"content":{"rendered":"<p>Bodrum\u2019un Torba sahilinde k\u0131y\u0131ya vurarak telef olan caretta caretta bulundu. V\u00fccudunda ciddi deformeler olan deniz canl\u0131s\u0131, b\u00fcy\u00fckl\u00fc\u011f\u00fc nedeniyle vin\u00e7 yard\u0131m\u0131yla sahilden kald\u0131r\u0131ld\u0131.<br \/>\n<br \/>Torba Mahallesi sahil \u015feridinde hareketsiz bir carettay\u0131 fark eden vatanda\u015flar, durumu belediye ekiplerine bildirdi. Olay yerine gelen zab\u0131ta ekipleri, kaplumba\u011fan\u0131n \u00f6ld\u00fc\u011f\u00fcn\u00fc belirledi. Yakla\u015f\u0131k 80 santimetre boyunda ve 50 kilogram a\u011f\u0131rl\u0131\u011f\u0131ndaki carettan\u0131n kabu\u011funda ve v\u00fccudunda yo\u011fun deformeler oldu\u011fu tespit edildi. A\u011f\u0131rl\u0131\u011f\u0131 nedeniyle belediye ekipleri b\u00f6lgeye vin\u00e7 \u00e7a\u011f\u0131rarak caretta dikkatli \u015fekilde sahilden al\u0131nd\u0131.<br \/>\n<br \/>Deniz Kaplumba\u011falar\u0131 Ara\u015ft\u0131rma, Kurtarma ve Rehabilitasyon Merkezi (DEKAMER) yetkililerine de bilgi verildi.<br \/><\/p>\n","protected":false},"excerpt":{"rendered":"<p>Bodrum\u2019un Torba sahilinde k\u0131y\u0131ya vurarak telef olan caretta caretta bulundu. V\u00fccudunda ciddi deformeler olan deniz canl\u0131s\u0131, b\u00fcy\u00fckl\u00fc\u011f\u00fc nedeniyle vin\u00e7 yard\u0131m\u0131yla sahilden kald\u0131r\u0131ld\u0131. Torba Mahallesi sahil \u015feridinde hareketsiz bir carettay\u0131 fark eden vatanda\u015flar, durumu belediye ekiplerine bildirdi. Olay yerine gelen zab\u0131ta ekipleri, kaplumba\u011fan\u0131n \u00f6ld\u00fc\u011f\u00fcn\u00fc belirledi. Yakla\u015f\u0131k 80 santimetre boyunda ve 50 kilogram a\u011f\u0131rl\u0131\u011f\u0131ndaki carettan\u0131n kabu\u011funda ve&#8230;<\/p>\n","protected":false},"author":1,"featured_media":73757,"comment_status":"open","ping_status":"open","sticky":false,"template":"","format":"standard","meta":{"_crdt_document":"","footnotes":""},"categories":[5],"tags":[],"class_list":["post-73756","post","type-post","status-publish","format-standard","has-post-thumbnail","hentry","category-asayis"],"_links":{"self":[{"href":"https:\/\/www.egemtv.com\/index.php?rest_route=\/wp\/v2\/posts\/73756","targetHints":{"allow":["GET"]}}],"collection":[{"href":"https:\/\/www.egemtv.com\/index.php?rest_route=\/wp\/v2\/posts"}],"about":[{"href":"https:\/\/www.egemtv.com\/index.php?rest_route=\/wp\/v2\/types\/post"}],"author":[{"embeddable":true,"href":"https:\/\/www.egemtv.com\/index.php?rest_route=\/wp\/v2\/users\/1"}],"replies":[{"embeddable":true,"href":"https:\/\/www.egemtv.com\/index.php?rest_route=%2Fwp%2Fv2%2Fcomments&post=73756"}],"version-history":[{"count":1,"href":"https:\/\/www.egemtv.com\/index.php?rest_route=\/wp\/v2\/posts\/73756\/revisions"}],"predecessor-version":[{"id":73758,"href":"https:\/\/www.egemtv.com\/index.php?rest_route=\/wp\/v2\/posts\/73756\/revisions\/73758"}],"wp:featuredmedia":[{"embeddable":true,"href":"https:\/\/www.egemtv.com\/index.php?rest_route=\/wp\/v2\/media\/73757"}],"wp:attachment":[{"href":"https:\/\/www.egemtv.com\/index.php?rest_route=%2Fwp%2Fv2%2Fmedia&parent=73756"}],"wp:term":[{"taxonomy":"category","embeddable":true,"href":"https:\/\/www.egemtv.com\/index.php?rest_route=%2Fwp%2Fv2%2Fcategories&post=73756"},{"taxonomy":"post_tag","embeddable":true,"href":"https:\/\/www.egemtv.com\/index.php?rest_route=%2Fwp%2Fv2%2Ftags&post=73756"}],"curies":[{"name":"wp","href":"https:\/\/api.w.org\/{rel}","templated":true}]}}