{"id":73753,"date":"2025-12-12T14:14:42","date_gmt":"2025-12-12T11:14:42","guid":{"rendered":"https:\/\/www.egemtv.com\/?p=73753"},"modified":"2025-12-12T14:14:43","modified_gmt":"2025-12-12T11:14:43","slug":"yunusemreden-yapay-zeka-soylesisi","status":"publish","type":"post","link":"https:\/\/www.egemtv.com\/?p=73753","title":{"rendered":"Yunusemre\u2019den yapay zeka s\u00f6yle\u015fisi"},"content":{"rendered":"<p>Yunusemre Belediyesi, \u2019Yapay zeka\u2019 konulu s\u00f6yle\u015fiyle akademisyenleri, sivil toplum temsilcilerini ve vatanda\u015flar\u0131 ayn\u0131 \u00e7at\u0131 alt\u0131nda bulu\u015fturdu.<br \/>\n<br \/>Yunusemre Belediyesi, Felsefe G\u00fcnleri kapsam\u0131nda \u2019Yapay zeka\u2019 konulu s\u00f6yle\u015fiye ev sahipli\u011fi yapt\u0131. Manisa Barosu toplant\u0131 salonunda yap\u0131lan programa, akademisyenler, sivil toplum kurulu\u015flar\u0131 ve \u00e7ok say\u0131da vatanda\u015f kat\u0131l\u0131m sa\u011flad\u0131. \u015e\u00f6yle\u015fiyi, Yunusemre Belediye Ba\u015fkan\u0131 Semih Balaban\u2019\u0131n yan\u0131 s\u0131ra Belediye Ba\u015fkan Yard\u0131mc\u0131lar\u0131 Hakan G\u00fcrtunca ve Mehmet Mesut Do\u011fan, AK Parti Grup Ba\u015fkanvekili Berk Mersinli, Yunusemre Kent Konseyi Ba\u015fkan\u0131 Bekta\u015f K\u0131l\u0131n\u00e7, belediye meclis \u00fcyeleri ve \u00e7e\u015fitli STK \u00fcyeleri takip etti.<br \/>\n<br \/>Alan\u0131nda uzman akademisyenler Prof. Dr. Zekiye Kutlusoy, Prof. Dr. H\u00fcseyin Gazi Topdemir ve Do\u00e7. Dr. Mehtap Do\u011fan\u2019\u0131n konu\u015fmac\u0131 oldu\u011fu s\u00f6yleyi\u015finin moderat\u00f6rl\u00fc\u011f\u00fcn\u00fc Manisa Celal Bayar \u00dcniversitesi Felsefe B\u00f6l\u00fcm\u00fc \u00d6\u011fretim \u00dcyesi Do\u00e7. Dr. Ceyhun Ak\u0131n \u00fcstlendi.<br \/>\n<br \/>\u00dc\u00e7 ana ba\u015fl\u0131k alt\u0131nda ilerleyen s\u00f6yle\u015finin ilk b\u00f6l\u00fcm\u00fcnde &#8220;\u00c7a\u011fda\u015f zihin felsefesi ba\u011flam\u0131nda yapay zeka soru\u015fturmas\u0131&#8221; ele al\u0131nd\u0131. Bu b\u00f6l\u00fcmde yapay zekan\u0131n d\u00fc\u015f\u00fcnsel temelleri ve zihin kuramlar\u0131yla ili\u015fkisi a\u00e7\u0131kland\u0131.<br \/>\n<br \/>&#8220;\u0130nsan\u0131n g\u00fc\u00e7 istenci ve otomasyon d\u00fc\u015f\u00fcncesinin geli\u015fimi&#8221; ba\u015fl\u0131kl\u0131 sunumda ise teknolojik d\u00f6n\u00fc\u015f\u00fcm\u00fcn insani ve toplumsal etkileri de\u011ferlendirildi. Son oturumda ise &#8220;Yapay zeka eti\u011fi&#8221; konusu i\u015flenirken, yapay zekan\u0131n etik, hukuki ve toplumsal risklerine dair kapsaml\u0131 bir bak\u0131\u015f sunuldu.<br \/>\n<br \/>Kat\u0131l\u0131mc\u0131lar, konu\u015fmac\u0131lara y\u00f6nelttikleri sorularla s\u00f6yle\u015fiyi interaktif bir yap\u0131ya ta\u015f\u0131rken, program\u0131n sonunda Yunusemre Belediye Ba\u015fkan\u0131 Semih Balaban ve belediye ba\u015fkan yard\u0131mc\u0131lar\u0131, davetli akademisyenlere plaket takdim ederek katk\u0131lar\u0131 i\u00e7in te\u015fekk\u00fcr etti.<br \/><\/p>\n","protected":false},"excerpt":{"rendered":"<p>Yunusemre Belediyesi, \u2019Yapay zeka\u2019 konulu s\u00f6yle\u015fiyle akademisyenleri, sivil toplum temsilcilerini ve vatanda\u015flar\u0131 ayn\u0131 \u00e7at\u0131 alt\u0131nda bulu\u015fturdu. Yunusemre Belediyesi, Felsefe G\u00fcnleri kapsam\u0131nda \u2019Yapay zeka\u2019 konulu s\u00f6yle\u015fiye ev sahipli\u011fi yapt\u0131. Manisa Barosu toplant\u0131 salonunda yap\u0131lan programa, akademisyenler, sivil toplum kurulu\u015flar\u0131 ve \u00e7ok say\u0131da vatanda\u015f kat\u0131l\u0131m sa\u011flad\u0131. \u015e\u00f6yle\u015fiyi, Yunusemre Belediye Ba\u015fkan\u0131 Semih Balaban\u2019\u0131n yan\u0131 s\u0131ra Belediye Ba\u015fkan Yard\u0131mc\u0131lar\u0131&#8230;<\/p>\n","protected":false},"author":1,"featured_media":73754,"comment_status":"open","ping_status":"open","sticky":false,"template":"","format":"standard","meta":{"_crdt_document":"","footnotes":""},"categories":[124],"tags":[],"class_list":["post-73753","post","type-post","status-publish","format-standard","has-post-thumbnail","hentry","category-bilim"],"_links":{"self":[{"href":"https:\/\/www.egemtv.com\/index.php?rest_route=\/wp\/v2\/posts\/73753","targetHints":{"allow":["GET"]}}],"collection":[{"href":"https:\/\/www.egemtv.com\/index.php?rest_route=\/wp\/v2\/posts"}],"about":[{"href":"https:\/\/www.egemtv.com\/index.php?rest_route=\/wp\/v2\/types\/post"}],"author":[{"embeddable":true,"href":"https:\/\/www.egemtv.com\/index.php?rest_route=\/wp\/v2\/users\/1"}],"replies":[{"embeddable":true,"href":"https:\/\/www.egemtv.com\/index.php?rest_route=%2Fwp%2Fv2%2Fcomments&post=73753"}],"version-history":[{"count":1,"href":"https:\/\/www.egemtv.com\/index.php?rest_route=\/wp\/v2\/posts\/73753\/revisions"}],"predecessor-version":[{"id":73755,"href":"https:\/\/www.egemtv.com\/index.php?rest_route=\/wp\/v2\/posts\/73753\/revisions\/73755"}],"wp:featuredmedia":[{"embeddable":true,"href":"https:\/\/www.egemtv.com\/index.php?rest_route=\/wp\/v2\/media\/73754"}],"wp:attachment":[{"href":"https:\/\/www.egemtv.com\/index.php?rest_route=%2Fwp%2Fv2%2Fmedia&parent=73753"}],"wp:term":[{"taxonomy":"category","embeddable":true,"href":"https:\/\/www.egemtv.com\/index.php?rest_route=%2Fwp%2Fv2%2Fcategories&post=73753"},{"taxonomy":"post_tag","embeddable":true,"href":"https:\/\/www.egemtv.com\/index.php?rest_route=%2Fwp%2Fv2%2Ftags&post=73753"}],"curies":[{"name":"wp","href":"https:\/\/api.w.org\/{rel}","templated":true}]}}