{"id":73750,"date":"2025-12-12T13:54:35","date_gmt":"2025-12-12T10:54:35","guid":{"rendered":"https:\/\/www.egemtv.com\/?p=73750"},"modified":"2025-12-12T13:54:36","modified_gmt":"2025-12-12T10:54:36","slug":"lise-ogrencilerine-yonelik-egitim","status":"publish","type":"post","link":"https:\/\/www.egemtv.com\/?p=73750","title":{"rendered":"Lise \u00f6\u011frencilerine y\u00f6nelik e\u011fitim"},"content":{"rendered":"<p>Afyonkarahisar\u2019da polis ekipleri taraf\u0131ndan lise \u00f6\u011frencilerine y\u00f6nelik \u00e7e\u015fitli konularda e\u011fitim verildi.<br \/>\n<br \/>Edinilen bilgilere g\u00f6re, e\u011fitim \u00e7al\u0131\u015fmas\u0131 \u0130l Emniyet M\u00fcd\u00fcrl\u00fc\u011f\u00fc \u00c7ocuk \u015eube M\u00fcd\u00fcrl\u00fc\u011f\u00fc ekipleri taraf\u0131ndan verildi. &#8220;\u00c7ocuk Su\u00e7lar\u0131 ve Akran Zorbal\u0131\u011f\u0131&#8221; konusu ile ilgili Afyonkarahisar Anadolu \u0130mam Hatip Lisesi \u00f6\u011frencilerine y\u00f6nelik \u2019\u00c7ocuk Su\u00e7lar\u0131, Akran Zorbal\u0131\u011f\u0131, \u00c7ocuk \u0130hmal ve \u0130stismar\u0131, Su\u00e7a Kar\u0131\u015fan \u00c7ocuk, Ma\u011fdur \u00c7ocuklara y\u00f6nelik izlenilecek yollar ve<br \/>\n<br \/>\u00c7ocuk ve Polis \u0130li\u015fkileri konular\u0131nda bilgilendirme faaliyeti yap\u0131ld\u0131.<br \/><\/p>\n","protected":false},"excerpt":{"rendered":"<p>Afyonkarahisar\u2019da polis ekipleri taraf\u0131ndan lise \u00f6\u011frencilerine y\u00f6nelik \u00e7e\u015fitli konularda e\u011fitim verildi. Edinilen bilgilere g\u00f6re, e\u011fitim \u00e7al\u0131\u015fmas\u0131 \u0130l Emniyet M\u00fcd\u00fcrl\u00fc\u011f\u00fc \u00c7ocuk \u015eube M\u00fcd\u00fcrl\u00fc\u011f\u00fc ekipleri taraf\u0131ndan verildi. &#8220;\u00c7ocuk Su\u00e7lar\u0131 ve Akran Zorbal\u0131\u011f\u0131&#8221; konusu ile ilgili Afyonkarahisar Anadolu \u0130mam Hatip Lisesi \u00f6\u011frencilerine y\u00f6nelik \u2019\u00c7ocuk Su\u00e7lar\u0131, Akran Zorbal\u0131\u011f\u0131, \u00c7ocuk \u0130hmal ve \u0130stismar\u0131, Su\u00e7a Kar\u0131\u015fan \u00c7ocuk, Ma\u011fdur \u00c7ocuklara y\u00f6nelik izlenilecek&#8230;<\/p>\n","protected":false},"author":1,"featured_media":73751,"comment_status":"open","ping_status":"open","sticky":false,"template":"","format":"standard","meta":{"_crdt_document":"","footnotes":""},"categories":[1],"tags":[],"class_list":["post-73750","post","type-post","status-publish","format-standard","has-post-thumbnail","hentry","category-guncel"],"_links":{"self":[{"href":"https:\/\/www.egemtv.com\/index.php?rest_route=\/wp\/v2\/posts\/73750","targetHints":{"allow":["GET"]}}],"collection":[{"href":"https:\/\/www.egemtv.com\/index.php?rest_route=\/wp\/v2\/posts"}],"about":[{"href":"https:\/\/www.egemtv.com\/index.php?rest_route=\/wp\/v2\/types\/post"}],"author":[{"embeddable":true,"href":"https:\/\/www.egemtv.com\/index.php?rest_route=\/wp\/v2\/users\/1"}],"replies":[{"embeddable":true,"href":"https:\/\/www.egemtv.com\/index.php?rest_route=%2Fwp%2Fv2%2Fcomments&post=73750"}],"version-history":[{"count":1,"href":"https:\/\/www.egemtv.com\/index.php?rest_route=\/wp\/v2\/posts\/73750\/revisions"}],"predecessor-version":[{"id":73752,"href":"https:\/\/www.egemtv.com\/index.php?rest_route=\/wp\/v2\/posts\/73750\/revisions\/73752"}],"wp:featuredmedia":[{"embeddable":true,"href":"https:\/\/www.egemtv.com\/index.php?rest_route=\/wp\/v2\/media\/73751"}],"wp:attachment":[{"href":"https:\/\/www.egemtv.com\/index.php?rest_route=%2Fwp%2Fv2%2Fmedia&parent=73750"}],"wp:term":[{"taxonomy":"category","embeddable":true,"href":"https:\/\/www.egemtv.com\/index.php?rest_route=%2Fwp%2Fv2%2Fcategories&post=73750"},{"taxonomy":"post_tag","embeddable":true,"href":"https:\/\/www.egemtv.com\/index.php?rest_route=%2Fwp%2Fv2%2Ftags&post=73750"}],"curies":[{"name":"wp","href":"https:\/\/api.w.org\/{rel}","templated":true}]}}