{"id":73747,"date":"2025-12-12T13:35:48","date_gmt":"2025-12-12T10:35:48","guid":{"rendered":"https:\/\/www.egemtv.com\/?p=73747"},"modified":"2025-12-12T13:35:49","modified_gmt":"2025-12-12T10:35:49","slug":"aile-sosyal-hizmetler-il-mudurlugunde-devir-teslim-toreni","status":"publish","type":"post","link":"https:\/\/www.egemtv.com\/?p=73747","title":{"rendered":"Aile Sosyal Hizmetler \u0130l M\u00fcd\u00fcrl\u00fc\u011f\u00fc\u2019nde devir teslim t\u00f6reni"},"content":{"rendered":"<p>Aile ve Sosyal Hizmetler Ayd\u0131n \u0130l M\u00fcd\u00fcrl\u00fc\u011f\u00fc\u2019nde g\u00f6rev de\u011fi\u015fimi ger\u00e7ekle\u015ftirildi. \u0130zmir \u0130l M\u00fcd\u00fcrl\u00fc\u011f\u00fc\u2019ne atanan Abdullah K\u00f6m\u00fcrc\u00fco\u011flu, g\u00f6revini Bilecik \u0130l M\u00fcd\u00fcrl\u00fc\u011f\u00fcnden Ayd\u0131n\u2019a atanan \u0130lkay T\u00fcrko\u011flu\u2019na teslim etti.<\/p>\n<p>Ayd\u0131n Aile Sosyal Hizmetler \u0130l M\u00fcd\u00fcrl\u00fc\u011f\u00fc\u2019nden yap\u0131lan a\u00e7\u0131klamada, &#8220;G\u00f6rev s\u00fcresi boyunca insan odakl\u0131 hizmet anlay\u0131\u015f\u0131, \u00e7al\u0131\u015fma arkada\u015flar\u0131na duydu\u011fu g\u00fcven, kurum k\u00fclt\u00fcr\u00fcne yapt\u0131\u011f\u0131 katk\u0131lar ve Ayd\u0131n\u2019a kazand\u0131rd\u0131\u011f\u0131 vizyon nedeniyle \u0130l M\u00fcd\u00fcr\u00fcm\u00fcz Abdullah K\u00f6m\u00fcrc\u00fco\u011flu\u2019na te\u015fekk\u00fcr ediyor; yeni g\u00f6rev yerinde ba\u015far\u0131lar\u0131n\u0131n devam\u0131n\u0131 diliyoruz. Ayd\u0131n\u2019da b\u0131rakt\u0131\u011f\u0131 emek, samimiyet ve g\u00fc\u00e7l\u00fc liderlik her daim sayg\u0131yla hat\u0131rlanacakt\u0131r. \u0130limizde g\u00f6reve ba\u015flayan \u0130l M\u00fcd\u00fcr\u00fcm\u00fcz \u0130lkay T\u00fcrko\u011flu\u2019na ise ho\u015f geldiniz diyor; Ayd\u0131n\u2019\u0131n sosyal hizmetler alan\u0131ndaki \u00e7\u0131tas\u0131n\u0131 daha da y\u00fckseltece\u011fine olan inanc\u0131m\u0131z\u0131 ifade ediyoruz. Kendisine yeni g\u00f6revinde kolayl\u0131klar, bereketli \u00e7al\u0131\u015fmalar ve ba\u015far\u0131lar diliyoruz. Aile ve Sosyal Hizmetler Ayd\u0131n \u0130l M\u00fcd\u00fcrl\u00fc\u011f\u00fc olarak, birlik ve i\u015f birli\u011fi i\u00e7inde insan\u0131m\u0131z\u0131n huzuru ve iyili\u011fi i\u00e7in \u00e7al\u0131\u015fmaya kararl\u0131l\u0131kla devam edece\u011fiz&#8221; denildi.<br \/><\/p>\n","protected":false},"excerpt":{"rendered":"<p>Aile ve Sosyal Hizmetler Ayd\u0131n \u0130l M\u00fcd\u00fcrl\u00fc\u011f\u00fc\u2019nde g\u00f6rev de\u011fi\u015fimi ger\u00e7ekle\u015ftirildi. \u0130zmir \u0130l M\u00fcd\u00fcrl\u00fc\u011f\u00fc\u2019ne atanan Abdullah K\u00f6m\u00fcrc\u00fco\u011flu, g\u00f6revini Bilecik \u0130l M\u00fcd\u00fcrl\u00fc\u011f\u00fcnden Ayd\u0131n\u2019a atanan \u0130lkay T\u00fcrko\u011flu\u2019na teslim etti. Ayd\u0131n Aile Sosyal Hizmetler \u0130l M\u00fcd\u00fcrl\u00fc\u011f\u00fc\u2019nden yap\u0131lan a\u00e7\u0131klamada, &#8220;G\u00f6rev s\u00fcresi boyunca insan odakl\u0131 hizmet anlay\u0131\u015f\u0131, \u00e7al\u0131\u015fma arkada\u015flar\u0131na duydu\u011fu g\u00fcven, kurum k\u00fclt\u00fcr\u00fcne yapt\u0131\u011f\u0131 katk\u0131lar ve Ayd\u0131n\u2019a kazand\u0131rd\u0131\u011f\u0131 vizyon nedeniyle \u0130l&#8230;<\/p>\n","protected":false},"author":1,"featured_media":73748,"comment_status":"open","ping_status":"open","sticky":false,"template":"","format":"standard","meta":{"_crdt_document":"","footnotes":""},"categories":[1],"tags":[],"class_list":["post-73747","post","type-post","status-publish","format-standard","has-post-thumbnail","hentry","category-guncel"],"_links":{"self":[{"href":"https:\/\/www.egemtv.com\/index.php?rest_route=\/wp\/v2\/posts\/73747","targetHints":{"allow":["GET"]}}],"collection":[{"href":"https:\/\/www.egemtv.com\/index.php?rest_route=\/wp\/v2\/posts"}],"about":[{"href":"https:\/\/www.egemtv.com\/index.php?rest_route=\/wp\/v2\/types\/post"}],"author":[{"embeddable":true,"href":"https:\/\/www.egemtv.com\/index.php?rest_route=\/wp\/v2\/users\/1"}],"replies":[{"embeddable":true,"href":"https:\/\/www.egemtv.com\/index.php?rest_route=%2Fwp%2Fv2%2Fcomments&post=73747"}],"version-history":[{"count":1,"href":"https:\/\/www.egemtv.com\/index.php?rest_route=\/wp\/v2\/posts\/73747\/revisions"}],"predecessor-version":[{"id":73749,"href":"https:\/\/www.egemtv.com\/index.php?rest_route=\/wp\/v2\/posts\/73747\/revisions\/73749"}],"wp:featuredmedia":[{"embeddable":true,"href":"https:\/\/www.egemtv.com\/index.php?rest_route=\/wp\/v2\/media\/73748"}],"wp:attachment":[{"href":"https:\/\/www.egemtv.com\/index.php?rest_route=%2Fwp%2Fv2%2Fmedia&parent=73747"}],"wp:term":[{"taxonomy":"category","embeddable":true,"href":"https:\/\/www.egemtv.com\/index.php?rest_route=%2Fwp%2Fv2%2Fcategories&post=73747"},{"taxonomy":"post_tag","embeddable":true,"href":"https:\/\/www.egemtv.com\/index.php?rest_route=%2Fwp%2Fv2%2Ftags&post=73747"}],"curies":[{"name":"wp","href":"https:\/\/api.w.org\/{rel}","templated":true}]}}