{"id":73744,"date":"2025-12-12T13:35:47","date_gmt":"2025-12-12T10:35:47","guid":{"rendered":"https:\/\/www.egemtv.com\/?p=73744"},"modified":"2025-12-12T13:35:48","modified_gmt":"2025-12-12T10:35:48","slug":"bodrum-fk-erzurum-deplasmaninda-3-puan-ariyor","status":"publish","type":"post","link":"https:\/\/www.egemtv.com\/?p=73744","title":{"rendered":"Bodrum FK, Erzurum deplasman\u0131nda 3 puan ar\u0131yor"},"content":{"rendered":"<p>Trendyol 1. Lig\u2019de Bodrum FK, 17. hafta m\u00fcsabakas\u0131nda kar\u015f\u0131la\u015faca\u011f\u0131 Erzurumspor FK\u2019ya konuk olacak. Burhan E\u015fer\u2019in \u00f6\u011frencileri, deplasmanda galip gelerek zirve yar\u0131\u015f\u0131n\u0131 s\u00fcrd\u00fcrmek istiyor.<br \/>\n<br \/>Bodrum FK, Trendyol 1. Lig\u2019in 17. haftas\u0131nda 14 Aral\u0131k Pazar g\u00fcn\u00fc saat 13.30\u2019da deplasmanda Erzurumspor FK ile kar\u015f\u0131 kar\u015f\u0131ya gelecek. Ye\u015fil-beyazl\u0131 ekip, Yal\u0131\u00e7iftlik \u0130smail Alt\u0131nda\u011f Tesisleri\u2019nde Teknik Direkt\u00f6r Burhan E\u015fer y\u00f6netiminde haz\u0131rl\u0131klar\u0131n\u0131 s\u00fcrd\u00fcrd\u00fc. Zorlu deplasmana odaklanan tak\u0131m, ma\u00e7tan 3 puanla d\u00f6nerek zirve yar\u0131\u015f\u0131ndaki iddias\u0131n\u0131 g\u00fc\u00e7lendirmek istiyor. Taktik a\u011f\u0131rl\u0131kl\u0131 ge\u00e7en antrenmanda futbolcular\u0131n istekli g\u00f6r\u00fcnt\u00fcs\u00fc dikkat \u00e7ekti.<\/p>\n<p>Burhan E\u015fer: &#8220;Erzurum ma\u00e7\u0131yla deplasman konusunu kapataca\u011f\u0131z&#8221;<br \/>\n<br \/>Bodrum FK Teknik Direkt\u00f6r\u00fc Burhan E\u015fer, &#8220;Band\u0131rmaspor ma\u00e7\u0131 \u00fcretemedi\u011fimiz, k\u00f6t\u00fc oynad\u0131\u011f\u0131m\u0131z bir ma\u00e7t\u0131. Saha i\u00e7i organizasyonlarda de\u011fi\u015fik formasyonlar denedi\u011fimiz bir ma\u00e7 oldu. Deplasman oyunumuzla ilgili biraz s\u0131k\u0131nt\u0131lar\u0131m\u0131z var. Ligi de\u011ferlendirdi\u011fimizde deplasmanda en \u00e7ok puan toplayan tak\u0131mlar Amed, Ke\u00e7i\u00f6ren ve Serik gibi tak\u0131mlar 12 puan toplam\u0131\u015f, biz 8 puan toplam\u0131\u015f\u0131z. Bu sene ligin ger\u00e7e\u011fine bakt\u0131\u011f\u0131n\u0131zda i\u00e7 saha tak\u0131mlar\u0131n\u0131n daha bask\u0131n oldu\u011fu bir lig g\u00f6r\u00fcyoruz. \u00c7o\u011fu tak\u0131m\u0131n deplasmanda s\u0131k\u0131nt\u0131s\u0131 var, sadece bizim de\u011fil. Oyuncular\u0131m\u0131zla de\u011ferlendirdik, toplant\u0131lar yapt\u0131k. Bizim i\u00e7in \u00f6nemli olan rakiplerimizin deplasmanda ne yapt\u0131\u011f\u0131 de\u011fil, bizim kendi i\u00e7imizde bu sorunu \u00e7\u00f6zmemiz. Erzurum ma\u00e7\u0131yla in\u015fallah deplasman konusunu kapataca\u011f\u0131z. Deplasman ve i\u00e7 saha fark etmeksizin bu yar\u0131\u015f\u0131n i\u00e7erisinde olmak istiyorsak ikisini bir arada iyi bir \u015fekilde neticelendirmek gerekiyor&#8221; dedi.<\/p>\n<p>Taulant Seferi: &#8220;Tak\u0131m\u0131n gidi\u015fat\u0131ndan memnunum&#8221;<br \/>\n<br \/>Bodrum FK\u2019n\u0131n golc\u00fc oyuncusu Taulant Seferi ise &#8220;Tak\u0131m\u0131n gidi\u015fat\u0131ndan da kendi bireysel performans\u0131mdan da memnunum. Umar\u0131m bu \u015fekilde devam edece\u011fiz. Hem santrafor hem de h\u00fccum oyuncusu olarak att\u0131\u011f\u0131n\u0131z goller ve att\u0131rd\u0131\u011f\u0131n\u0131z gollerin \u00f6nemi b\u00fcy\u00fck. Ben de bu sezon bu katk\u0131y\u0131 veriyorum, umar\u0131m bu \u015fekilde devam edece\u011fim. Ge\u00e7en sene ben sezon ba\u015f\u0131 kamp\u0131 ge\u00e7irmedim, biraz ge\u00e7 geldim. Ge\u00e7en sezon sonu\u00e7lara ba\u011fl\u0131 olarak 3 hoca de\u011fi\u015ftirdik, bu da ister istemez performans\u0131 etkileyebiliyor. Adaptasyonumun ge\u00e7 olmas\u0131n\u0131n sebebi tak\u0131ma ge\u00e7 kat\u0131lm\u0131\u015f olmam, kamp yapmam\u0131\u015f olmam; ge\u00e7en sene ve bu sene aras\u0131ndaki fark\u0131n bu oldu\u011funu s\u00f6yleyebilirim. Tak\u0131m\u0131n ba\u015far\u0131s\u0131na odakl\u0131y\u0131m&#8221; diye konu\u015ftu.<br \/><\/p>\n","protected":false},"excerpt":{"rendered":"<p>Trendyol 1. Lig\u2019de Bodrum FK, 17. hafta m\u00fcsabakas\u0131nda kar\u015f\u0131la\u015faca\u011f\u0131 Erzurumspor FK\u2019ya konuk olacak. Burhan E\u015fer\u2019in \u00f6\u011frencileri, deplasmanda galip gelerek zirve yar\u0131\u015f\u0131n\u0131 s\u00fcrd\u00fcrmek istiyor. Bodrum FK, Trendyol 1. Lig\u2019in 17. haftas\u0131nda 14 Aral\u0131k Pazar g\u00fcn\u00fc saat 13.30\u2019da deplasmanda Erzurumspor FK ile kar\u015f\u0131 kar\u015f\u0131ya gelecek. Ye\u015fil-beyazl\u0131 ekip, Yal\u0131\u00e7iftlik \u0130smail Alt\u0131nda\u011f Tesisleri\u2019nde Teknik Direkt\u00f6r Burhan E\u015fer y\u00f6netiminde haz\u0131rl\u0131klar\u0131n\u0131&#8230;<\/p>\n","protected":false},"author":1,"featured_media":73745,"comment_status":"open","ping_status":"open","sticky":false,"template":"","format":"standard","meta":{"_crdt_document":"","footnotes":""},"categories":[4],"tags":[],"class_list":["post-73744","post","type-post","status-publish","format-standard","has-post-thumbnail","hentry","category-spor"],"_links":{"self":[{"href":"https:\/\/www.egemtv.com\/index.php?rest_route=\/wp\/v2\/posts\/73744","targetHints":{"allow":["GET"]}}],"collection":[{"href":"https:\/\/www.egemtv.com\/index.php?rest_route=\/wp\/v2\/posts"}],"about":[{"href":"https:\/\/www.egemtv.com\/index.php?rest_route=\/wp\/v2\/types\/post"}],"author":[{"embeddable":true,"href":"https:\/\/www.egemtv.com\/index.php?rest_route=\/wp\/v2\/users\/1"}],"replies":[{"embeddable":true,"href":"https:\/\/www.egemtv.com\/index.php?rest_route=%2Fwp%2Fv2%2Fcomments&post=73744"}],"version-history":[{"count":1,"href":"https:\/\/www.egemtv.com\/index.php?rest_route=\/wp\/v2\/posts\/73744\/revisions"}],"predecessor-version":[{"id":73746,"href":"https:\/\/www.egemtv.com\/index.php?rest_route=\/wp\/v2\/posts\/73744\/revisions\/73746"}],"wp:featuredmedia":[{"embeddable":true,"href":"https:\/\/www.egemtv.com\/index.php?rest_route=\/wp\/v2\/media\/73745"}],"wp:attachment":[{"href":"https:\/\/www.egemtv.com\/index.php?rest_route=%2Fwp%2Fv2%2Fmedia&parent=73744"}],"wp:term":[{"taxonomy":"category","embeddable":true,"href":"https:\/\/www.egemtv.com\/index.php?rest_route=%2Fwp%2Fv2%2Fcategories&post=73744"},{"taxonomy":"post_tag","embeddable":true,"href":"https:\/\/www.egemtv.com\/index.php?rest_route=%2Fwp%2Fv2%2Ftags&post=73744"}],"curies":[{"name":"wp","href":"https:\/\/api.w.org\/{rel}","templated":true}]}}