{"id":73741,"date":"2025-12-12T13:15:08","date_gmt":"2025-12-12T10:15:08","guid":{"rendered":"https:\/\/www.egemtv.com\/?p=73741"},"modified":"2025-12-12T13:15:09","modified_gmt":"2025-12-12T10:15:09","slug":"mentese-belediyesi-ekolojik-gerontoloji-ve-yaslanma-etkinligi-duzenledi","status":"publish","type":"post","link":"https:\/\/www.egemtv.com\/?p=73741","title":{"rendered":"Mente\u015fe Belediyesi, ekolojik gerontoloji ve ya\u015flanma etkinli\u011fi d\u00fczenledi"},"content":{"rendered":"<p>Mente\u015fe Belediyesi, &#8220;ya\u015fl\u0131 dostu ve s\u00fcrd\u00fcr\u00fclebilir bir kent&#8221; olu\u015fturma hedefi do\u011frultusunda \u00f6nemli bir ad\u0131m atarak Ekolojik Gerontoloji ve Ya\u015flanma Etkinli\u011fi\u2019ne ev sahipli\u011fi yapt\u0131. T\u00fcrkan Saylan \u00c7a\u011fda\u015f Ya\u015fam Merkezi\u2019nde ger\u00e7ekle\u015ftirilen etkinlikte, ya\u015flanma s\u00fcreci ve kent ya\u015fam\u0131n\u0131n bu s\u00fcrece adaptasyonu \u00e7ok boyutlu olarak ele al\u0131nd\u0131.<\/p>\n<p>\u00c7ok say\u0131da uzman\u0131n kat\u0131l\u0131m\u0131yla ger\u00e7ekle\u015fen etkinlik, ya\u015fl\u0131l\u0131k ve kent ya\u015fam\u0131 konular\u0131n\u0131 farkl\u0131 disiplinlerden ele ald\u0131. Etkinlikte, Uygulamal\u0131 Gerontoloji Yakla\u015f\u0131mlar\u0131 Dr. \u00d6zlem \u00d6zg\u00fcr, Esra \u00c7i\u00e7ek ve Murat Esent\u00fcrk, Demans Hastal\u0131klar\u0131 ve Sa\u011fl\u0131kl\u0131 Beslenme Dr. Melih Vural, Ya\u015fam Boyu Hukuk ve Ya\u015fl\u0131 Haklar\u0131 Av. Demir Durak, Gerontolojide Yerel Y\u00f6netimlerin Rol\u00fc Prof. Dr. \u0130smail Tufan ,Birlikte Filizleniyoruz Bitki Dikme Etkinli\u011fi Ziraat Y\u00fck. M\u00fchendisi Necla Dal, Hareket ve Esneme At\u00f6lyesi: Ant. Melisa Y\u0131ld\u0131r\u0131m taraf\u0131ndan sunum ger\u00e7ekle\u015ftirildi.<\/p>\n<p>Etkinlikte s\u00f6z alan Mente\u015fe Belediye Ba\u015fkan\u0131 Gonca K\u00f6ksal Aras, hayat d\u00f6ng\u00fcs\u00fcn\u00fcn ka\u00e7\u0131n\u0131lmaz bir par\u00e7as\u0131 olan ya\u015flanma s\u00fcrecine ve kent y\u00f6netimlerinin sorumluluklar\u0131na dikkat \u00e7ekti.<\/p>\n<p>Ba\u015fkan K\u00f6ksal Aras, s\u00f6zlerine &#8220;Hepimiz birer bebek olarak d\u00fcnyaya geliyoruz. Daha sonra yeti\u015fkin birer birey oluyoruz ve daha sonra ya\u015flan\u0131yoruz. Bu hayat d\u00f6ng\u00fcs\u00fc hepimiz i\u00e7in ge\u00e7erli&#8221; diyerek ba\u015flad\u0131.<\/p>\n<p>Mente\u015fe\u2019nin daha ya\u015fanabilir ve kapsay\u0131c\u0131 bir kent olmas\u0131 i\u00e7in yapt\u0131klar\u0131 \u00e7al\u0131\u015fmalara de\u011finen K\u00f6ksal Aras, k\u0131sa s\u00fcre \u00f6nce tamamlanan Yerle\u015filebilirlik Eylem Plan\u0131 \u00e7al\u0131\u015ftay\u0131 hakk\u0131nda bilgi vererek, &#8220;Kent y\u00f6neticileri olarak b\u00fct\u00fcn bu hayat d\u00f6ng\u00fclerindeki d\u00f6nemlerimizi dikkate al\u0131p buna g\u00f6re programlar\u0131m\u0131z\u0131, planlar\u0131m\u0131z\u0131, projelerimizi, yol haritam\u0131z\u0131 belirlememiz gerekiyor. Kentteki bir engelli de, hamile kad\u0131n da, ya\u015fl\u0131 birey de, \u00e7ocuk da o kentin imkanlar\u0131ndan faydalanmal\u0131 ve bizim g\u00f6revimiz bunlar\u0131n ula\u015f\u0131labilirli\u011fini artt\u0131rmak&#8221; dedi.<\/p>\n<p>\u00c7al\u0131\u015ftayda her masada kad\u0131nlar, engelliler, kamu kurumu ve belediye temsilcileri ile k\u0131rsaldaki kad\u0131nlardan \u00f6\u011frencilere kadar her kesimden insan\u0131n bir araya geldi\u011fini belirten K\u00f6ksal Aras, \u00e7\u0131kan raporun belediyenin yol haritas\u0131n\u0131 olu\u015fturdu\u011funu s\u00f6yledi.<\/p>\n<p>T\u00fcrkiye ve \u00f6zellikle Mu\u011fla n\u00fcfusunun giderek ya\u015fland\u0131\u011f\u0131 ger\u00e7e\u011fine vurgu yapan Ba\u015fkan K\u00f6ksal Aras, \u00f6zellikle pandemi d\u00f6neminde Mu\u011fla\u2019ya yerle\u015fen b\u00fcy\u00fckler sayesinde n\u00fcfusun ciddi anlamda ya\u015fland\u0131\u011f\u0131n\u0131 aktararak, &#8220;N\u00fcfusumuz giderek ya\u015flan\u0131yor. Mu\u011fla\u2019n\u0131n n\u00fcfusu daha da fazla ya\u015flan\u0131yor. \u00c7ok k\u0131sa bir s\u00fcre i\u00e7inde n\u00fcfusumuzun be\u015fte biri ya\u015fl\u0131 olacak. Bu bir ger\u00e7ek olarak \u00f6n\u00fcm\u00fczde duruyor&#8221; \u015feklinde konu\u015ftu.<\/p>\n<p>Ba\u015fkan K\u00f6ksal Aras, belediye olarak ger\u00e7ekle\u015ftirdikleri mekansal d\u00fczenlemelerin yaln\u0131zca belirli bir kesime de\u011fil, t\u00fcm topluma hizmet etti\u011fini belirtti. Engelli rampalar\u0131n\u0131n hamile kad\u0131nlardan bebek arabas\u0131 ta\u015f\u0131yan ebeveynlere kadar herkesin hayat\u0131n\u0131 kolayla\u015ft\u0131rd\u0131\u011f\u0131n\u0131 ifade etti.<\/p>\n<p>Ya\u015fl\u0131lara y\u00f6nelik tesislerdeki yakla\u015f\u0131m de\u011fi\u015fikli\u011fini de duyuran K\u00f6ksal Aras, &#8220;Art\u0131k biz, \u2019Bak\u0131m evi\u2019 ve \u2019Huzurevi\u2019 kavram\u0131n\u0131 de\u011fi\u015ftirelim. A\u00e7\u0131lan tesislere \u2019Ya\u015fam Evi\u2019 diyelim dedik. \u00c7ok k\u0131sa bir zaman i\u00e7inde Hasan \u00d6zcan Ya\u015fam Evi\u2019nin a\u00e7\u0131l\u0131\u015f\u0131n\u0131 yapt\u0131k. Bu tesislerde sadece hayat\u0131n son zamanlar\u0131n\u0131 \u00f6ylesine ge\u00e7irmek de\u011fil, verimli ve \u00fcretken bir bi\u00e7imde ge\u00e7irmek, sanat ve fikir \u00fcretmek hedefleniyor&#8221;<\/p>\n<p>K\u00f6ksal Aras, a\u00e7\u0131lan ve temeli at\u0131lan Ya\u015fam Evleri\u2019nin sadece birer yatakhane ve yemekhane de\u011fil, kafeterya, toplant\u0131 salonu, resim at\u00f6lyesi, k\u00fct\u00fcphane, teknoloji odas\u0131, kuaf\u00f6r, diyetisyen ve psikolog gibi bir\u00e7ok fonksiyona sahip oldu\u011funu ekledi.<\/p>\n<p>Konu\u015fmas\u0131n\u0131n sonunda do\u011fayla etkile\u015fime ve ekoloji konusuna da de\u011finen K\u00f6ksal Aras, bu t\u00fcr etkinliklerin ya\u015fl\u0131l\u0131kla ilgili fark\u0131ndal\u0131\u011f\u0131 art\u0131rd\u0131\u011f\u0131n\u0131 belirterek kat\u0131l\u0131mc\u0131lara ve eme\u011fi ge\u00e7en herkese te\u015fekk\u00fcr etti.<br \/><\/p>\n","protected":false},"excerpt":{"rendered":"<p>Mente\u015fe Belediyesi, &#8220;ya\u015fl\u0131 dostu ve s\u00fcrd\u00fcr\u00fclebilir bir kent&#8221; olu\u015fturma hedefi do\u011frultusunda \u00f6nemli bir ad\u0131m atarak Ekolojik Gerontoloji ve Ya\u015flanma Etkinli\u011fi\u2019ne ev sahipli\u011fi yapt\u0131. T\u00fcrkan Saylan \u00c7a\u011fda\u015f Ya\u015fam Merkezi\u2019nde ger\u00e7ekle\u015ftirilen etkinlikte, ya\u015flanma s\u00fcreci ve kent ya\u015fam\u0131n\u0131n bu s\u00fcrece adaptasyonu \u00e7ok boyutlu olarak ele al\u0131nd\u0131. \u00c7ok say\u0131da uzman\u0131n kat\u0131l\u0131m\u0131yla ger\u00e7ekle\u015fen etkinlik, ya\u015fl\u0131l\u0131k ve kent ya\u015fam\u0131 konular\u0131n\u0131 farkl\u0131&#8230;<\/p>\n","protected":false},"author":1,"featured_media":73742,"comment_status":"open","ping_status":"open","sticky":false,"template":"","format":"standard","meta":{"_crdt_document":"","footnotes":""},"categories":[1],"tags":[],"class_list":["post-73741","post","type-post","status-publish","format-standard","has-post-thumbnail","hentry","category-guncel"],"_links":{"self":[{"href":"https:\/\/www.egemtv.com\/index.php?rest_route=\/wp\/v2\/posts\/73741","targetHints":{"allow":["GET"]}}],"collection":[{"href":"https:\/\/www.egemtv.com\/index.php?rest_route=\/wp\/v2\/posts"}],"about":[{"href":"https:\/\/www.egemtv.com\/index.php?rest_route=\/wp\/v2\/types\/post"}],"author":[{"embeddable":true,"href":"https:\/\/www.egemtv.com\/index.php?rest_route=\/wp\/v2\/users\/1"}],"replies":[{"embeddable":true,"href":"https:\/\/www.egemtv.com\/index.php?rest_route=%2Fwp%2Fv2%2Fcomments&post=73741"}],"version-history":[{"count":1,"href":"https:\/\/www.egemtv.com\/index.php?rest_route=\/wp\/v2\/posts\/73741\/revisions"}],"predecessor-version":[{"id":73743,"href":"https:\/\/www.egemtv.com\/index.php?rest_route=\/wp\/v2\/posts\/73741\/revisions\/73743"}],"wp:featuredmedia":[{"embeddable":true,"href":"https:\/\/www.egemtv.com\/index.php?rest_route=\/wp\/v2\/media\/73742"}],"wp:attachment":[{"href":"https:\/\/www.egemtv.com\/index.php?rest_route=%2Fwp%2Fv2%2Fmedia&parent=73741"}],"wp:term":[{"taxonomy":"category","embeddable":true,"href":"https:\/\/www.egemtv.com\/index.php?rest_route=%2Fwp%2Fv2%2Fcategories&post=73741"},{"taxonomy":"post_tag","embeddable":true,"href":"https:\/\/www.egemtv.com\/index.php?rest_route=%2Fwp%2Fv2%2Ftags&post=73741"}],"curies":[{"name":"wp","href":"https:\/\/api.w.org\/{rel}","templated":true}]}}