{"id":73738,"date":"2025-12-12T13:15:07","date_gmt":"2025-12-12T10:15:07","guid":{"rendered":"https:\/\/www.egemtv.com\/?p=73738"},"modified":"2025-12-12T13:15:08","modified_gmt":"2025-12-12T10:15:08","slug":"yenipazar-belediye-baskani-ercan-onlar-konusur-biz-hizmet-ederiz","status":"publish","type":"post","link":"https:\/\/www.egemtv.com\/?p=73738","title":{"rendered":"Yenipazar Belediye Ba\u015fkan\u0131 Ercan: &#8220;Onlar konu\u015fur, biz hizmet ederiz&#8221;"},"content":{"rendered":"<p>Yenipazar Belediye Ba\u015fkan\u0131 Malik Ercan, son g\u00fcnlerde belediyenin \u00e7al\u0131\u015fmalar\u0131na y\u00f6nelik yap\u0131lan ele\u015ftirilere sert bir dille cevap vererek, hizmet \u00fcretmeye devam ettiklerini s\u00f6yledi. Ayd\u0131n B\u00fcy\u00fck\u015fehir Belediyesi ile uyum i\u00e7inde \u00e7al\u0131\u015ft\u0131klar\u0131n\u0131 belirten Ercan, hem \u015fehir merkezinde hem de k\u0131rsal mahallelerde vatanda\u015flar\u0131n taleplerine g\u00f6re yol, asfalt ve bak\u0131m \u00e7al\u0131\u015fmalar\u0131n\u0131 s\u00fcrd\u00fcrd\u00fcklerini dile getirdi.<\/p>\n<p>Yenipazar Belediye Ba\u015fkan\u0131 Malik Ercan, belediye ekiplerinin uzun s\u00fcredir sahada oldu\u011funu, \u00f6zellikle tarla yollar\u0131, bah\u00e7e yollar\u0131, zeytinlik ve incirlik b\u00f6lgelerinde ula\u015f\u0131m\u0131 zorla\u015ft\u0131ran sorunlu g\u00fczergahlarda kapsaml\u0131 bir iyile\u015ftirme yap\u0131ld\u0131\u011f\u0131n\u0131 aktard\u0131. K\u0131rsal\u0131n \u00e7amurla\u015fan yollar\u0131na ta\u015f d\u00f6\u015fendi\u011fini, bozulan yollar\u0131n d\u00fczeltilerek vatanda\u015f\u0131n g\u00fcnl\u00fck hayat\u0131n\u0131 kolayla\u015ft\u0131rd\u0131klar\u0131n\u0131 ifade eden Ercan, Yenipazar\u2019\u0131n her mahallesine e\u015fit \u015fekilde hizmet g\u00f6t\u00fcrme kararl\u0131l\u0131\u011f\u0131nda olduklar\u0131n\u0131 kaydetti. A\u00e7\u0131klamas\u0131nda ele\u015ftirilere de de\u011finen Ba\u015fkan Ercan, sahada \u00e7al\u0131\u015fan belediye emek\u00e7ilerinin eme\u011fine g\u00f6lge d\u00fc\u015f\u00fcrmeye \u00e7al\u0131\u015fan bir grubun s\u00fcrekli konu\u015ftu\u011funu, ancak bug\u00fcne kadar Yenipazar\u2019a bir katk\u0131 sunmad\u0131\u011f\u0131n\u0131 s\u00f6yledi. Ercan, belediyecili\u011fin masa ba\u015f\u0131nda oturup maa\u015f almakla de\u011fil, vatanda\u015f\u0131n derdine ko\u015fmakla yap\u0131laca\u011f\u0131n\u0131 vurgulad\u0131.<\/p>\n<p>Yenipazar i\u00e7in gece g\u00fcnd\u00fcz \u00e7al\u0131\u015fmaya devam edeceklerini belirten Ercan, vatanda\u015flardan gelen talepleri bizzat yerinde dinlediklerini, eksik g\u00f6r\u00fclen her noktada Ayd\u0131n B\u00fcy\u00fck\u015fehir Belediyesi ile koordineli \u015fekilde \u00e7\u00f6z\u00fcm \u00fcretmeyi s\u00fcrd\u00fcreceklerini dile getirdi.<br \/><\/p>\n","protected":false},"excerpt":{"rendered":"<p>Yenipazar Belediye Ba\u015fkan\u0131 Malik Ercan, son g\u00fcnlerde belediyenin \u00e7al\u0131\u015fmalar\u0131na y\u00f6nelik yap\u0131lan ele\u015ftirilere sert bir dille cevap vererek, hizmet \u00fcretmeye devam ettiklerini s\u00f6yledi. Ayd\u0131n B\u00fcy\u00fck\u015fehir Belediyesi ile uyum i\u00e7inde \u00e7al\u0131\u015ft\u0131klar\u0131n\u0131 belirten Ercan, hem \u015fehir merkezinde hem de k\u0131rsal mahallelerde vatanda\u015flar\u0131n taleplerine g\u00f6re yol, asfalt ve bak\u0131m \u00e7al\u0131\u015fmalar\u0131n\u0131 s\u00fcrd\u00fcrd\u00fcklerini dile getirdi. Yenipazar Belediye Ba\u015fkan\u0131 Malik Ercan, belediye&#8230;<\/p>\n","protected":false},"author":1,"featured_media":73739,"comment_status":"open","ping_status":"open","sticky":false,"template":"","format":"standard","meta":{"_crdt_document":"","footnotes":""},"categories":[1],"tags":[],"class_list":["post-73738","post","type-post","status-publish","format-standard","has-post-thumbnail","hentry","category-guncel"],"_links":{"self":[{"href":"https:\/\/www.egemtv.com\/index.php?rest_route=\/wp\/v2\/posts\/73738","targetHints":{"allow":["GET"]}}],"collection":[{"href":"https:\/\/www.egemtv.com\/index.php?rest_route=\/wp\/v2\/posts"}],"about":[{"href":"https:\/\/www.egemtv.com\/index.php?rest_route=\/wp\/v2\/types\/post"}],"author":[{"embeddable":true,"href":"https:\/\/www.egemtv.com\/index.php?rest_route=\/wp\/v2\/users\/1"}],"replies":[{"embeddable":true,"href":"https:\/\/www.egemtv.com\/index.php?rest_route=%2Fwp%2Fv2%2Fcomments&post=73738"}],"version-history":[{"count":1,"href":"https:\/\/www.egemtv.com\/index.php?rest_route=\/wp\/v2\/posts\/73738\/revisions"}],"predecessor-version":[{"id":73740,"href":"https:\/\/www.egemtv.com\/index.php?rest_route=\/wp\/v2\/posts\/73738\/revisions\/73740"}],"wp:featuredmedia":[{"embeddable":true,"href":"https:\/\/www.egemtv.com\/index.php?rest_route=\/wp\/v2\/media\/73739"}],"wp:attachment":[{"href":"https:\/\/www.egemtv.com\/index.php?rest_route=%2Fwp%2Fv2%2Fmedia&parent=73738"}],"wp:term":[{"taxonomy":"category","embeddable":true,"href":"https:\/\/www.egemtv.com\/index.php?rest_route=%2Fwp%2Fv2%2Fcategories&post=73738"},{"taxonomy":"post_tag","embeddable":true,"href":"https:\/\/www.egemtv.com\/index.php?rest_route=%2Fwp%2Fv2%2Ftags&post=73738"}],"curies":[{"name":"wp","href":"https:\/\/api.w.org\/{rel}","templated":true}]}}