{"id":73732,"date":"2025-12-12T12:54:46","date_gmt":"2025-12-12T09:54:46","guid":{"rendered":"https:\/\/www.egemtv.com\/?p=73732"},"modified":"2025-12-12T12:54:46","modified_gmt":"2025-12-12T09:54:46","slug":"kotekli-genclik-merkezinde-unides-projesi","status":"publish","type":"post","link":"https:\/\/www.egemtv.com\/?p=73732","title":{"rendered":"K\u00f6tekli Gen\u00e7lik Merkezi\u2019nde &#8220;\u00dcnides&#8221; projesi"},"content":{"rendered":"<p>Mente\u015fe Gen\u00e7lik ve Spor \u0130l\u00e7e M\u00fcd\u00fcrl\u00fc\u011f\u00fc b\u00fcnyesinde faaliyetlerini s\u00fcrd\u00fcren K\u00f6tekli Gen\u00e7lik Merkezi Gen\u00e7 Ofis koordinasyonunda, Gen\u00e7lik ve Spor Bakanl\u0131\u011f\u0131 destekli &#8220;\u00dcN\u0130DES&#8221; projesi ba\u015far\u0131yla ger\u00e7ekle\u015ftirildi.<\/p>\n<p>Mu\u011fla S\u0131tk\u0131 Ko\u00e7man \u00dcniversitesi (MSK\u00dc) K\u00fclt\u00fcrel Miras Toplulu\u011fu taraf\u0131ndan hayata ge\u00e7irilen proje, Gen\u00e7lik ve Spor Bakanl\u0131\u011f\u0131 \u00dcnides Program\u0131 taraf\u0131ndan destekleniyor. &#8220;D\u00fcnden Yar\u0131na K\u00fclt\u00fcrel Miras&#8221; ba\u015fl\u0131kl\u0131 projenin dan\u0131\u015fmanl\u0131\u011f\u0131n\u0131 Dr. \u00d6\u011fr. \u00dcyesi Asl\u0131 \u00c7andarl\u0131 \u00fcstlenirken, koordinasyonu ise topluluk ba\u015fkan\u0131 Emir Can Alpavut taraf\u0131ndan y\u00fcr\u00fct\u00fcl\u00fcyor. Proje, gen\u00e7lerin k\u00fclt\u00fcrel de\u011ferleri deneyimleyerek \u00f6\u011frenmelerini sa\u011flamay\u0131 ve onlarla k\u00fclt\u00fcrel miras aras\u0131nda bir ba\u011f kurmay\u0131 ama\u00e7l\u0131yor.<\/p>\n<p>Proje kapsam\u0131nda Gen\u00e7 Ofis\u2019te ger\u00e7ekle\u015ftirilen ilk etkinliklerden biri Geleneksel Motif Bask\u0131 At\u00f6lyesi oldu. Kat\u0131l\u0131mc\u0131lar, \u00f6zellikle hal\u0131 ve kilim desenlerinde s\u0131kl\u0131kla kar\u015f\u0131la\u015f\u0131lan motiflerin sadece g\u00f6rsel unsurlar olmad\u0131\u011f\u0131n\u0131, ayn\u0131 zamanda derin anlamlar ve k\u00fclt\u00fcrel mesajlar ta\u015f\u0131d\u0131\u011f\u0131n\u0131 \u00f6\u011frendiler. At\u00f6lyede kendi motif bask\u0131lar\u0131n\u0131 tasarlayan gen\u00e7ler, bu el sanat\u0131yla k\u00fclt\u00fcrel miras\u0131m\u0131z\u0131n zenginli\u011fini uygulamal\u0131 olarak deneyimleme f\u0131rsat\u0131 buldu. Projenin bir di\u011fer etkinli\u011fi olan Seramik Boyama At\u00f6lyesi, kat\u0131l\u0131mc\u0131lar\u0131n keyifli vakit ge\u00e7irerek hayal g\u00fc\u00e7lerini seramik objelere aktarmalar\u0131n\u0131 sa\u011flad\u0131. E\u011fitmenler rehberli\u011finde ger\u00e7ekle\u015fen bu renkli \u00e7al\u0131\u015fmalarda, tarihi ve k\u00fclt\u00fcrel birer sembol \u00f6zelli\u011fi ta\u015f\u0131yan biblolar kullan\u0131ld\u0131.<\/p>\n<p>Gen\u00e7ler, kendi tasarlad\u0131klar\u0131 \u015fekillerde boyad\u0131klar\u0131 bu biblolarla, g\u00fcne dair kal\u0131c\u0131 ve anlaml\u0131 hat\u0131ralar\u0131 kendi elleriyle haz\u0131rlam\u0131\u015f oldu.<br \/><\/p>\n","protected":false},"excerpt":{"rendered":"<p>Mente\u015fe Gen\u00e7lik ve Spor \u0130l\u00e7e M\u00fcd\u00fcrl\u00fc\u011f\u00fc b\u00fcnyesinde faaliyetlerini s\u00fcrd\u00fcren K\u00f6tekli Gen\u00e7lik Merkezi Gen\u00e7 Ofis koordinasyonunda, Gen\u00e7lik ve Spor Bakanl\u0131\u011f\u0131 destekli &#8220;\u00dcN\u0130DES&#8221; projesi ba\u015far\u0131yla ger\u00e7ekle\u015ftirildi. Mu\u011fla S\u0131tk\u0131 Ko\u00e7man \u00dcniversitesi (MSK\u00dc) K\u00fclt\u00fcrel Miras Toplulu\u011fu taraf\u0131ndan hayata ge\u00e7irilen proje, Gen\u00e7lik ve Spor Bakanl\u0131\u011f\u0131 \u00dcnides Program\u0131 taraf\u0131ndan destekleniyor. &#8220;D\u00fcnden Yar\u0131na K\u00fclt\u00fcrel Miras&#8221; ba\u015fl\u0131kl\u0131 projenin dan\u0131\u015fmanl\u0131\u011f\u0131n\u0131 Dr. \u00d6\u011fr. \u00dcyesi Asl\u0131&#8230;<\/p>\n","protected":false},"author":1,"featured_media":73733,"comment_status":"open","ping_status":"open","sticky":false,"template":"","format":"standard","meta":{"_crdt_document":"","footnotes":""},"categories":[1],"tags":[],"class_list":["post-73732","post","type-post","status-publish","format-standard","has-post-thumbnail","hentry","category-guncel"],"_links":{"self":[{"href":"https:\/\/www.egemtv.com\/index.php?rest_route=\/wp\/v2\/posts\/73732","targetHints":{"allow":["GET"]}}],"collection":[{"href":"https:\/\/www.egemtv.com\/index.php?rest_route=\/wp\/v2\/posts"}],"about":[{"href":"https:\/\/www.egemtv.com\/index.php?rest_route=\/wp\/v2\/types\/post"}],"author":[{"embeddable":true,"href":"https:\/\/www.egemtv.com\/index.php?rest_route=\/wp\/v2\/users\/1"}],"replies":[{"embeddable":true,"href":"https:\/\/www.egemtv.com\/index.php?rest_route=%2Fwp%2Fv2%2Fcomments&post=73732"}],"version-history":[{"count":1,"href":"https:\/\/www.egemtv.com\/index.php?rest_route=\/wp\/v2\/posts\/73732\/revisions"}],"predecessor-version":[{"id":73734,"href":"https:\/\/www.egemtv.com\/index.php?rest_route=\/wp\/v2\/posts\/73732\/revisions\/73734"}],"wp:featuredmedia":[{"embeddable":true,"href":"https:\/\/www.egemtv.com\/index.php?rest_route=\/wp\/v2\/media\/73733"}],"wp:attachment":[{"href":"https:\/\/www.egemtv.com\/index.php?rest_route=%2Fwp%2Fv2%2Fmedia&parent=73732"}],"wp:term":[{"taxonomy":"category","embeddable":true,"href":"https:\/\/www.egemtv.com\/index.php?rest_route=%2Fwp%2Fv2%2Fcategories&post=73732"},{"taxonomy":"post_tag","embeddable":true,"href":"https:\/\/www.egemtv.com\/index.php?rest_route=%2Fwp%2Fv2%2Ftags&post=73732"}],"curies":[{"name":"wp","href":"https:\/\/api.w.org\/{rel}","templated":true}]}}