{"id":73729,"date":"2025-12-12T12:54:45","date_gmt":"2025-12-12T09:54:45","guid":{"rendered":"https:\/\/www.egemtv.com\/?p=73729"},"modified":"2025-12-12T12:54:45","modified_gmt":"2025-12-12T09:54:45","slug":"denizlinin-gururu-toprak-7-yasinda-dunya-ucuncusu-oldu","status":"publish","type":"post","link":"https:\/\/www.egemtv.com\/?p=73729","title":{"rendered":"Denizli\u2019nin gururu Toprak, 7 ya\u015f\u0131nda d\u00fcnya \u00fc\u00e7\u00fcnc\u00fcs\u00fc oldu"},"content":{"rendered":"<p>DEN\u0130ZL\u0130 (\u0130HA) \u2013 Denizli\u2019nin 7 ya\u015f\u0131ndaki minik yetene\u011fi Toprak \u00c7\u0131nar \u00c7on, \u0130stanbul\u2019da yap\u0131lan D\u00fcnya Dans Sporlar\u0131 (WDSF) Karayip Danslar\u0131 D\u00fcnya \u015eampiyonas\u0131nda 3. oldu.<\/p>\n<p>Denizlili 7 ya\u015f\u0131ndaki dans\u00e7\u0131 Toprak \u00c7\u0131nar \u00c7on, 6-7 Aral\u0131k 2025 tarihleri aras\u0131nda \u0130stanbul\u2019da yap\u0131lan ve 11 \u00fclkeden 400 sporcunun kat\u0131ld\u0131\u011f\u0131 Karayip Danslar\u0131 D\u00fcnya \u015eampiyonas\u0131nda 3. olarak \u00fclkemize bronz madalya getirdi.<\/p>\n<p>Karayip Danslar\u0131 D\u00fcnya \u015eampiyonas\u0131na Dance Garage Dans Okulunda hocas\u0131 Ali Ra\u015fit Beyler nezaretinde iyi bir haz\u0131rl\u0131k s\u00fcreci ge\u00e7irerek kat\u0131lan Toprak \u00c7\u0131nar \u00c7on\u2019un kat\u0131ld\u0131\u011f\u0131 ilk d\u00fcnya \u015fampiyonas\u0131ndan madalya ve kupa ile ayr\u0131larak \u00fc\u00e7\u00fcnc\u00fc olmas\u0131 Denizli Spor kamuoyunda memnuniyet ve gururla kar\u015f\u0131land\u0131. Minik yetenek Toprak, gelecek yar\u0131\u015fmada hedefini d\u00fcnya \u015fampiyonlu\u011fu olarak belirledi\u011fini s\u00f6yledi.<\/p>\n<p>K\u00fc\u00e7\u00fck ya\u015fta dansa olan yetene\u011fi ve becerisi ke\u015ffedilen bu s\u00fcrede dersler alarak yar\u0131\u015fmalara haz\u0131rlanan, bir\u00e7ok ba\u015far\u0131lar elde ederek yetene\u011fini ortaya koyan Toprak \u00c7\u0131nar \u00c7on 6 ya\u015f\u0131nda 2024 y\u0131l\u0131nda da T\u00fcrkiye \u015eampiyonu olmu\u015ftu.<br \/><\/p>\n","protected":false},"excerpt":{"rendered":"<p>DEN\u0130ZL\u0130 (\u0130HA) \u2013 Denizli\u2019nin 7 ya\u015f\u0131ndaki minik yetene\u011fi Toprak \u00c7\u0131nar \u00c7on, \u0130stanbul\u2019da yap\u0131lan D\u00fcnya Dans Sporlar\u0131 (WDSF) Karayip Danslar\u0131 D\u00fcnya \u015eampiyonas\u0131nda 3. oldu. Denizlili 7 ya\u015f\u0131ndaki dans\u00e7\u0131 Toprak \u00c7\u0131nar \u00c7on, 6-7 Aral\u0131k 2025 tarihleri aras\u0131nda \u0130stanbul\u2019da yap\u0131lan ve 11 \u00fclkeden 400 sporcunun kat\u0131ld\u0131\u011f\u0131 Karayip Danslar\u0131 D\u00fcnya \u015eampiyonas\u0131nda 3. olarak \u00fclkemize bronz madalya getirdi. Karayip Danslar\u0131&#8230;<\/p>\n","protected":false},"author":1,"featured_media":73730,"comment_status":"open","ping_status":"open","sticky":false,"template":"","format":"standard","meta":{"_crdt_document":"","footnotes":""},"categories":[1],"tags":[],"class_list":["post-73729","post","type-post","status-publish","format-standard","has-post-thumbnail","hentry","category-guncel"],"_links":{"self":[{"href":"https:\/\/www.egemtv.com\/index.php?rest_route=\/wp\/v2\/posts\/73729","targetHints":{"allow":["GET"]}}],"collection":[{"href":"https:\/\/www.egemtv.com\/index.php?rest_route=\/wp\/v2\/posts"}],"about":[{"href":"https:\/\/www.egemtv.com\/index.php?rest_route=\/wp\/v2\/types\/post"}],"author":[{"embeddable":true,"href":"https:\/\/www.egemtv.com\/index.php?rest_route=\/wp\/v2\/users\/1"}],"replies":[{"embeddable":true,"href":"https:\/\/www.egemtv.com\/index.php?rest_route=%2Fwp%2Fv2%2Fcomments&post=73729"}],"version-history":[{"count":1,"href":"https:\/\/www.egemtv.com\/index.php?rest_route=\/wp\/v2\/posts\/73729\/revisions"}],"predecessor-version":[{"id":73731,"href":"https:\/\/www.egemtv.com\/index.php?rest_route=\/wp\/v2\/posts\/73729\/revisions\/73731"}],"wp:featuredmedia":[{"embeddable":true,"href":"https:\/\/www.egemtv.com\/index.php?rest_route=\/wp\/v2\/media\/73730"}],"wp:attachment":[{"href":"https:\/\/www.egemtv.com\/index.php?rest_route=%2Fwp%2Fv2%2Fmedia&parent=73729"}],"wp:term":[{"taxonomy":"category","embeddable":true,"href":"https:\/\/www.egemtv.com\/index.php?rest_route=%2Fwp%2Fv2%2Fcategories&post=73729"},{"taxonomy":"post_tag","embeddable":true,"href":"https:\/\/www.egemtv.com\/index.php?rest_route=%2Fwp%2Fv2%2Ftags&post=73729"}],"curies":[{"name":"wp","href":"https:\/\/api.w.org\/{rel}","templated":true}]}}