{"id":73726,"date":"2025-12-12T12:34:57","date_gmt":"2025-12-12T09:34:57","guid":{"rendered":"https:\/\/www.egemtv.com\/?p=73726"},"modified":"2025-12-12T12:34:58","modified_gmt":"2025-12-12T09:34:58","slug":"burdurda-guvenlik-guclerine-56-yeni-arac-teslim-edildi","status":"publish","type":"post","link":"https:\/\/www.egemtv.com\/?p=73726","title":{"rendered":"Burdur\u2019da g\u00fcvenlik g\u00fc\u00e7lerine 56 yeni ara\u00e7 teslim edildi"},"content":{"rendered":"<p>Burdur\u2019da emniyet ve jandarma te\u015fkilatlar\u0131na kazand\u0131r\u0131lan 56 yeni hizmet arac\u0131, Burdur G\u00f6l\u00fc k\u0131y\u0131s\u0131nda d\u00fczenlenen t\u00f6renle teslim edildi.<br \/>\n<br \/>Burdur \u0130l Emniyet M\u00fcd\u00fcrl\u00fc\u011f\u00fcne 36, \u0130l Jandarma Komutanl\u0131\u011f\u0131na 20 olmak \u00fczere toplam 56 yeni hizmet arac\u0131 d\u00fczenlenen t\u00f6renle g\u00fcvenlik g\u00fc\u00e7lerine teslim edildi. D\u00fczenlenen t\u00f6rende konu\u015fan Burdur Valisi T\u00fclay Baydar Bilgihan, emniyet ve jandarma birimleri taraf\u0131ndan kullan\u0131lan ekonomik \u00f6mr\u00fcn\u00fc tamamlam\u0131\u015f 10 ya\u015f ve \u00fczeri ara\u00e7lar\u0131n yenilmesine y\u00f6nelik \u00e7al\u0131\u015fmalar\u0131n\u0131n devam etti\u011fini belirterek, &#8220;Birimlerimiz taraf\u0131ndan sunulan g\u00fcvenlik ve asayi\u015f hizmetlerinin geli\u015fen teknolojiye, de\u011fi\u015fen su\u00e7 profillerine ve yeni tehdit alanlar\u0131na kar\u015f\u0131 etkinlik ve kalitesinin art\u0131r\u0131lmas\u0131 amac\u0131 ile al\u0131m\u0131 yap\u0131lan 9 bin 200 arac\u0131n \u0130stanbul ilinde da\u011f\u0131t\u0131m\u0131 ger\u00e7ekle\u015ftirilmi\u015ftir. Al\u0131m\u0131 yap\u0131lan ara\u00e7lardan \u0130l Jandarma Komutanl\u0131\u011f\u0131m\u0131za 20 ve \u0130l Emniyet M\u00fcd\u00fcrl\u00fc\u011f\u00fcm\u00fcze 36 olmak \u00fczere toplam 56 ara\u00e7 ilimizde kolluk kuvvetlerinin hizmetine sunulmu\u015ftur. \u0130limize hay\u0131rl\u0131 u\u011furlu olsun&#8221; dedi.<br \/>\n<br \/>T\u00f6ren, konu\u015fman\u0131n ard\u0131ndan dua edilmesi ve ara\u00e7lar taraf\u0131ndan olu\u015fturulan kortej ge\u00e7i\u015fi ile son buldu. T\u00f6rene; \u0130l Jandarma Komutan\u0131 Albay Mehmet Balc\u0131, \u0130l Emniyet M\u00fcd\u00fcr\u00fc Ahmet Kurt, kurum m\u00fcd\u00fcrleri, hay\u0131rseverler, polis ve jandarma personelleri kat\u0131ld\u0131.<br \/><\/p>\n","protected":false},"excerpt":{"rendered":"<p>Burdur\u2019da emniyet ve jandarma te\u015fkilatlar\u0131na kazand\u0131r\u0131lan 56 yeni hizmet arac\u0131, Burdur G\u00f6l\u00fc k\u0131y\u0131s\u0131nda d\u00fczenlenen t\u00f6renle teslim edildi. Burdur \u0130l Emniyet M\u00fcd\u00fcrl\u00fc\u011f\u00fcne 36, \u0130l Jandarma Komutanl\u0131\u011f\u0131na 20 olmak \u00fczere toplam 56 yeni hizmet arac\u0131 d\u00fczenlenen t\u00f6renle g\u00fcvenlik g\u00fc\u00e7lerine teslim edildi. D\u00fczenlenen t\u00f6rende konu\u015fan Burdur Valisi T\u00fclay Baydar Bilgihan, emniyet ve jandarma birimleri taraf\u0131ndan kullan\u0131lan ekonomik \u00f6mr\u00fcn\u00fc&#8230;<\/p>\n","protected":false},"author":1,"featured_media":73727,"comment_status":"open","ping_status":"open","sticky":false,"template":"","format":"standard","meta":{"_crdt_document":"","footnotes":""},"categories":[5],"tags":[],"class_list":["post-73726","post","type-post","status-publish","format-standard","has-post-thumbnail","hentry","category-asayis"],"_links":{"self":[{"href":"https:\/\/www.egemtv.com\/index.php?rest_route=\/wp\/v2\/posts\/73726","targetHints":{"allow":["GET"]}}],"collection":[{"href":"https:\/\/www.egemtv.com\/index.php?rest_route=\/wp\/v2\/posts"}],"about":[{"href":"https:\/\/www.egemtv.com\/index.php?rest_route=\/wp\/v2\/types\/post"}],"author":[{"embeddable":true,"href":"https:\/\/www.egemtv.com\/index.php?rest_route=\/wp\/v2\/users\/1"}],"replies":[{"embeddable":true,"href":"https:\/\/www.egemtv.com\/index.php?rest_route=%2Fwp%2Fv2%2Fcomments&post=73726"}],"version-history":[{"count":1,"href":"https:\/\/www.egemtv.com\/index.php?rest_route=\/wp\/v2\/posts\/73726\/revisions"}],"predecessor-version":[{"id":73728,"href":"https:\/\/www.egemtv.com\/index.php?rest_route=\/wp\/v2\/posts\/73726\/revisions\/73728"}],"wp:featuredmedia":[{"embeddable":true,"href":"https:\/\/www.egemtv.com\/index.php?rest_route=\/wp\/v2\/media\/73727"}],"wp:attachment":[{"href":"https:\/\/www.egemtv.com\/index.php?rest_route=%2Fwp%2Fv2%2Fmedia&parent=73726"}],"wp:term":[{"taxonomy":"category","embeddable":true,"href":"https:\/\/www.egemtv.com\/index.php?rest_route=%2Fwp%2Fv2%2Fcategories&post=73726"},{"taxonomy":"post_tag","embeddable":true,"href":"https:\/\/www.egemtv.com\/index.php?rest_route=%2Fwp%2Fv2%2Ftags&post=73726"}],"curies":[{"name":"wp","href":"https:\/\/api.w.org\/{rel}","templated":true}]}}