{"id":73720,"date":"2025-12-12T12:34:55","date_gmt":"2025-12-12T09:34:55","guid":{"rendered":"https:\/\/www.egemtv.com\/?p=73720"},"modified":"2025-12-12T12:34:56","modified_gmt":"2025-12-12T09:34:56","slug":"prof-dr-ustun-dokmen-izmirde-ailelerle-bulustu","status":"publish","type":"post","link":"https:\/\/www.egemtv.com\/?p=73720","title":{"rendered":"Prof. Dr. \u00dcst\u00fcn D\u00f6kmen \u0130zmir\u2019de ailelerle bulu\u015ftu"},"content":{"rendered":"<p>Radikal Okullar\u0131 \u00f6nc\u00fcl\u00fc\u011f\u00fcnde d\u00fczenlenen \u2019Ailede ve Okulda Kaliteli \u0130leti\u015fim\u2019 seminerinde Prof. Dr. \u00dcst\u00fcn D\u00f6kmen, aile ve okulda kaliteli ileti\u015fimin temel unsurlar\u0131n\u0131 anlatt\u0131. Etkinlik, aile i\u00e7i ileti\u015fimi g\u00fc\u00e7lendirmeyi ve okul-aile i\u015f birli\u011fini geli\u015ftirmeyi hedefledi.<br \/>\n<br \/>Radikal Okullar\u0131 ile Bornova Belediyesi i\u015f birli\u011finde, \u00fcnl\u00fc psikolog ve yazar Prof. Dr. \u00dcst\u00fcn D\u00f6kmen\u2019in konu\u015fmac\u0131 olarak kat\u0131ld\u0131\u011f\u0131 \u2019Ailede ve Okulda Kaliteli \u0130leti\u015fim\u2019 konulu seminer d\u00fczenlendi. Etkinlikte aile i\u00e7i ileti\u015fimi g\u00fc\u00e7lendiren y\u00f6ntemler, empati temelli yakla\u015f\u0131m modelleri ve \u00e7ocuklarla sa\u011fl\u0131kl\u0131 ba\u011f kurman\u0131n temel ilkeleri ele al\u0131nd\u0131. Seminerde Radikal E\u011fitim Kurumlar\u0131 Kurucusu ve Y\u00f6netim Kurulu Ba\u015fkan\u0131 Erdal Avc\u0131, Radikal E\u011fitim Kurumlar\u0131 Genel M\u00fcd\u00fcr Yard\u0131mc\u0131lar\u0131 Sevi \u015eeneken ve Cem Mert, Radikal Okullar\u0131 Bornova Kamp\u00fcs\u00fc M\u00fcd\u00fcr\u00fc Ozan \u00c7\u0131rak, Bornova Belediye Ba\u015fkan Yard\u0131mc\u0131s\u0131 Cem Ar\u0131kan ve Bornova Belediyesi Kad\u0131n Aile Hizmetleri M\u00fcd\u00fcr\u00fc Rengin Han\u0131m Ak\u015fit de yer ald\u0131.<br \/>\n<br \/>Prof. Dr. \u00dcst\u00fcn D\u00f6kmen, seminerde yapt\u0131\u011f\u0131 konu\u015fmada kaliteli ya\u015fam\u0131n ailede, okulda ve toplum i\u00e7inde nas\u0131l sa\u011flanabilece\u011fine ili\u015fkin g\u00f6r\u00fc\u015flerini payla\u015ft\u0131. \u0130zmir\u2019de pek \u00e7ok konferans verdi\u011fini hat\u0131rlatan D\u00f6kmen, &#8220;\u0130zmir \u00e7ok g\u00fczel bir \u015fehir. Bug\u00fcn ailelere, velilere, \u00f6\u011fretmenlere ve topluma ileti\u015fimle ilgili d\u00fc\u015f\u00fcncelerimi aktarmaya \u00e7al\u0131\u015faca\u011f\u0131m&#8221; dedi. D\u00f6kmen, kaliteli ya\u015fam\u0131n \u00f6nemine vurgu yaparak, &#8220;T\u00fcm canl\u0131lar yar\u0131na kalmak ister. Ancak insan, kaliteli ya\u015fayarak yar\u0131na kalmak ister. Bu kalite ailede nas\u0131l sa\u011flan\u0131r, okulda nas\u0131l sa\u011flan\u0131r, toplum i\u00e7inde nas\u0131l sa\u011flan\u0131r; bunlardan s\u00f6z edece\u011fim&#8221; ifadelerini kulland\u0131.<br \/>\n<br \/>Radikal Okullar\u0131 Bornova Kamp\u00fcs\u00fc M\u00fcd\u00fcr\u00fc Ozan \u00c7\u0131rak ise seminerin okul-aile i\u015f birli\u011fine katk\u0131 sa\u011flad\u0131\u011f\u0131n\u0131 belirtti. \u00c7\u0131rak, &#8220;Okullarda verilen e\u011fitim tek ba\u015f\u0131na yeterli de\u011fil. Ailedeki e\u011fitimle b\u00fct\u00fcnle\u015fmesi gerekiyor. Bu noktada profesyonel bir deste\u011fe ihtiya\u00e7 duyduk ve bunu T\u00fcrkiye\u2019nin en deneyimli isimlerinden biri olan \u00dcst\u00fcn D\u00f6kmen ile ger\u00e7ekle\u015ftirdik. Bornova b\u00f6lgesinde bu \u00e7al\u0131\u015fmay\u0131 geni\u015f kitlelerle y\u00fcr\u00fctmekten mutluluk duyuyoruz&#8221; dedi.<br \/><\/p>\n","protected":false},"excerpt":{"rendered":"<p>Radikal Okullar\u0131 \u00f6nc\u00fcl\u00fc\u011f\u00fcnde d\u00fczenlenen \u2019Ailede ve Okulda Kaliteli \u0130leti\u015fim\u2019 seminerinde Prof. Dr. \u00dcst\u00fcn D\u00f6kmen, aile ve okulda kaliteli ileti\u015fimin temel unsurlar\u0131n\u0131 anlatt\u0131. Etkinlik, aile i\u00e7i ileti\u015fimi g\u00fc\u00e7lendirmeyi ve okul-aile i\u015f birli\u011fini geli\u015ftirmeyi hedefledi. Radikal Okullar\u0131 ile Bornova Belediyesi i\u015f birli\u011finde, \u00fcnl\u00fc psikolog ve yazar Prof. Dr. \u00dcst\u00fcn D\u00f6kmen\u2019in konu\u015fmac\u0131 olarak kat\u0131ld\u0131\u011f\u0131 \u2019Ailede ve Okulda Kaliteli&#8230;<\/p>\n","protected":false},"author":1,"featured_media":73721,"comment_status":"open","ping_status":"open","sticky":false,"template":"","format":"standard","meta":{"_crdt_document":"","footnotes":""},"categories":[1],"tags":[],"class_list":["post-73720","post","type-post","status-publish","format-standard","has-post-thumbnail","hentry","category-guncel"],"_links":{"self":[{"href":"https:\/\/www.egemtv.com\/index.php?rest_route=\/wp\/v2\/posts\/73720","targetHints":{"allow":["GET"]}}],"collection":[{"href":"https:\/\/www.egemtv.com\/index.php?rest_route=\/wp\/v2\/posts"}],"about":[{"href":"https:\/\/www.egemtv.com\/index.php?rest_route=\/wp\/v2\/types\/post"}],"author":[{"embeddable":true,"href":"https:\/\/www.egemtv.com\/index.php?rest_route=\/wp\/v2\/users\/1"}],"replies":[{"embeddable":true,"href":"https:\/\/www.egemtv.com\/index.php?rest_route=%2Fwp%2Fv2%2Fcomments&post=73720"}],"version-history":[{"count":1,"href":"https:\/\/www.egemtv.com\/index.php?rest_route=\/wp\/v2\/posts\/73720\/revisions"}],"predecessor-version":[{"id":73722,"href":"https:\/\/www.egemtv.com\/index.php?rest_route=\/wp\/v2\/posts\/73720\/revisions\/73722"}],"wp:featuredmedia":[{"embeddable":true,"href":"https:\/\/www.egemtv.com\/index.php?rest_route=\/wp\/v2\/media\/73721"}],"wp:attachment":[{"href":"https:\/\/www.egemtv.com\/index.php?rest_route=%2Fwp%2Fv2%2Fmedia&parent=73720"}],"wp:term":[{"taxonomy":"category","embeddable":true,"href":"https:\/\/www.egemtv.com\/index.php?rest_route=%2Fwp%2Fv2%2Fcategories&post=73720"},{"taxonomy":"post_tag","embeddable":true,"href":"https:\/\/www.egemtv.com\/index.php?rest_route=%2Fwp%2Fv2%2Ftags&post=73720"}],"curies":[{"name":"wp","href":"https:\/\/api.w.org\/{rel}","templated":true}]}}