{"id":73717,"date":"2025-12-12T12:34:54","date_gmt":"2025-12-12T09:34:54","guid":{"rendered":"https:\/\/www.egemtv.com\/?p=73717"},"modified":"2025-12-12T12:34:55","modified_gmt":"2025-12-12T09:34:55","slug":"baskan-balaban-kaynakta-vatandasi-dinledi","status":"publish","type":"post","link":"https:\/\/www.egemtv.com\/?p=73717","title":{"rendered":"Ba\u015fkan Balaban Kaynak\u2019ta vatanda\u015f\u0131 dinledi"},"content":{"rendered":"<p>Yunusemre Belediye Ba\u015fkan\u0131 Semih Balaban mahalle ziyaretlerine Kaynak Mahallesi ile devam etti. Esnaf ve vatanda\u015flarla bir araya gelen Ba\u015fkan Balaban, &#8220;\u0130l\u00e7emizi birlikte daha g\u00fczel bir il\u00e7e haline getirece\u011fiz&#8221; dedi.<br \/>\n<br \/>\u0130l\u00e7enin farkl\u0131 noktalar\u0131nda y\u00fcr\u00fct\u00fclen hizmetleri yerinde g\u00f6rmek ve mahalle sakinlerinin taleplerini dinlemek i\u00e7in mahalle ziyaretleri yapan Yunusemre Belediye Ba\u015fkan\u0131 Semih Balaban Kaynak Mahallesi\u2019ndeydi. Ziyarette Ba\u015fkan Balaban\u2019a Ba\u015fkan Yard\u0131mc\u0131s\u0131 Haydar \u0130zci, MAYEB Genel M\u00fcd\u00fcr\u00fc \u0130lhan D\u00fczenli, MAYEB Y\u00f6netim Kurulu Ba\u015fkan Yard\u0131mc\u0131s\u0131 Cengiz Balkan ile birlikte ilgili birim m\u00fcd\u00fcrleri ve Mahalle Muhtar\u0131 Adem A\u00e7\u0131k e\u015flik etti. Mahallede yap\u0131lan inceleme gezisinde park ve ye\u015fil alan d\u00fczenlemeleri ba\u015fta olmak \u00fczere vatanda\u015flar\u0131n g\u00fcnl\u00fck ya\u015fam\u0131n\u0131 etkileyen pek \u00e7ok konu de\u011ferlendirildi. Mahalle sakinleriyle sohbet eden Ba\u015fkan Semih Balaban, b\u00f6lgedeki ihtiya\u00e7 ve eksiklerin giderilmesi i\u00e7in \u00e7al\u0131\u015fmalar\u0131n en k\u0131sa s\u00fcrede ba\u015flat\u0131laca\u011f\u0131n\u0131 ifade etti.<\/p>\n<p>&#8220;Mahalle ziyaretlerimiz h\u0131z kesmeden s\u00fcrd\u00fcrece\u011fiz&#8221;<br \/>\n<br \/>Ziyaret s\u0131ras\u0131nda yapt\u0131\u011f\u0131 konu\u015fmada mahallelerin ihtiya\u00e7lar\u0131n\u0131 yerinde tespit etmenin ve vatanda\u015flar\u0131n taleplerini kendilerinden dinlemenin kendileri i\u00e7in \u00f6nemine vurgu yapan Belediye Ba\u015fkan\u0131 Balaban, &#8220;Bizim i\u00e7in sahada olmak, vatanda\u015f\u0131m\u0131z\u0131n sesini do\u011frudan duymak en de\u011ferli \u00e7al\u0131\u015fma y\u00f6ntemlerinden biri. Bug\u00fcn Kaynak Mahallesi\u2019nde hem talepleri dinledik hem de ekiplerimizle birlikte gerekli notlar\u0131 ald\u0131k. Vatanda\u015flar\u0131m\u0131z\u0131n g\u00fcnl\u00fck ya\u015fam\u0131n\u0131 kolayla\u015ft\u0131racak d\u00fczenlemeleri en k\u0131sa s\u00fcrede hayata ge\u00e7irece\u011fiz. Mahallelerimizi tek tek dola\u015fmaya, sorunlar\u0131 yerinde g\u00f6r\u00fcp \u00e7\u00f6z\u00fcm \u00fcretmeye devam edece\u011fiz. Halk\u0131m\u0131z\u0131n deste\u011fi ve \u00f6nerileriyle Yunusemre\u2019yi birlikte daha g\u00fczel bir il\u00e7e haline getirece\u011fiz.&#8221; dedi.<br \/><\/p>\n","protected":false},"excerpt":{"rendered":"<p>Yunusemre Belediye Ba\u015fkan\u0131 Semih Balaban mahalle ziyaretlerine Kaynak Mahallesi ile devam etti. Esnaf ve vatanda\u015flarla bir araya gelen Ba\u015fkan Balaban, &#8220;\u0130l\u00e7emizi birlikte daha g\u00fczel bir il\u00e7e haline getirece\u011fiz&#8221; dedi. \u0130l\u00e7enin farkl\u0131 noktalar\u0131nda y\u00fcr\u00fct\u00fclen hizmetleri yerinde g\u00f6rmek ve mahalle sakinlerinin taleplerini dinlemek i\u00e7in mahalle ziyaretleri yapan Yunusemre Belediye Ba\u015fkan\u0131 Semih Balaban Kaynak Mahallesi\u2019ndeydi. Ziyarette Ba\u015fkan Balaban\u2019a&#8230;<\/p>\n","protected":false},"author":1,"featured_media":73718,"comment_status":"open","ping_status":"open","sticky":false,"template":"","format":"standard","meta":{"_crdt_document":"","footnotes":""},"categories":[127],"tags":[],"class_list":["post-73717","post","type-post","status-publish","format-standard","has-post-thumbnail","hentry","category-siyaset"],"_links":{"self":[{"href":"https:\/\/www.egemtv.com\/index.php?rest_route=\/wp\/v2\/posts\/73717","targetHints":{"allow":["GET"]}}],"collection":[{"href":"https:\/\/www.egemtv.com\/index.php?rest_route=\/wp\/v2\/posts"}],"about":[{"href":"https:\/\/www.egemtv.com\/index.php?rest_route=\/wp\/v2\/types\/post"}],"author":[{"embeddable":true,"href":"https:\/\/www.egemtv.com\/index.php?rest_route=\/wp\/v2\/users\/1"}],"replies":[{"embeddable":true,"href":"https:\/\/www.egemtv.com\/index.php?rest_route=%2Fwp%2Fv2%2Fcomments&post=73717"}],"version-history":[{"count":1,"href":"https:\/\/www.egemtv.com\/index.php?rest_route=\/wp\/v2\/posts\/73717\/revisions"}],"predecessor-version":[{"id":73719,"href":"https:\/\/www.egemtv.com\/index.php?rest_route=\/wp\/v2\/posts\/73717\/revisions\/73719"}],"wp:featuredmedia":[{"embeddable":true,"href":"https:\/\/www.egemtv.com\/index.php?rest_route=\/wp\/v2\/media\/73718"}],"wp:attachment":[{"href":"https:\/\/www.egemtv.com\/index.php?rest_route=%2Fwp%2Fv2%2Fmedia&parent=73717"}],"wp:term":[{"taxonomy":"category","embeddable":true,"href":"https:\/\/www.egemtv.com\/index.php?rest_route=%2Fwp%2Fv2%2Fcategories&post=73717"},{"taxonomy":"post_tag","embeddable":true,"href":"https:\/\/www.egemtv.com\/index.php?rest_route=%2Fwp%2Fv2%2Ftags&post=73717"}],"curies":[{"name":"wp","href":"https:\/\/api.w.org\/{rel}","templated":true}]}}