{"id":73714,"date":"2025-12-12T12:14:54","date_gmt":"2025-12-12T09:14:54","guid":{"rendered":"https:\/\/www.egemtv.com\/?p=73714"},"modified":"2025-12-12T12:14:55","modified_gmt":"2025-12-12T09:14:55","slug":"pekbeyin-hayati-belgesel-oldu","status":"publish","type":"post","link":"https:\/\/www.egemtv.com\/?p=73714","title":{"rendered":"Pekbey\u2019in hayat\u0131 belgesel oldu"},"content":{"rendered":"<p>Afyonkarahisar\u2019\u0131n Sand\u0131kl\u0131 il\u00e7esinde ikamet eden il\u00e7enin ilk deniz astsubay\u0131 ve Dumlup\u0131nar facias\u0131n\u0131n son tan\u0131\u011f\u0131 94 ya\u015f\u0131nda ki Mustafa Pekbey\u2019in hayat\u0131 belgesel oldu.<br \/>\n<br \/>\u0130l\u00e7enin de\u011fi\u015fik yerlerinde \u00e7ekimleri yap\u0131lan belgeselde Pekbey, 1950\u2019li y\u0131llarda Sand\u0131kl\u0131\u2019da ya\u015fam tarz\u0131n\u0131, Dumlup\u0131nar facias\u0131nda ya\u015fad\u0131klar\u0131n\u0131 ve 1. D\u00fcnya Savas\u0131nda ki yokluk ve k\u0131tl\u0131k g\u00fcnlerini anlatt\u0131.<br \/>\n<br \/>Belgeselin ilerleyen g\u00fcnlerde yay\u0131nlanaca\u011f\u0131 kaydedildi.<br \/><\/p>\n","protected":false},"excerpt":{"rendered":"<p>Afyonkarahisar\u2019\u0131n Sand\u0131kl\u0131 il\u00e7esinde ikamet eden il\u00e7enin ilk deniz astsubay\u0131 ve Dumlup\u0131nar facias\u0131n\u0131n son tan\u0131\u011f\u0131 94 ya\u015f\u0131nda ki Mustafa Pekbey\u2019in hayat\u0131 belgesel oldu. \u0130l\u00e7enin de\u011fi\u015fik yerlerinde \u00e7ekimleri yap\u0131lan belgeselde Pekbey, 1950\u2019li y\u0131llarda Sand\u0131kl\u0131\u2019da ya\u015fam tarz\u0131n\u0131, Dumlup\u0131nar facias\u0131nda ya\u015fad\u0131klar\u0131n\u0131 ve 1. D\u00fcnya Savas\u0131nda ki yokluk ve k\u0131tl\u0131k g\u00fcnlerini anlatt\u0131. Belgeselin ilerleyen g\u00fcnlerde yay\u0131nlanaca\u011f\u0131 kaydedildi.<\/p>\n","protected":false},"author":1,"featured_media":73715,"comment_status":"open","ping_status":"open","sticky":false,"template":"","format":"standard","meta":{"_crdt_document":"","footnotes":""},"categories":[123],"tags":[],"class_list":["post-73714","post","type-post","status-publish","format-standard","has-post-thumbnail","hentry","category-gundem"],"_links":{"self":[{"href":"https:\/\/www.egemtv.com\/index.php?rest_route=\/wp\/v2\/posts\/73714","targetHints":{"allow":["GET"]}}],"collection":[{"href":"https:\/\/www.egemtv.com\/index.php?rest_route=\/wp\/v2\/posts"}],"about":[{"href":"https:\/\/www.egemtv.com\/index.php?rest_route=\/wp\/v2\/types\/post"}],"author":[{"embeddable":true,"href":"https:\/\/www.egemtv.com\/index.php?rest_route=\/wp\/v2\/users\/1"}],"replies":[{"embeddable":true,"href":"https:\/\/www.egemtv.com\/index.php?rest_route=%2Fwp%2Fv2%2Fcomments&post=73714"}],"version-history":[{"count":1,"href":"https:\/\/www.egemtv.com\/index.php?rest_route=\/wp\/v2\/posts\/73714\/revisions"}],"predecessor-version":[{"id":73716,"href":"https:\/\/www.egemtv.com\/index.php?rest_route=\/wp\/v2\/posts\/73714\/revisions\/73716"}],"wp:featuredmedia":[{"embeddable":true,"href":"https:\/\/www.egemtv.com\/index.php?rest_route=\/wp\/v2\/media\/73715"}],"wp:attachment":[{"href":"https:\/\/www.egemtv.com\/index.php?rest_route=%2Fwp%2Fv2%2Fmedia&parent=73714"}],"wp:term":[{"taxonomy":"category","embeddable":true,"href":"https:\/\/www.egemtv.com\/index.php?rest_route=%2Fwp%2Fv2%2Fcategories&post=73714"},{"taxonomy":"post_tag","embeddable":true,"href":"https:\/\/www.egemtv.com\/index.php?rest_route=%2Fwp%2Fv2%2Ftags&post=73714"}],"curies":[{"name":"wp","href":"https:\/\/api.w.org\/{rel}","templated":true}]}}