{"id":73707,"date":"2025-12-12T11:54:15","date_gmt":"2025-12-12T08:54:15","guid":{"rendered":"https:\/\/www.egemtv.com\/?p=73707"},"modified":"2025-12-12T11:54:16","modified_gmt":"2025-12-12T08:54:16","slug":"ceza-ve-tevkifevleri-genel-muduru-yildirim-bhaya-konustu","status":"publish","type":"post","link":"https:\/\/www.egemtv.com\/?p=73707","title":{"rendered":"Ceza ve Tevkifevleri Genel M\u00fcd\u00fcr\u00fc Y\u0131ld\u0131r\u0131m, BHA\u2019ya konu\u015ftu"},"content":{"rendered":"\n<p class=\"wp-block-paragraph\">Adalet Bakanl\u0131\u011f\u0131 Ceza ve Tevkifevleri Genel M\u00fcd\u00fcr\u00fc Enis Yavuz Y\u0131ld\u0131r\u0131m, infaz ve denetimli serbestlik sisteminin 20 y\u0131ll\u0131k d\u00f6n\u00fc\u015f\u00fcm\u00fcn\u00fc Birlik Haber Ajans\u0131 (BHA) Genel M\u00fcd\u00fcr\u00fc Gazeteci Muhammet Ka\u00e7ar\u2019a de\u011ferlendirdi.<\/p>\n\n\n\n<p class=\"wp-block-paragraph\"><strong>ANKARA &#8211;&nbsp;<a href=\"https:\/\/bha.net.tr\/\">BHA<\/a><\/strong><\/p>\n\n\n\n<p class=\"wp-block-paragraph\"><strong>-T\u00fcrkiye, Denetimli Serbestlikte Art\u0131k \u00d6\u011freten \u00dclkeler Aras\u0131nda<\/strong><\/p>\n\n\n\n<p class=\"wp-block-paragraph\"><strong>Cezaevlerinde g\u00f6r\u00fcnt\u00fcl\u00fc ileti\u015fimde 392 milyon g\u00f6r\u00fc\u015fme yap\u0131ld\u0131; Suistimal edenin g\u00f6r\u00fcnt\u00fcl\u00fc g\u00f6r\u00fc\u015fme hakk\u0131n\u0131 suiistimal derecesine g\u00f6re k\u0131s\u0131tlayabiliyor veya kald\u0131rabiliyoruz.<\/strong><\/p>\n\n\n\n<p class=\"wp-block-paragraph\"><strong>-Cezaevlerinde 435 bin ki\u015fi var: T\u00fcrkiye cezas\u0131zl\u0131k \u00fclkesi de\u011fil, Avrupa\u2019n\u0131n en sert ceza politikalar\u0131ndan birini uyguluyoruz<\/strong><\/p>\n\n\n\n<p class=\"wp-block-paragraph\"><strong>-D\u00f6rt duvar \u015fart de\u011fil: Dijital izleme ile infaz\u0131n gelece\u011fi toplum i\u00e7inde ger\u00e7ekle\u015fecek<\/strong><\/p>\n\n\n\n<p class=\"wp-block-paragraph\"><strong>-Sistematik k\u00f6t\u00fc muamele m\u00fcmk\u00fcn de\u011fil; En inand\u0131r\u0131c\u0131 olmayan iddia bile soru\u015fturuluyor<\/strong><\/p>\n\n\n\n<p class=\"wp-block-paragraph\"><strong>-Cezaevlerinde kural ki\u015fiye g\u00f6re de\u011fil, riske g\u00f6re uygulan\u0131r<\/strong><\/p>\n\n\n\n<p class=\"wp-block-paragraph\">Y\u0131ld\u0131r\u0131m, T\u00fcrkiye\u2019nin art\u0131k denetimli serbestlik alan\u0131nda \u201c\u00f6\u011freten \u00fclkeler\u201d seviyesine y\u00fckseldi\u011fini belirterek; cezaevlerinde yap\u0131lan 392 milyon g\u00f6r\u00fcnt\u00fcl\u00fc g\u00f6r\u00fc\u015fmeden, elektronik izleme y\u00f6ntemleriyle infaz\u0131n gelece\u011fine, 435 bin ki\u015filik cezaevi mevcudundan, uygulanan kurallara kadar bir\u00e7ok konuda \u00e7arp\u0131c\u0131 a\u00e7\u0131klamalarda bulundu. Genel M\u00fcd\u00fcr Y\u0131ld\u0131r\u0131m, ceza infaz kurumlar\u0131nda temel yakla\u015f\u0131m\u0131n \u2018ki\u015fiye g\u00f6re de\u011fil, riske g\u00f6re\u2019 i\u015fledi\u011fini vurgulayarak, T\u00fcrkiye\u2019nin son y\u0131llarda hem ulusal hem uluslararas\u0131 arenada g\u00fc\u00e7l\u00fc bir infaz sistemi in\u015fa etti\u011fini ifade etti.<\/p>\n\n\n\n<figure class=\"wp-block-image\"><a class=\"fancybox my-3\" href=\"https:\/\/bhanettr.teimg.com\/bha-net-tr\/uploads\/2025\/12\/ekran-goruntusu-2025-12-11-224046.jpg\"><img data-dominant-color=\"5b6065\" data-has-transparency=\"false\" style=\"--dominant-color: #5b6065;\" fetchpriority=\"high\" decoding=\"async\" width=\"339\" height=\"362\" src=\"https:\/\/www.egemtv.com\/wp-content\/uploads\/2025\/12\/ekran-goruntusu-2025-12-11-224046.jpg\" alt=\"\" class=\"wp-image-73709 not-transparent\" srcset=\"https:\/\/www.egemtv.com\/wp-content\/uploads\/2025\/12\/ekran-goruntusu-2025-12-11-224046.jpg 339w, https:\/\/www.egemtv.com\/wp-content\/uploads\/2025\/12\/ekran-goruntusu-2025-12-11-224046-281x300.jpg 281w\" sizes=\"(max-width: 339px) 100vw, 339px\" \/><\/a><\/figure>\n\n\n\n<p class=\"wp-block-paragraph\"><strong>BHA:<\/strong>\u00a0T\u00fcrk denetimli serbestlik sisteminin 20. y\u0131l\u0131 dolay\u0131s\u0131yla, bu s\u00fcre\u00e7te gelinen noktay\u0131 nas\u0131l de\u011ferlendiriyorsunuz?<a href=\"https:\/\/bha.net.tr\/egodan-yesil-enerji-hamlesi-macunkoy-otobus-bakim-onarim-atolyelerine-gunes-enerjisi-santrali-kuruldu\"><\/a><\/p>\n\n\n\n<p class=\"wp-block-paragraph\"><strong>Enis Yavuz Y\u0131ld\u0131r\u0131m:<\/strong><br>Denetimli serbestlik kurumu bizim hukuk sistemimize 2005 y\u0131l\u0131nda girdi. 2005 y\u0131l\u0131nda malumunuz oldu\u011fu \u00fczere ceza adalet sistemimizde \u00e7ok b\u00fcy\u00fck bir reform ger\u00e7ekle\u015fti. Ceza adalet sisteminin \u00fc\u00e7 \u00f6nemli aya\u011f\u0131 olan T\u00fcrk Ceza Kanunu\u2019nda, Ceza Muhakemesi Kanunu\u2019nda ve \u0130nfaz Kanunu\u2019nda k\u00f6kl\u00fc de\u011fi\u015fiklikler oldu. Denetimli serbestlik de bu de\u011fi\u015fiklikler i\u00e7erisinde bizim hukuk sistemimize girmi\u015f oldu.<\/p>\n\n\n\n<p class=\"wp-block-paragraph\">Avrupa\u2019daki geli\u015fmi\u015f hukuk sistemlerindeki muadillerine bakt\u0131\u011f\u0131m\u0131zda, denetimli serbestlik y\u00fczy\u0131l\u0131 a\u015fk\u0131n s\u00fcredir uygulanan bir sistem. Uygulama itibar\u0131yla esasen bizim k\u00fclt\u00fcr\u00fcm\u00fczde, bizim medeniyetimizde de ge\u00e7mi\u015ften bu yana benzer uygulamalar\u0131n\u0131 g\u00f6rd\u00fc\u011f\u00fcm\u00fcz bir yap\u0131 bu. Ancak o d\u00f6nemlerde yasal bir \u00e7at\u0131 alt\u0131nda de\u011fil, sistemin i\u00e7erisinde da\u011f\u0131n\u0131k ve muhtelif uygulamalar \u015feklinde vard\u0131. Denetimli serbestlik, bizim medeniyetimize de uygun bir yakla\u015f\u0131m olmas\u0131 itibar\u0131yla, hukuk sistemimize girdikten sonra \u00e7ok h\u0131zl\u0131 bir \u015fekilde kabul g\u00f6rd\u00fc ve yerle\u015fti.<\/p>\n\n\n\n<p class=\"wp-block-paragraph\"><strong>BHA:<\/strong>&nbsp;Kamuoyunda zaman zaman denetimli serbestli\u011fin \u201ccezas\u0131zl\u0131k\u201d veya \u201csal\u0131verme\u201d gibi alg\u0131land\u0131\u011f\u0131 tart\u0131\u015fmalar\u0131 oluyor. Bu hususu nas\u0131l a\u00e7\u0131klars\u0131n\u0131z?<\/p>\n\n\n\n<p class=\"wp-block-paragraph\"><strong>\u201cKamuoyu denetimli serbestli\u011fi bazen sal\u0131verilme ile kar\u0131\u015ft\u0131r\u0131yor; biz sistemdeki bir bo\u015flu\u011fu doldurduk\u201d<\/strong><\/p>\n\n\n\n<p class=\"wp-block-paragraph\"><strong>Y\u0131ld\u0131r\u0131m:<\/strong><br>Bizim \u015fartla tahliye ile \u201chakk\u0131n tahliyesi\u201d aras\u0131ndaki s\u00fcrede infaz sistemimizde bir bo\u015fluk vard\u0131. Ki\u015fiyi cezaevinden \u015fartla tahliye ile \u00e7\u0131kart\u0131yorduk. Bu ki\u015fi, yeniden su\u00e7 i\u015flemezse, tekrar cezaevine geri al\u0131nmadan bu s\u00fcreyi tamamen serbest bir \u015fekilde ge\u00e7iriyordu. Kamuoyu denetimli serbestli\u011fi bazen sadece sal\u0131verilme ile kar\u0131\u015ft\u0131r\u0131yor ama biz denetimli serbestlik kurumunu getirerek, asl\u0131nda tam da bu aradaki bo\u015flu\u011fu doldurmu\u015f olduk.<\/p>\n\n\n\n<p class=\"wp-block-paragraph\">Yani \u015fartla tahliye ile bir hakk\u0131n tahliye aras\u0131nda ki\u015fiye, sosyal hayata haz\u0131rlanma s\u00fcrecinde, sosyal hayata entegrasyon s\u00fcrecinde rehberlik yapm\u0131\u015f olduk denetimli serbestlik \u00fczerinden. Bu m\u00fcessesenin kendisini geli\u015ftirmesi, uygulamalar\u0131n\u0131 olgunla\u015ft\u0131rmas\u0131 i\u00e7in elbette uzun zamanlara ihtiya\u00e7 vard\u0131. Ama 20 y\u0131l i\u00e7erisinde T\u00fcrkiye, kendi dinamikleriyle, kendi refleksleriyle hakikaten di\u011fer geli\u015fmi\u015f hukuk sistemleriyle aras\u0131ndaki fark\u0131 b\u00fcy\u00fck \u00f6l\u00e7\u00fcde kapatt\u0131.<br>Bunu sadece biz s\u00f6ylemiyoruz; Avrupa Denetimli Serbestlik Konfederasyonu Genel Sekreteri de sistemimizi ayn\u0131 \u015fekilde tespit ediyor ve takdir ediyor.<\/p>\n\n\n\n<p class=\"wp-block-paragraph\"><strong>\u201cDenetimli serbestlik, yarg\u0131y\u0131 su\u00e7un \u00f6nlenmesi alan\u0131na sokuyor\u201d<\/strong><\/p>\n\n\n\n<p class=\"wp-block-paragraph\"><strong>BHA:<\/strong>&nbsp;Denetimli serbestlik kurumunun, cezalar\u0131n infaz\u0131 d\u0131\u015f\u0131nda, su\u00e7un \u00f6nlenmesi \u00fczerindeki etkisi nedir?<\/p>\n\n\n\n<p class=\"wp-block-paragraph\"><strong>Y\u0131ld\u0131r\u0131m:<\/strong><br>Denetimli serbestli\u011fin en \u00f6nemli \u00f6zelliklerinden birisi de yarg\u0131y\u0131, su\u00e7un \u00f6nlenme alan\u0131na da sokmas\u0131d\u0131r. Bu, \u00e7ok vurgulanan bir \u00f6zellik de\u011fil ama son derece k\u0131ymetli. Normalde \u00f6nleyici tedbirler, a\u011f\u0131rl\u0131kl\u0131 olarak idarenin ve farkl\u0131 bakanl\u0131klar\u0131n uhdesinde y\u00fcr\u00fct\u00fcl\u00fcr. Yarg\u0131 ise \u00e7o\u011funlukla su\u00e7 i\u015flendikten sonraki safhada devreye girer. Ancak denetimli serbestlik, su\u00e7un tekrar\u0131n\u0131 \u00f6nleme fonksiyonu itibar\u0131yla, su\u00e7un \u00f6nlenmesi alan\u0131nda da faaliyet g\u00f6steriyor.<\/p>\n\n\n\n<p class=\"wp-block-paragraph\">Ki\u015fileri tekrar su\u00e7tan uzakla\u015ft\u0131rma, su\u00e7 tekrar\u0131ndan uzakla\u015ft\u0131rma konusunda ciddi \u00e7al\u0131\u015fmalar yap\u0131l\u0131yor. Geli\u015fmi\u015f infaz sistemlerinin ba\u015far\u0131s\u0131, su\u00e7un tekrar\u0131n\u0131n \u00f6nlenmesiyle do\u011fru orant\u0131l\u0131d\u0131r. Bug\u00fcn bu perspektiften bakt\u0131\u011f\u0131m\u0131zda, T\u00fcrk denetimli serbestlik sistemi hem saha uygulamalar\u0131 hem de uzman kadrolar\u0131yla bu hedefe \u00e7ok \u00f6nemli katk\u0131lar sunuyor.<\/p>\n\n\n\n<p class=\"wp-block-paragraph\">2005 y\u0131l\u0131nda 1000 ki\u015fiyle yola \u00e7\u0131k\u0131ld\u0131. Bug\u00fcn 6300 ki\u015fi bu alanda hizmet veriyor. Psikologlar\u0131m\u0131z, sosyologlar\u0131m\u0131z, sosyal \u00e7al\u0131\u015fmac\u0131lar\u0131m\u0131z, \u00f6\u011fretmenlerimiz, Diyanet \u0130\u015fleri Ba\u015fkanl\u0131\u011f\u0131\u2019n\u0131n vaizleri, Milli E\u011fitim Bakanl\u0131\u011f\u0131 ile yapt\u0131\u011f\u0131m\u0131z protokoller \u00e7er\u00e7evesinde halk e\u011fitim merkezlerinden gelen hocalar\u0131m\u0131z\u2026 Hepsi bu sistemin bir par\u00e7as\u0131. Denetimli serbestlik bug\u00fcn T\u00fcrkiye\u2019de infaz sistemimizin olmazsa olmaz bir par\u00e7as\u0131 haline gelmi\u015ftir.<\/p>\n\n\n\n<p class=\"wp-block-paragraph\"><strong>\u201cDijital \u00e7a\u011fda infaz: Art\u0131k bir ki\u015fiyi d\u00f6rt duvar aras\u0131nda tutma zorunlulu\u011fu yok\u201d<\/strong><\/p>\n\n\n\n<p class=\"wp-block-paragraph\"><strong>BHA:<\/strong>&nbsp;\u0130nfaz sisteminin gelece\u011fine bakt\u0131\u011f\u0131n\u0131zda denetimli serbestli\u011fi nerede g\u00f6r\u00fcyorsunuz?<\/p>\n\n\n\n<p class=\"wp-block-paragraph\"><strong>Y\u0131ld\u0131r\u0131m:<\/strong><br>Denetimli serbestlik, infaz sisteminin gelece\u011finde \u00e7ok daha geni\u015f bir alana yay\u0131lacakt\u0131r. \u00c7ok daha etkili bir mekanizma olacakt\u0131r. Bunu sadece temenni olarak s\u00f6ylemiyorum, dijital geli\u015fmelere dayanarak s\u00f6yl\u00fcyorum. Art\u0131k dijital sistemler, ki\u015finin h\u00fcrriyetinin k\u0131s\u0131tlan\u0131rken mutlaka d\u00f6rt duvar aras\u0131nda tutulmas\u0131n\u0131 zorunlu k\u0131lm\u0131yor.<\/p>\n\n\n\n<p class=\"wp-block-paragraph\">Elektronik kelep\u00e7e olarak bildi\u011finiz elektronik izleme sistemleriyle, \u00e7e\u015fitli dijital k\u0131s\u0131tlama mekanizmalar\u0131yla art\u0131k bir ki\u015fiyi hapsetmek i\u00e7in illa klasik cezaevi duvarlar\u0131na ihtiyac\u0131n\u0131z yok. D\u00fcnyada da e\u011filim bu y\u00f6nde; ki\u015fiyi toplum i\u00e7inde, denetimli ve kontroll\u00fc bir \u015fekilde infaz etmeye do\u011fru gidiliyor. Bizim infaz sistemimizin b\u00fct\u00fcn\u00fc de bu dinamizmden pay\u0131n\u0131 al\u0131yor.<\/p>\n\n\n\n<p class=\"wp-block-paragraph\">Ceza infaz sistemimize genel olarak bakt\u0131\u011f\u0131n\u0131zda, 2000\u2019li y\u0131llar\u0131n ba\u015f\u0131ndan itibaren \u00e7ok b\u00fcy\u00fck bir reformdan, \u00e7ok b\u00fcy\u00fck bir d\u00f6n\u00fc\u015f\u00fcmden ve asl\u0131nda \u00e7ok \u00f6nemli bir ba\u015far\u0131 hikayesinden s\u00f6z ediyoruz. Ceza infaz alan\u0131 biraz mahrem bir alan oldu\u011fu i\u00e7in kamuoyu bu ba\u015far\u0131 hikayesini savunma sanayii kadar yak\u0131ndan takip edemiyor. Ama inan\u0131n, savunma sanayiinde nas\u0131l bir ba\u015far\u0131 hikayemiz varsa ceza infaz alan\u0131nda da ona benzer bir ba\u015far\u0131 hikayesi var.<\/p>\n\n\n\n<p class=\"wp-block-paragraph\">T\u00fcrkiye, 2000\u2019li y\u0131llar\u0131n ba\u015f\u0131ndan bu yana&nbsp;<strong>314\u2019\u00fcn \u00fczerinde ceza infaz kurumu in\u015fa etmi\u015ftir<\/strong>. Ayn\u0131 d\u00f6nemde, ko\u015fullar\u0131 eskimi\u015f, insani standartlar\u0131 ta\u015f\u0131mayan&nbsp;<strong>410 civar\u0131nda ceza infaz kurumunu da kapatm\u0131\u015ft\u0131r<\/strong>. Devletimiz bu alana \u00e7ok ciddi kaynak ay\u0131rm\u0131\u015f, daha insani ko\u015fullar\u0131n tesisine b\u00fcy\u00fck \u00f6nem vermi\u015ftir.<\/p>\n\n\n\n<p class=\"wp-block-paragraph\"><strong>\u201cT\u00fcrkiye, infaz alan\u0131nda art\u0131k \u00f6d\u00fcl alan de\u011fil, ayn\u0131 zamanda standart belirleyen bir \u00fclke\u201d<\/strong><\/p>\n\n\n\n<p class=\"wp-block-paragraph\"><strong>BHA:<\/strong>&nbsp;T\u00fcrkiye\u2019nin infaz ve denetimli serbestlik alan\u0131ndaki uluslararas\u0131 konumu nedir? Son y\u0131llarda al\u0131nan \u00f6d\u00fcller ne anlat\u0131yor?<\/p>\n\n\n\n<p class=\"wp-block-paragraph\"><strong>Y\u0131ld\u0131r\u0131m:<\/strong><br>Sorunlar\u0131m\u0131z elbette var; d\u00fcnyadaki t\u00fcm infaz sistemlerinin var. Kalabal\u0131kla\u015fma bask\u0131s\u0131, sa\u011fl\u0131kla ilgili hassasiyetler, e\u011fitimle ilgili ihtiya\u00e7lar\u2026 Bunlar t\u00fcm \u00fclkeler i\u00e7in ge\u00e7erli. Ama biz meseleye \u015furadan bak\u0131yoruz: Uluslararas\u0131 alanda bizim pozisyonumuz nedir? Akreditasyonumuz nedir?<\/p>\n\n\n\n<p class=\"wp-block-paragraph\">Bu \u00e7er\u00e7evede, 2022 y\u0131l\u0131ndan bu yana infaz alan\u0131nda&nbsp;<strong>iki d\u00fcnya, bir Avrupa \u00f6d\u00fcl\u00fc<\/strong>&nbsp;ald\u0131k.<br>\u2013 2022 y\u0131l\u0131nda D\u00fcnya Cezaevleri Birli\u011fi\u2019nin Orlando\u2019daki toplant\u0131s\u0131nda, \u201ciyile\u015ftirme (rehabilitasyon)\u201d kategorisinde&nbsp;<strong>m\u00fckemmeliyet \u00f6d\u00fcl\u00fcn\u00fc<\/strong>&nbsp;ald\u0131k.<br>\u2013 2024 y\u0131l\u0131nda Singapur\u2019da yine D\u00fcnya Cezaevleri Birli\u011fi\u2019nin sa\u011fl\u0131k alan\u0131nda, uzaktan psikososyal servis m\u00fcdahaleleriyle ilgili&nbsp;<strong>m\u00fckemmeliyet \u00f6d\u00fcl\u00fcn\u00fc<\/strong>&nbsp;ald\u0131k.<br>\u2013 Bu sene Avrupa\u2019da, Polonya\u2019da Avrupa Cezaevleri Birli\u011fi\u2019nin, EuroPris\u2019in&nbsp;<strong>2025 y\u0131l\u0131 ba\u015far\u0131 \u00f6d\u00fcl\u00fcn\u00fc<\/strong>&nbsp;T\u00fcrkiye olarak biz ald\u0131k.<\/p>\n\n\n\n<p class=\"wp-block-paragraph\">Yakla\u015f\u0131k bir ay \u00f6nce Viyana\u2019da, Avrupa Denetimli Serbestlik Konfederasyonu\u2019nun tarihinde ilk defa bir \u00fclkeye verdi\u011fi&nbsp;<strong>takdirname belgesini<\/strong>&nbsp;de T\u00fcrkiye ald\u0131. Bu takdirnameyi \u00f6zellikle denetimli serbestlik sistemimizdeki \u201cAdalet Ormanlar\u0131\u201d uygulamam\u0131z \u00fczerinden verdiler. Yakla\u015f\u0131k 3 milyon a\u011fa\u00e7 diktik. Bu \u00e7al\u0131\u015fmalar\u0131m\u0131z, Avrupa denetimli serbestlik sisteminin \u201cye\u015fil denetimli serbestlik\u201d diye yeni bir kategori olu\u015fturmas\u0131na vesile oldu. \u00d6n\u00fcm\u00fczdeki y\u0131ldan itibaren bu alanda ayr\u0131ca \u00f6d\u00fcller verilmeye ba\u015flanacak.<\/p>\n\n\n\n<p class=\"wp-block-paragraph\">Bu \u00f6d\u00fcller sadece bug\u00fcnk\u00fc y\u00f6neticilerin gayreti de\u011fil,&nbsp;<strong>20 y\u0131ld\u0131r bu alana emek veren herkesin ortak ba\u015far\u0131s\u0131d\u0131r<\/strong>. Ayn\u0131 zamanda T\u00fcrk infaz sisteminin uluslararas\u0131 sahada akredite oldu\u011funun, sayg\u0131n oldu\u011funun da bir g\u00f6stergesidir.<\/p>\n\n\n\n<p class=\"wp-block-paragraph\"><strong>\u201cCeza infaz kurumlar\u0131nda 435 bin ki\u015fi var; T\u00fcrkiye cezas\u0131zl\u0131k \u00fclkesi de\u011fil, uyu\u015fturucuda Avrupa\u2019n\u0131n en sert \u00fclkelerinden biriyiz\u201d<\/strong><\/p>\n\n\n\n<p class=\"wp-block-paragraph\"><strong>BHA:<\/strong>&nbsp;Zaman zaman kamuoyunda \u201ccezas\u0131zl\u0131k\u201d ele\u015ftirileri yap\u0131l\u0131yor. \u201cSu\u00e7lar\u0131n cezas\u0131z kald\u0131\u011f\u0131\u201d y\u00f6n\u00fcnde bir alg\u0131 var. Siz bu ele\u015ftirilere ne diyorsunuz?<\/p>\n\n\n\n<p class=\"wp-block-paragraph\"><strong>Y\u0131ld\u0131r\u0131m:<\/strong><br>Bug\u00fcn itibariyle T\u00fcrkiye ceza infaz kurumlar\u0131nda&nbsp;<strong>435 bin civar\u0131nda ki\u015fi<\/strong>&nbsp;var. Bu say\u0131, asl\u0131nda ba\u015fl\u0131 ba\u015f\u0131na bir \u015feyi s\u00f6yl\u00fcyor: T\u00fcrkiye\u2019de \u201ccezas\u0131zl\u0131k\u201d diye bir durum yok. Bizim \u00fclkemizde i\u015flenen su\u00e7lara gerekli cezalar verilmektedir.<\/p>\n\n\n\n<p class=\"wp-block-paragraph\">T\u00fcrkiye, bir\u00e7ok Avrupa \u00fclkesine k\u0131yasla&nbsp;<strong>daha sert bir ceza politikas\u0131<\/strong>&nbsp;uygulayan bir \u00fclkedir. \u00d6zellikle uyu\u015fturucu madde su\u00e7lar\u0131nda bunu \u00e7ok net g\u00f6r\u00fcyoruz. Cezaevlerimizde bulunanlar\u0131n yakla\u015f\u0131k&nbsp;<strong>\u00fc\u00e7te biri maddeye ba\u011fl\u0131 su\u00e7lardan<\/strong>&nbsp;dolay\u0131 i\u00e7eride. Avrupa \u00fclkelerine bakt\u0131\u011f\u0131n\u0131zda, uyu\u015fturucu konusunda \u00f6zellikle kullan\u0131c\u0131lar a\u00e7\u0131s\u0131ndan \u00e7ok daha d\u00fc\u015f\u00fck yapt\u0131r\u0131mlar, hatta baz\u0131 \u00fclkelerde hi\u00e7 ceza verilmedi\u011fini veya para cezas\u0131 ile ge\u00e7i\u015ftirildi\u011fini g\u00f6rebiliyoruz.<\/p>\n\n\n\n<p class=\"wp-block-paragraph\">Biz ise k\u00fc\u00e7\u00fck miktarl\u0131 ticaretlerde bile 10\u201315 y\u0131ldan a\u015fa\u011f\u0131 ceza \u00f6ng\u00f6rm\u00fcyoruz. Yurt d\u0131\u015f\u0131ndan gelen bir ki\u015fi, cebinde bir i\u00e7imlik uyu\u015fturucuyu unutmu\u015f olsa bile, ithal say\u0131ld\u0131\u011f\u0131 i\u00e7in 20 y\u0131la kadar ceza ile kar\u015f\u0131la\u015fabiliyor. Bu bir tercih meselesi; bir ele\u015ftiri de\u011fil, politika tercihi. Dolay\u0131s\u0131yla cezaevlerindeki mevcut art\u0131\u015f\u0131 da bu \u00e7er\u00e7evede de\u011ferlendirmek gerekir.<\/p>\n\n\n\n<p class=\"wp-block-paragraph\">\u015eunu da \u00f6zellikle ifade etmek istiyorum: Cezaevleri, daha \u00e7ok insan cezaevine girsin diye yap\u0131lmaz. Nas\u0131l hastaneleri daha \u00e7ok insan hasta olsun diye yapm\u0131yorsak, cezaevlerini de daha \u00e7ok insan i\u00e7eri girsin diye yapm\u0131yoruz. Ama bir \u015fekilde infaz sisteminin alan\u0131 i\u00e7erisine girmi\u015f h\u00fck\u00fcml\u00fc ve tutuklular\u0131n,&nbsp;<strong>daha insani ko\u015fullarda<\/strong>&nbsp;bu y\u00fck\u00fcml\u00fcl\u00fcklerini yerine getirmeleri i\u00e7in cezaevleri in\u015fa ediyoruz.<\/p>\n\n\n\n<p class=\"wp-block-paragraph\"><strong>\u201cK\u00f6t\u00fc muamele iddialar\u0131nda s\u0131f\u0131r tolerans: En inand\u0131r\u0131c\u0131 olmayan iddiay\u0131 bile inceliyoruz\u201d<\/strong><\/p>\n\n\n\n<p class=\"wp-block-paragraph\"><strong>BHA:<\/strong>&nbsp;Ge\u00e7mi\u015fte cezaevleri denince akla s\u0131k\u00e7a k\u00f6t\u00fc muamele iddialar\u0131 gelirdi. Bug\u00fcn tablo nedir?<\/p>\n\n\n\n<p class=\"wp-block-paragraph\"><strong>Y\u0131ld\u0131r\u0131m:<\/strong><br>\u00d6zellikle 80\u2019li, 90\u2019l\u0131 y\u0131llarda ceza infaz sistemimizin g\u00fcndeminde k\u00f6t\u00fc muamele iddialar\u0131 \u00e7ok \u00f6nemli yer tutuyordu. \u0130nan\u0131n, bug\u00fcn bu konu g\u00fcndemimizin en alt s\u0131ralar\u0131nda bile de\u011fil. Bu, \u201chi\u00e7 olmaz\u201d demek de\u011fildir ama art\u0131k sistematik bir sorundan s\u00f6z etmiyoruz.<\/p>\n\n\n\n<p class=\"wp-block-paragraph\">K\u00f6t\u00fc muamele iddialar\u0131n\u0131 son derece ciddiye al\u0131yoruz. En inand\u0131r\u0131c\u0131 olmayan iddiay\u0131 bile detaylar\u0131yla inceliyoruz. \u00c7\u00fcnk\u00fc bu konularda rehavete yer yok. Say\u0131n Cumhurba\u015fkan\u0131m\u0131z\u0131n bu konudaki \u00e7izgisi \u00e7ok nettir. Say\u0131n Bakan\u0131m\u0131z da defalarca&nbsp;<strong>\u201ck\u00f6t\u00fc muameleye s\u0131f\u0131r tolerans\u201d<\/strong>&nbsp;vurgusunda bulunmu\u015ftur. 87 bin personelimiz ve 435 bin h\u00fck\u00fcml\u00fc-tutuklumuz var. Bu kadar \u00e7ok insan\u0131n oldu\u011fu yerde, insan do\u011fas\u0131 gere\u011fi ki\u015fisel hatalar olabilir. Burada \u00f6nemli olan, sistemin bu hatalara nas\u0131l tepki verdi\u011fidir.<\/p>\n\n\n\n<p class=\"wp-block-paragraph\">Biz hem ulusal hem uluslararas\u0131 denetim mekanizmalar\u0131yla s\u00fcrekli denetlenen bir alan\u0131 y\u00f6netiyoruz. Avrupa \u0130\u015fkenceyi \u00d6nleme Komitesi (CPT), Birle\u015fmi\u015f Milletler\u2019in ilgili komiteleri, TBMM \u0130nsan Haklar\u0131 Komisyonu, onun alt komisyonlar\u0131, ba\u015fsavc\u0131l\u0131klar, insan haklar\u0131 kurullar\u0131, sivil izleme kurullar\u0131\u2026 Bunlar\u0131n tamam\u0131 cezaevlerini denetliyor. Bunun d\u0131\u015f\u0131nda bize gelen bireysel ba\u015fvurular \u00fczerinden de incelemeler yap\u0131yoruz.<\/p>\n\n\n\n<p class=\"wp-block-paragraph\">Yeni bir uygulamam\u0131z olan&nbsp;<strong>ACEP \u2013 g\u00f6r\u00fcnt\u00fcl\u00fc ileti\u015fim projesi<\/strong>&nbsp;ile h\u00fck\u00fcml\u00fc, odas\u0131nda bulunan elektronik panel \u00fczerinden hi\u00e7bir memuru arac\u0131 k\u0131lmaks\u0131z\u0131n do\u011frudan Bakanl\u0131k \u0130leti\u015fim Merkezini arayabiliyor. Bu, i\u00e7eriden d\u0131\u015far\u0131ya denetimsiz bir kanal a\u00e7mak demek. Bu ancak \u00f6zg\u00fcvenle yap\u0131labilecek bir i\u015ftir. Ayr\u0131ca ziyaret\u00e7i alanlar\u0131na \u015fikayet kutular\u0131 yerle\u015ftirdik; bu kutular savc\u0131lar taraf\u0131ndan a\u00e7\u0131l\u0131yor. Amac\u0131m\u0131z, \u201colmuyor varsayal\u0131m\u201d diye de\u011fil, \u201colmamas\u0131 i\u00e7in s\u00fcrekli kontrol edelim\u201d diye hareket etmektir.<\/p>\n\n\n\n<p class=\"wp-block-paragraph\">Bu sebeple g\u00f6n\u00fcl rahatl\u0131\u011f\u0131yla s\u00f6yleyebilirim ki:&nbsp;<strong>Ceza infaz kurumlar\u0131m\u0131zda sistematik k\u00f6t\u00fc muamele olmas\u0131 m\u00fcmk\u00fcn de\u011fildir.<\/strong><\/p>\n\n\n\n<p class=\"wp-block-paragraph\"><strong>\u201cG\u00f6r\u00fcnt\u00fcl\u00fc ileti\u015fimde 392 milyon g\u00f6r\u00fc\u015fme, suistimal edenlerin hakk\u0131 derhal kesiliyor\u201d<\/strong><\/p>\n\n\n\n<p class=\"wp-block-paragraph\"><strong>BHA:<\/strong>&nbsp;Son d\u00f6nemde g\u00f6r\u00fcnt\u00fcl\u00fc g\u00f6r\u00fc\u015fme ve dijital ileti\u015fim sistemleri de g\u00fcndemde. Bu sistem nas\u0131l \u00e7al\u0131\u015f\u0131yor, suistimallere kar\u015f\u0131 ne yap\u0131yorsunuz?<\/p>\n\n\n\n<p class=\"wp-block-paragraph\"><strong>Y\u0131ld\u0131r\u0131m:<\/strong><br>G\u00f6r\u00fcnt\u00fcl\u00fc ileti\u015fim sistemini yakla\u015f\u0131k 3 y\u0131ld\u0131r pilot uygulamalarla birlikte kullan\u0131yoruz. \u00d6z\u00fcnde \u015fu: Ceza infaz kurumunda bulunan h\u00fck\u00fcml\u00fc ya da tutuklunun aile ba\u011f\u0131 kopmas\u0131n, aile i\u00e7indeki varl\u0131\u011f\u0131 tamamen ortadan kalkmas\u0131n istiyoruz. Ailelerin telefonlar\u0131na bir uygulama y\u00fckl\u00fcyoruz. \u00d6rne\u011fin cezaevinde bulunan bir anne, \u00e7ocu\u011funun okula gidi\u015fini takip edebiliyor. Bir baba, ak\u015fam ailesiyle oturup evin meselelerini, k\u0131z\u0131n\u0131n \u00f6zel durumunu, o\u011flunun i\u015fini konu\u015fabiliyor.<\/p>\n\n\n\n<p class=\"wp-block-paragraph\">Eskiden cezaevine giren birisi, 10 sene sonra \u00e7\u0131k\u0131nca ne aile kal\u0131rd\u0131 ne \u00e7ocuk. \u015eimdi g\u00f6r\u00fcnt\u00fcl\u00fc ileti\u015fimle \u00e7ok daha insani, sosyal a\u00e7\u0131dan son derece onar\u0131c\u0131 bir mekanizma kurulmu\u015f durumda. Bug\u00fcne kadar&nbsp;<strong>392 milyon g\u00f6r\u00fcnt\u00fcl\u00fc g\u00f6r\u00fc\u015fme<\/strong>&nbsp;yap\u0131lm\u0131\u015f. Bu g\u00f6r\u00fc\u015fmelerin i\u00e7erisinde \u00e7ok b\u00fcy\u00fck bir \u00e7o\u011funlu\u011fu aile ba\u011flar\u0131n\u0131 g\u00fc\u00e7lendiren, aidiyeti koruyan son derece olumlu etkilere sahip.<\/p>\n\n\n\n<p class=\"wp-block-paragraph\">Elbette birka\u00e7 kriminal tip de bu g\u00f6r\u00fc\u015fmeleri k\u00f6t\u00fcye kullanmaya \u00e7al\u0131\u015f\u0131yor; tehdit, \u00f6rg\u00fctsel mesaj, su\u00e7u \u00f6vme gibi. Say\u0131lar\u0131 3\u20135 \u00f6rnekten ibaret. Vatanda\u015f \u015funu bilsin:<br><strong>G\u00f6r\u00fcnt\u00fcl\u00fc ileti\u015fimi suistimal eden herkesin bu hakk\u0131n\u0131 derecesine g\u00f6re k\u0131s\u0131tl\u0131yor veya kald\u0131rabiliyoruz.<\/strong><br>Gerekirse g\u00f6r\u00fcnt\u00fcl\u00fc ileti\u015fim imkan\u0131 olmayan cezaevlerine nakillerini ger\u00e7ekle\u015ftiriyoruz. Haftada 30 dakika g\u00f6r\u00fcnt\u00fcl\u00fc g\u00f6r\u00fc\u015fme hakk\u0131 var. G\u00f6r\u00fc\u015febilece\u011fi ki\u015filer \u00f6nceden bildirilip inceleniyor, sistemde buton olarak kar\u015f\u0131s\u0131na \u00e7\u0131k\u0131yor; rastgele numara \u00e7evirip kimseyi arayam\u0131yor. G\u00f6r\u00fc\u015fmeler kay\u0131t alt\u0131nda, su\u00e7 i\u00e7eren g\u00f6r\u00fc\u015fmelerde hem adli hem disiplin i\u015flemleri yap\u0131l\u0131yor.<\/p>\n\n\n\n<p class=\"wp-block-paragraph\">Burada temel ilkemiz \u015fu:&nbsp;<strong>Milyonlarca g\u00f6r\u00fc\u015fme i\u00e7erisinde birka\u00e7 k\u00f6t\u00fcye kullanma sebebiyle \u00e7ok insani bir yakla\u015f\u0131m olan ve binlerce ailenin yaraland\u0131\u011f\u0131 aile b\u00fct\u00fcnl\u00fc\u011f\u00fcn\u00fcn ceza infaz kurumlar\u0131da dahi korunmas\u0131na yard\u0131mc\u0131 olan sistemin b\u00fct\u00fcn\u00fcn\u00fcn tart\u0131\u015fma haline getirilmesi do\u011fru bir yakla\u015f\u0131m olmayacakt\u0131r.<\/strong><\/p>\n\n\n\n<p class=\"wp-block-paragraph\"><strong>\u201cCezaevi mucizevi bir d\u00f6n\u00fc\u015f\u00fcm merkezi de\u011fil ama binlerce uzmanla \u0131slah i\u00e7in \u00e7al\u0131\u015f\u0131yoruz\u201d<\/strong><\/p>\n\n\n\n<p class=\"wp-block-paragraph\"><strong>BHA:<\/strong>&nbsp;\u00d6zellikle \u00e7ocuk e\u011fitim evleri ve tekrar su\u00e7 i\u015fleme riski y\u00fcksek gruplar i\u00e7in ne t\u00fcr \u00e7al\u0131\u015fmalar y\u00fcr\u00fct\u00fcyorsunuz? Cezaevi ne kadar \u201c\u0131slah edici\u201d olabilir?<\/p>\n\n\n\n<p class=\"wp-block-paragraph\"><strong>Y\u0131ld\u0131r\u0131m:<\/strong><br>Son d\u00f6nemde \u00e7ocuk e\u011fitim evleri ve \u00e7ocuk su\u00e7lular da kamuoyunda s\u0131k\u00e7a g\u00fcndeme geliyor. Burada \u015funu \u00e7ok net s\u00f6ylemek gerekiyor: Cezaevine girip 6 ay yatt\u0131ktan sonra \u00e7\u0131kan birinin t\u00fcm hayat\u0131n\u0131n mucizevi bir \u015fekilde de\u011fi\u015fmesini beklemek ger\u00e7ek\u00e7i de\u011fil. Ceza infaz kurumlar\u0131n\u0131n b\u00f6yle b\u00fcy\u00fcl\u00fc bir ortam\u0131 yok.<\/p>\n\n\n\n<p class=\"wp-block-paragraph\">Cezaevinde ne kadar \u201crahat ettirirseniz ettirin\u201d, h\u00fcrriyetten yoksun olman\u0131n kendisi zaten a\u011f\u0131rd\u0131r. Tan\u0131mad\u0131\u011f\u0131n\u0131z insanlarla ayn\u0131 oday\u0131, ayn\u0131 lavaboyu payla\u015f\u0131yorsunuz. Bir hafta sonu evinizden \u00e7\u0131kmamay\u0131 d\u00fc\u015f\u00fcn\u00fcn, ne kadar zorland\u0131\u011f\u0131n\u0131z\u0131 hat\u0131rlay\u0131n. Dolay\u0131s\u0131yla cezaevi, en temel haliyle bile zor bir ortamd\u0131r.<\/p>\n\n\n\n<p class=\"wp-block-paragraph\">Buna ra\u011fmen \u015funu da ifade etmek gerekiyor: \u015eu an itibar\u0131yla cezaevlerinde \u00e7ok say\u0131da uzman\u0131m\u0131z, binlerce psikolog, sosyal \u00e7al\u0131\u015fmac\u0131, e\u011fitimci, uluslararas\u0131 programlarla uyumlu ve kendi \u00fcretti\u011fimiz yap\u0131land\u0131r\u0131lm\u0131\u015f programlarla iyile\u015ftirme faaliyetleri y\u00fcr\u00fct\u00fcyor. \u00d6fke kontrol\u00fc programlar\u0131ndan aile e\u011fitimlerine, ba\u011f\u0131ml\u0131l\u0131kla m\u00fccadelede samba gibi programlara kadar pek \u00e7ok alanda h\u00fck\u00fcml\u00fcleri olumsuz alanlardan uzakla\u015ft\u0131rmaya \u00e7al\u0131\u015f\u0131yoruz.<\/p>\n\n\n\n<p class=\"wp-block-paragraph\">Ama insan\u0131 tamamen \u201cd\u00f6n\u00fc\u015ft\u00fcrmek\u201d \u00e7ok iddial\u0131 bir hedef. Biz, dokunabildi\u011fimiz kadar insana, dokundu\u011fumuz oranda fayda \u00fcretmeyi hedefliyoruz. Su\u00e7 dedi\u011fimiz olgu&nbsp;<strong>multidisipliner<\/strong>&nbsp;bir kavramd\u0131r. Bu alanda devletin t\u00fcm dinamiklerinin birlikte hareket edebilece\u011fi, projelerini ortak zeminde uygulayabilece\u011fi \u00fcst bir \u00e7at\u0131 yap\u0131lanmas\u0131na ihtiya\u00e7 oldu\u011funu d\u00fc\u015f\u00fcn\u00fcyorum.<\/p>\n\n\n\n<p class=\"wp-block-paragraph\"><strong>\u201cCeza ve Tevkifevleri, \u00e7ok g\u00fc\u00e7l\u00fc kurumsal reflekslere sahip; ki\u015fiye g\u00f6re de\u011fil riske g\u00f6re hareket ediyoruz\u201d<\/strong><\/p>\n\n\n\n<p class=\"wp-block-paragraph\"><strong>BHA:<\/strong>&nbsp;Ceza ve Tevkifevleri Genel M\u00fcd\u00fcrl\u00fc\u011f\u00fc\u2019n\u00fcn kurumsal yap\u0131s\u0131, refleksi ve y\u00f6netim yakla\u015f\u0131m\u0131 hakk\u0131nda neler s\u00f6ylersiniz?<\/p>\n\n\n\n<p class=\"wp-block-paragraph\"><strong>Y\u0131ld\u0131r\u0131m:<\/strong><br>Ceza ve Tevkifevleri Genel M\u00fcd\u00fcrl\u00fc\u011f\u00fc, devlet sistemi i\u00e7inde \u00e7ok g\u00fc\u00e7l\u00fc kurumsal yap\u0131lardan biridir. Kurumsal \u00e7izgileri, k\u0131rm\u0131z\u0131 \u00e7izgileri, gelenekleri olan, kurumsal birikimi son derece y\u00fcksek bir yap\u0131dan s\u00f6z ediyoruz. Ben 8 y\u0131ld\u0131r genel m\u00fcd\u00fcrl\u00fck g\u00f6revini y\u00fcr\u00fct\u00fcyorum, h\u00e2l\u00e2 te\u015fkilat\u0131n k\u0131lcal damarlar\u0131n\u0131 \u00f6\u011frenmeye devam ediyorum.<\/p>\n\n\n\n<p class=\"wp-block-paragraph\">Bu alan, e\u011fitimden b\u00fct\u00e7eye, asayi\u015ften psikososyal desteklere, projelerden ili\u015fkiler y\u00f6netimine kadar \u00e7ok boyutlu. Kurumsal yap\u0131 i\u00e7erisinde ge\u00e7mi\u015ften bu yana deneyimlerle olu\u015fmu\u015f,&nbsp;<strong>ki\u015fiye \u00f6zel olmayan, standart uygulamalar\u0131m\u0131z<\/strong>&nbsp;var. Bir ki\u015fi g\u00fcvenlik riski ta\u015f\u0131yorsa, bu ki\u015finin \u201c\u00f6nemli \u2013 \u00f6nemsiz\u201d olu\u015fuyla ilgilenmeksizin kurumsal refleks ona g\u00f6re \u00e7al\u0131\u015f\u0131yor. \u00d6rg\u00fctsel bir yap\u0131 i\u00e7eriyorsa yine ayn\u0131 \u015fekilde.<\/p>\n\n\n\n<p class=\"wp-block-paragraph\">Cezaevlerinin kap\u0131s\u0131ndan giren herkesin \u00e7e\u015fitli y\u00f6nleriyle analizini yap\u0131yoruz. \u00d6ncelikle ki\u015fisel g\u00fcvenli\u011fi, sonra su\u00e7un niteli\u011fi, ait oldu\u011fu \u00f6rg\u00fctsel yap\u0131, risk durumu\u2026 Biz mahkemelerin verdi\u011fi kararlar\u0131 infaz ediyoruz, yeniden yarg\u0131lama yapm\u0131yoruz. Bu \u00e7er\u00e7evede ki\u015fi hangi su\u00e7a ili\u015fkin sevk edilmi\u015fse, ta\u015f\u0131d\u0131\u011f\u0131 hassasiyetleri g\u00f6zeterek onu ilgili cezaevine yerle\u015ftiriyoruz, irtibatlar\u0131n\u0131 buna g\u00f6re d\u00fczenliyoruz.<\/p>\n\n\n\n<p class=\"wp-block-paragraph\">Zaman zaman d\u0131\u015far\u0131dan bak\u0131ld\u0131\u011f\u0131nda, perspektife g\u00f6re kimi \u201c\u00e7ok rahat\u201d bulundu\u011fumuz, kimi de \u201c\u00e7ok sert\u201d bulundu\u011fumuz y\u00f6n\u00fcnde yorumlar gelebiliyor. Biz t\u00fcm bu g\u00f6r\u00fc\u015flere bak\u0131yoruz ama kurumsal \u00e7izgimizi, gelenek ve usullerimizi g\u00fcnl\u00fck tart\u0131\u015fmalara g\u00f6re de\u011fi\u015ftirmiyoruz.<br>Bug\u00fcn cezaevlerinin \u00e7at\u0131s\u0131na \u00e7\u0131k\u0131p yang\u0131n \u00e7\u0131kar\u0131lan, kitlesel isyanlar\u0131n ya\u015fand\u0131\u011f\u0131 g\u00fcnlerden \u00e7ok uzaktay\u0131z. Bu da asl\u0131nda infaz sistemimizin geldi\u011fi noktay\u0131 g\u00f6steren \u00f6nemli bir i\u015farettir.<\/p>\n","protected":false},"excerpt":{"rendered":"<p>Adalet Bakanl\u0131\u011f\u0131 Ceza ve Tevkifevleri Genel M\u00fcd\u00fcr\u00fc Enis Yavuz Y\u0131ld\u0131r\u0131m, infaz ve denetimli serbestlik sisteminin 20 y\u0131ll\u0131k d\u00f6n\u00fc\u015f\u00fcm\u00fcn\u00fc Birlik Haber Ajans\u0131 (BHA) Genel M\u00fcd\u00fcr\u00fc Gazeteci Muhammet Ka\u00e7ar\u2019a de\u011ferlendirdi. ANKARA &#8211;&nbsp;BHA -T\u00fcrkiye, Denetimli Serbestlikte Art\u0131k \u00d6\u011freten \u00dclkeler Aras\u0131nda Cezaevlerinde g\u00f6r\u00fcnt\u00fcl\u00fc ileti\u015fimde 392 milyon g\u00f6r\u00fc\u015fme yap\u0131ld\u0131; Suistimal edenin g\u00f6r\u00fcnt\u00fcl\u00fc g\u00f6r\u00fc\u015fme hakk\u0131n\u0131 suiistimal derecesine g\u00f6re k\u0131s\u0131tlayabiliyor veya kald\u0131rabiliyoruz&#8230;.<\/p>\n","protected":false},"author":1,"featured_media":73708,"comment_status":"open","ping_status":"open","sticky":false,"template":"","format":"standard","meta":{"_crdt_document":"","footnotes":""},"categories":[1322,123],"tags":[],"class_list":["post-73707","post","type-post","status-publish","format-standard","has-post-thumbnail","hentry","category-3-sayfa","category-gundem"],"_links":{"self":[{"href":"https:\/\/www.egemtv.com\/index.php?rest_route=\/wp\/v2\/posts\/73707","targetHints":{"allow":["GET"]}}],"collection":[{"href":"https:\/\/www.egemtv.com\/index.php?rest_route=\/wp\/v2\/posts"}],"about":[{"href":"https:\/\/www.egemtv.com\/index.php?rest_route=\/wp\/v2\/types\/post"}],"author":[{"embeddable":true,"href":"https:\/\/www.egemtv.com\/index.php?rest_route=\/wp\/v2\/users\/1"}],"replies":[{"embeddable":true,"href":"https:\/\/www.egemtv.com\/index.php?rest_route=%2Fwp%2Fv2%2Fcomments&post=73707"}],"version-history":[{"count":1,"href":"https:\/\/www.egemtv.com\/index.php?rest_route=\/wp\/v2\/posts\/73707\/revisions"}],"predecessor-version":[{"id":73710,"href":"https:\/\/www.egemtv.com\/index.php?rest_route=\/wp\/v2\/posts\/73707\/revisions\/73710"}],"wp:featuredmedia":[{"embeddable":true,"href":"https:\/\/www.egemtv.com\/index.php?rest_route=\/wp\/v2\/media\/73708"}],"wp:attachment":[{"href":"https:\/\/www.egemtv.com\/index.php?rest_route=%2Fwp%2Fv2%2Fmedia&parent=73707"}],"wp:term":[{"taxonomy":"category","embeddable":true,"href":"https:\/\/www.egemtv.com\/index.php?rest_route=%2Fwp%2Fv2%2Fcategories&post=73707"},{"taxonomy":"post_tag","embeddable":true,"href":"https:\/\/www.egemtv.com\/index.php?rest_route=%2Fwp%2Fv2%2Ftags&post=73707"}],"curies":[{"name":"wp","href":"https:\/\/api.w.org\/{rel}","templated":true}]}}