{"id":73703,"date":"2025-12-12T11:34:45","date_gmt":"2025-12-12T08:34:45","guid":{"rendered":"https:\/\/www.egemtv.com\/?p=73703"},"modified":"2025-12-12T11:34:46","modified_gmt":"2025-12-12T08:34:46","slug":"sarigolde-ilk-kez-kitap-fuari-duzenleniyor","status":"publish","type":"post","link":"https:\/\/www.egemtv.com\/?p=73703","title":{"rendered":"Sar\u0131g\u00f6l\u2019de ilk kez Kitap Fuar\u0131 d\u00fczenleniyor"},"content":{"rendered":"<p>Manisa\u2019n\u0131n Sar\u0131g\u00f6l il\u00e7esinde ilk kez d\u00fczenlenecek olan 1. Kitap Fuar\u0131, 15-18 Aral\u0131k tarihleri aras\u0131nda dopdolu etkinlikler ve yazar bulu\u015fmalar\u0131yla kitapseverleri a\u011f\u0131rlamaya haz\u0131rlan\u0131yor.<br \/>\n<br \/>Sar\u0131g\u00f6l \u0130l\u00e7e Milli E\u011fitim M\u00fcd\u00fcrl\u00fc\u011f\u00fc taraf\u0131ndan il\u00e7ede ilk kez d\u00fczenlenecek olan 1. Sar\u0131g\u00f6l Kitap Fuar\u0131 i\u00e7in haz\u0131rl\u0131klar tamamland\u0131. Kitap fuar\u0131, 15-18 Aral\u0131k tarihleri aras\u0131nda Sar\u0131g\u00f6l Hayriye Ert\u00fcrk Anadolu Lisesi kapal\u0131 spor salonunda kitapseverleri a\u011f\u0131rlayacak.<br \/>\n<br \/>Fuar kapsam\u0131nda hem yay\u0131nevleri hem de yerel ve ulusal yazarlar okuyucularla bir araya gelecek. Sar\u0131g\u00f6l \u0130l\u00e7e Milli E\u011fitim M\u00fcd\u00fcr\u00fc Cezmi Y\u0131ld\u0131rak, fuar\u0131n il\u00e7e i\u00e7in \u00f6nemli bir k\u00fclt\u00fcrel ad\u0131m oldu\u011funu belirterek, &#8220;Kitapseverleri bir araya getirecek fuar\u0131m\u0131z, 15-18 Aral\u0131k tarihleri aras\u0131nda dopdolu etkinlikler ve yazar bulu\u015fmalar\u0131yla sizleri bekliyor.&#8221; dedi.<br \/>\n<br \/>\u0130l\u00e7ede ilk kez d\u00fczenlenecek olan kitap fuar\u0131na yo\u011fun ilgi g\u00f6sterilmesi bekleniyor.<br \/><\/p>\n","protected":false},"excerpt":{"rendered":"<p>Manisa\u2019n\u0131n Sar\u0131g\u00f6l il\u00e7esinde ilk kez d\u00fczenlenecek olan 1. Kitap Fuar\u0131, 15-18 Aral\u0131k tarihleri aras\u0131nda dopdolu etkinlikler ve yazar bulu\u015fmalar\u0131yla kitapseverleri a\u011f\u0131rlamaya haz\u0131rlan\u0131yor. Sar\u0131g\u00f6l \u0130l\u00e7e Milli E\u011fitim M\u00fcd\u00fcrl\u00fc\u011f\u00fc taraf\u0131ndan il\u00e7ede ilk kez d\u00fczenlenecek olan 1. Sar\u0131g\u00f6l Kitap Fuar\u0131 i\u00e7in haz\u0131rl\u0131klar tamamland\u0131. Kitap fuar\u0131, 15-18 Aral\u0131k tarihleri aras\u0131nda Sar\u0131g\u00f6l Hayriye Ert\u00fcrk Anadolu Lisesi kapal\u0131 spor salonunda kitapseverleri&#8230;<\/p>\n","protected":false},"author":1,"featured_media":73704,"comment_status":"open","ping_status":"open","sticky":false,"template":"","format":"standard","meta":{"_crdt_document":"","footnotes":""},"categories":[1],"tags":[],"class_list":["post-73703","post","type-post","status-publish","format-standard","has-post-thumbnail","hentry","category-guncel"],"_links":{"self":[{"href":"https:\/\/www.egemtv.com\/index.php?rest_route=\/wp\/v2\/posts\/73703","targetHints":{"allow":["GET"]}}],"collection":[{"href":"https:\/\/www.egemtv.com\/index.php?rest_route=\/wp\/v2\/posts"}],"about":[{"href":"https:\/\/www.egemtv.com\/index.php?rest_route=\/wp\/v2\/types\/post"}],"author":[{"embeddable":true,"href":"https:\/\/www.egemtv.com\/index.php?rest_route=\/wp\/v2\/users\/1"}],"replies":[{"embeddable":true,"href":"https:\/\/www.egemtv.com\/index.php?rest_route=%2Fwp%2Fv2%2Fcomments&post=73703"}],"version-history":[{"count":1,"href":"https:\/\/www.egemtv.com\/index.php?rest_route=\/wp\/v2\/posts\/73703\/revisions"}],"predecessor-version":[{"id":73705,"href":"https:\/\/www.egemtv.com\/index.php?rest_route=\/wp\/v2\/posts\/73703\/revisions\/73705"}],"wp:featuredmedia":[{"embeddable":true,"href":"https:\/\/www.egemtv.com\/index.php?rest_route=\/wp\/v2\/media\/73704"}],"wp:attachment":[{"href":"https:\/\/www.egemtv.com\/index.php?rest_route=%2Fwp%2Fv2%2Fmedia&parent=73703"}],"wp:term":[{"taxonomy":"category","embeddable":true,"href":"https:\/\/www.egemtv.com\/index.php?rest_route=%2Fwp%2Fv2%2Fcategories&post=73703"},{"taxonomy":"post_tag","embeddable":true,"href":"https:\/\/www.egemtv.com\/index.php?rest_route=%2Fwp%2Fv2%2Ftags&post=73703"}],"curies":[{"name":"wp","href":"https:\/\/api.w.org\/{rel}","templated":true}]}}