{"id":73700,"date":"2025-12-12T11:34:44","date_gmt":"2025-12-12T08:34:44","guid":{"rendered":"https:\/\/www.egemtv.com\/?p=73700"},"modified":"2025-12-12T11:34:45","modified_gmt":"2025-12-12T08:34:45","slug":"83-yasinda-20lik-disi-cikti","status":"publish","type":"post","link":"https:\/\/www.egemtv.com\/?p=73700","title":{"rendered":"83 ya\u015f\u0131nda 20\u2019lik di\u015fi \u00e7\u0131kt\u0131"},"content":{"rendered":"<p>Manisa\u2019da ya\u015fayan 83 ya\u015f\u0131ndaki Ayd\u0131n Besen, protez di\u015flerinin a\u011fr\u0131 yapmas\u0131 \u00fczerine gitti\u011fi di\u015f hekiminde, a\u011fr\u0131n\u0131n kayna\u011f\u0131n\u0131n 20\u2019lik di\u015f oldu\u011funu \u00f6\u011frenince \u015fa\u015f\u0131rd\u0131. Genellikle 18-30 ya\u015f aral\u0131\u011f\u0131nda \u00e7\u0131kan 20\u2019lik di\u015fin, 83 ya\u015f\u0131nda ortaya \u00e7\u0131kmas\u0131 dikkat \u00e7ekti.<br \/>\n<br \/>Manisa\u2019n\u0131n \u015eehzadeler il\u00e7esinde ya\u015fayan Besen, yakla\u015f\u0131k 6 y\u0131ld\u0131r total protez kulland\u0131\u011f\u0131n\u0131 belirterek, &#8220;20\u2019lik di\u015fim hi\u00e7 \u00e7\u0131kmam\u0131\u015ft\u0131. Doktor a\u011fr\u0131n\u0131n sebebinin 20\u2019lik di\u015f oldu\u011funu s\u00f6yleyince \u00e7ok \u015fa\u015f\u0131rd\u0131m. Protezimi kullanamaz hale geldi\u011fim i\u00e7in doktorum \u00e7ekilmesi gerekti\u011fini s\u00f6yledi. Bir hafta ila\u00e7 kulland\u0131ktan sonra operasyonla al\u0131nd\u0131&#8221; dedi.<\/p>\n<p>&#8220;Protez kulland\u0131\u011f\u0131 i\u00e7in altta kalm\u0131\u015f&#8221;<br \/>\n<br \/>Operasyonu ger\u00e7ekle\u015ftiren A\u011f\u0131z, Di\u015f, \u00c7ene Hastal\u0131klar\u0131 ve Cerrahisi Uzman\u0131 Dr. Dt. Hakan Kahraman, 20\u2019lik di\u015flerin her ya\u015fta sorun \u00e7\u0131karabilece\u011fine dikkat \u00e7ekerek, &#8220;\u0130leri ya\u015flarda kemik erimesi nedeniyle g\u00f6m\u00fcl\u00fc di\u015fler rahats\u0131zl\u0131k vermeye ba\u015flayabiliyor. Hastam\u0131z y\u0131llarca total protez kulland\u0131\u011f\u0131 i\u00e7in g\u00f6m\u00fcl\u00fc di\u015f, \u00fczerindeki kemi\u011fin erimesiyle y\u00fczeye yak\u0131n hale gelmi\u015f. Yeni protez yap\u0131m\u0131na engel olaca\u011f\u0131ndan di\u015fi cerrahi olarak \u00e7ektik. Bu durum herkesin ba\u015f\u0131na gelebilir&#8221; dedi.<\/p>\n<p>&#8220;Ya\u015flanmaya ba\u011fl\u0131 kemik erimesi di\u015fi y\u00fczeye \u00e7\u0131kar\u0131yor&#8221;<br \/>\n<br \/>Manisa A\u011f\u0131z ve Di\u015f Sa\u011fl\u0131\u011f\u0131 Merkezi Ba\u015fhekimi Dt. Bar\u0131\u015f Kaya ise, ileri ya\u015flarda \u00e7ene kemi\u011findeki rezorpsiyonun g\u00f6m\u00fcl\u00fc di\u015fleri y\u00fczeye do\u011fru yakla\u015ft\u0131rd\u0131\u011f\u0131n\u0131 belirterek \u015funlar\u0131 s\u00f6yledi:<br \/>\n<br \/>&#8220;Bu di\u015fler asl\u0131nda s\u00fcrm\u00fcyor; \u00e7ene kemi\u011fi eridi\u011fi i\u00e7in \u00e7\u0131km\u0131\u015f gibi g\u00f6r\u00fcn\u00fcyor. Halk aras\u0131nda \u201870 ya\u015f\u0131ndan sonra di\u015f \u00e7\u0131kt\u0131\u2019 denilen durumlar asl\u0131nda g\u00f6m\u00fcl\u00fc di\u015flerin kemik erimesiyle ortaya \u00e7\u0131kmas\u0131d\u0131r. \u00d6zellikle total protez kullanan hastalarda daha s\u0131k rastlan\u0131yor. E\u011fer a\u011fr\u0131ya, protez kullan\u0131m\u0131nda zorlu\u011fa veya yemek yemede s\u0131k\u0131nt\u0131ya neden oluyorsa cerrahi operasyonla di\u015fi al\u0131yoruz. \u0130yile\u015fme sonras\u0131 protez yeniden yap\u0131l\u0131yor ya da k\u00fc\u00e7\u00fck tamirlerle kullan\u0131lmaya devam edilebiliyor.&#8221;<br \/>\n<br \/>Operasyonun ard\u0131ndan sa\u011fl\u0131\u011f\u0131na kavu\u015fan Ayd\u0131n Besen, protezinin yenilenmesi i\u00e7in tedavisine devam ediyor.<br \/><\/p>\n","protected":false},"excerpt":{"rendered":"<p>Manisa\u2019da ya\u015fayan 83 ya\u015f\u0131ndaki Ayd\u0131n Besen, protez di\u015flerinin a\u011fr\u0131 yapmas\u0131 \u00fczerine gitti\u011fi di\u015f hekiminde, a\u011fr\u0131n\u0131n kayna\u011f\u0131n\u0131n 20\u2019lik di\u015f oldu\u011funu \u00f6\u011frenince \u015fa\u015f\u0131rd\u0131. Genellikle 18-30 ya\u015f aral\u0131\u011f\u0131nda \u00e7\u0131kan 20\u2019lik di\u015fin, 83 ya\u015f\u0131nda ortaya \u00e7\u0131kmas\u0131 dikkat \u00e7ekti. Manisa\u2019n\u0131n \u015eehzadeler il\u00e7esinde ya\u015fayan Besen, yakla\u015f\u0131k 6 y\u0131ld\u0131r total protez kulland\u0131\u011f\u0131n\u0131 belirterek, &#8220;20\u2019lik di\u015fim hi\u00e7 \u00e7\u0131kmam\u0131\u015ft\u0131. Doktor a\u011fr\u0131n\u0131n sebebinin 20\u2019lik di\u015f&#8230;<\/p>\n","protected":false},"author":1,"featured_media":73701,"comment_status":"open","ping_status":"open","sticky":false,"template":"","format":"standard","meta":{"_crdt_document":"","footnotes":""},"categories":[2],"tags":[],"class_list":["post-73700","post","type-post","status-publish","format-standard","has-post-thumbnail","hentry","category-saglik"],"_links":{"self":[{"href":"https:\/\/www.egemtv.com\/index.php?rest_route=\/wp\/v2\/posts\/73700","targetHints":{"allow":["GET"]}}],"collection":[{"href":"https:\/\/www.egemtv.com\/index.php?rest_route=\/wp\/v2\/posts"}],"about":[{"href":"https:\/\/www.egemtv.com\/index.php?rest_route=\/wp\/v2\/types\/post"}],"author":[{"embeddable":true,"href":"https:\/\/www.egemtv.com\/index.php?rest_route=\/wp\/v2\/users\/1"}],"replies":[{"embeddable":true,"href":"https:\/\/www.egemtv.com\/index.php?rest_route=%2Fwp%2Fv2%2Fcomments&post=73700"}],"version-history":[{"count":1,"href":"https:\/\/www.egemtv.com\/index.php?rest_route=\/wp\/v2\/posts\/73700\/revisions"}],"predecessor-version":[{"id":73702,"href":"https:\/\/www.egemtv.com\/index.php?rest_route=\/wp\/v2\/posts\/73700\/revisions\/73702"}],"wp:featuredmedia":[{"embeddable":true,"href":"https:\/\/www.egemtv.com\/index.php?rest_route=\/wp\/v2\/media\/73701"}],"wp:attachment":[{"href":"https:\/\/www.egemtv.com\/index.php?rest_route=%2Fwp%2Fv2%2Fmedia&parent=73700"}],"wp:term":[{"taxonomy":"category","embeddable":true,"href":"https:\/\/www.egemtv.com\/index.php?rest_route=%2Fwp%2Fv2%2Fcategories&post=73700"},{"taxonomy":"post_tag","embeddable":true,"href":"https:\/\/www.egemtv.com\/index.php?rest_route=%2Fwp%2Fv2%2Ftags&post=73700"}],"curies":[{"name":"wp","href":"https:\/\/api.w.org\/{rel}","templated":true}]}}