{"id":73697,"date":"2025-12-12T11:34:43","date_gmt":"2025-12-12T08:34:43","guid":{"rendered":"https:\/\/www.egemtv.com\/?p=73697"},"modified":"2025-12-12T11:34:44","modified_gmt":"2025-12-12T08:34:44","slug":"muski-karabortlen-icme-suyu-hatlarini-kamusal-alana-tasiyor","status":"publish","type":"post","link":"https:\/\/www.egemtv.com\/?p=73697","title":{"rendered":"MUSK\u0130, Karab\u00f6rtlen i\u00e7me suyu hatlar\u0131n\u0131 kamusal alana ta\u015f\u0131yor"},"content":{"rendered":"<p>MUSK\u0130 Genel M\u00fcd\u00fcrl\u00fc\u011f\u00fc, Ula il\u00e7esi Karab\u00f6rtlen Mahallesi\u2019nde i\u00e7me suyu hatlar\u0131n\u0131n vatanda\u015flar\u0131n parsellerinden ge\u00e7mesi nedeniyle ar\u0131zalara m\u00fcdahalenin g\u00fc\u00e7le\u015fmesi sorununu ortadan kald\u0131r\u0131yor. \u0130mara yeni a\u00e7\u0131lan b\u00f6lgeler ile mevcut ve yeni olu\u015fan parsellerdeki i\u00e7me suyu hatlar\u0131 d\u00fczenlenip kamusal alana ta\u015f\u0131n\u0131yor.<br \/>\n<br \/>B\u00fcy\u00fck\u015fehir Belediye Ba\u015fkan\u0131 Ahmet Aras\u2019\u0131n talimatlar\u0131 do\u011frultusunda, il genelinde i\u00e7me suyu sistemlerinin g\u00fc\u00e7lendirilmesi ve s\u00fcrd\u00fcr\u00fclebilirli\u011fine y\u00f6nelik yat\u0131r\u0131mlar\u0131na devam eden Mu\u011fla B\u00fcy\u00fck\u015fehir Belediyesi Su ve Kanalizasyon \u0130daresi (MUSK\u0130) ekipleri \u00e7al\u0131\u015fmalar\u0131n\u0131 Ula il\u00e7esinin Karab\u00f6rtlen Mahallesi\u2019nde s\u00fcrd\u00fcr\u00fcyor.<br \/>\n<br \/>Olu\u015fabilecek ar\u0131zalara an\u0131nda m\u00fcdahale<br \/>\n<br \/>MUSK\u0130 Genel M\u00fcd\u00fcrl\u00fc\u011f\u00fc ekipleri, Ula il\u00e7esi Karab\u00f6rtlen Mahallesi\u2019nde i\u00e7me suyu hatlar\u0131n\u0131 modernize ederek daha g\u00fcvenilir ve s\u00fcrd\u00fcr\u00fclebilir bir altyap\u0131 olu\u015fturmak i\u00e7in \u00e7al\u0131\u015fmalar\u0131n\u0131 aral\u0131ks\u0131z s\u00fcrd\u00fcr\u00fcyor. \u00c7al\u0131\u015fmalar kapsam\u0131nda, mahalledeki i\u00e7me suyu hatlar\u0131n\u0131n vatanda\u015flar\u0131n parsellerinden ge\u00e7mesi nedeniyle ar\u0131zalara m\u00fcdahalenin zorla\u015fmas\u0131n\u0131n \u00f6n\u00fcne ge\u00e7mek amac\u0131yla, imara yeni a\u00e7\u0131lan b\u00f6lgeler ile mevcut parsellerde m\u00fclkiyet i\u00e7inde kalan hatlar\u0131n kamusal alana ta\u015f\u0131nmas\u0131 i\u00e7in kapsaml\u0131 bir altyap\u0131 yenileme \u00e7al\u0131\u015fmas\u0131 y\u00fcr\u00fct\u00fcl\u00fcyor.<br \/>\n<br \/>Karab\u00f6rtlen Mahallesi\u2019nde vatanda\u015flar\u0131n parsel s\u0131n\u0131rlar\u0131 i\u00e7erisinden ge\u00e7en i\u00e7me suyu hatlar\u0131nda meydana gelen ar\u0131zalara m\u00fcdahalenin g\u00fc\u00e7le\u015fmesi ve bu nedenle su kesintilerinin uzamas\u0131 sorununu ortadan kald\u0131rmak \u00fczerine harekete ge\u00e7tiklerini s\u00f6yleyen MUSK\u0130 Akyaka \u0130\u00e7me Suyu Ekipler \u015eefi Haluk T\u00fcrkcan, &#8220;Ulu il\u00e7esi Karab\u00f6rtlen Mahallesi\u2019nde imara yeni a\u00e7\u0131lan parseller ve vatanda\u015f m\u00fclkiyetinde kalan parsellerdeki \u015febeke hatlar\u0131m\u0131z\u0131n kadastras\u0131n\u0131, depresyas\u0131 ve yeni hat \u00e7ekim i\u015fi yap\u0131yoruz. Bu kapsamda toplam 1000 metrelik PVC 10 at\u0131k \u015febeke hatl\u0131 imareti yapm\u0131\u015f olup 5 adet eski aboneyi kadastras\u0131n\u0131 al\u0131yoruz, 3 adet de yeni abone imalat\u0131m\u0131za ba\u015fl\u0131yoruz&#8221; dedi.<br \/><\/p>\n","protected":false},"excerpt":{"rendered":"<p>MUSK\u0130 Genel M\u00fcd\u00fcrl\u00fc\u011f\u00fc, Ula il\u00e7esi Karab\u00f6rtlen Mahallesi\u2019nde i\u00e7me suyu hatlar\u0131n\u0131n vatanda\u015flar\u0131n parsellerinden ge\u00e7mesi nedeniyle ar\u0131zalara m\u00fcdahalenin g\u00fc\u00e7le\u015fmesi sorununu ortadan kald\u0131r\u0131yor. \u0130mara yeni a\u00e7\u0131lan b\u00f6lgeler ile mevcut ve yeni olu\u015fan parsellerdeki i\u00e7me suyu hatlar\u0131 d\u00fczenlenip kamusal alana ta\u015f\u0131n\u0131yor. B\u00fcy\u00fck\u015fehir Belediye Ba\u015fkan\u0131 Ahmet Aras\u2019\u0131n talimatlar\u0131 do\u011frultusunda, il genelinde i\u00e7me suyu sistemlerinin g\u00fc\u00e7lendirilmesi ve s\u00fcrd\u00fcr\u00fclebilirli\u011fine y\u00f6nelik yat\u0131r\u0131mlar\u0131na devam&#8230;<\/p>\n","protected":false},"author":1,"featured_media":73698,"comment_status":"open","ping_status":"open","sticky":false,"template":"","format":"standard","meta":{"_crdt_document":"","footnotes":""},"categories":[2],"tags":[],"class_list":["post-73697","post","type-post","status-publish","format-standard","has-post-thumbnail","hentry","category-saglik"],"_links":{"self":[{"href":"https:\/\/www.egemtv.com\/index.php?rest_route=\/wp\/v2\/posts\/73697","targetHints":{"allow":["GET"]}}],"collection":[{"href":"https:\/\/www.egemtv.com\/index.php?rest_route=\/wp\/v2\/posts"}],"about":[{"href":"https:\/\/www.egemtv.com\/index.php?rest_route=\/wp\/v2\/types\/post"}],"author":[{"embeddable":true,"href":"https:\/\/www.egemtv.com\/index.php?rest_route=\/wp\/v2\/users\/1"}],"replies":[{"embeddable":true,"href":"https:\/\/www.egemtv.com\/index.php?rest_route=%2Fwp%2Fv2%2Fcomments&post=73697"}],"version-history":[{"count":1,"href":"https:\/\/www.egemtv.com\/index.php?rest_route=\/wp\/v2\/posts\/73697\/revisions"}],"predecessor-version":[{"id":73699,"href":"https:\/\/www.egemtv.com\/index.php?rest_route=\/wp\/v2\/posts\/73697\/revisions\/73699"}],"wp:featuredmedia":[{"embeddable":true,"href":"https:\/\/www.egemtv.com\/index.php?rest_route=\/wp\/v2\/media\/73698"}],"wp:attachment":[{"href":"https:\/\/www.egemtv.com\/index.php?rest_route=%2Fwp%2Fv2%2Fmedia&parent=73697"}],"wp:term":[{"taxonomy":"category","embeddable":true,"href":"https:\/\/www.egemtv.com\/index.php?rest_route=%2Fwp%2Fv2%2Fcategories&post=73697"},{"taxonomy":"post_tag","embeddable":true,"href":"https:\/\/www.egemtv.com\/index.php?rest_route=%2Fwp%2Fv2%2Ftags&post=73697"}],"curies":[{"name":"wp","href":"https:\/\/api.w.org\/{rel}","templated":true}]}}