{"id":73601,"date":"2025-12-11T20:54:40","date_gmt":"2025-12-11T17:54:40","guid":{"rendered":"https:\/\/www.egemtv.com\/?p=73601"},"modified":"2025-12-11T20:54:41","modified_gmt":"2025-12-11T17:54:41","slug":"kusadasinda-yerel-uretici-sergisinin-tezgahlari-kisa-ozgu-sebze-ve-meyvelerle-doldu","status":"publish","type":"post","link":"https:\/\/www.egemtv.com\/?p=73601","title":{"rendered":"Ku\u015fadas\u0131\u2019nda Yerel \u00dcretici Sergisi\u2019n\u0131n tezgahlar\u0131 k\u0131\u015fa \u00f6zg\u00fc sebze ve meyvelerle doldu"},"content":{"rendered":"<p>Ku\u015fadas\u0131 Belediyesi\u2019nin yerel \u00fcretici ile t\u00fcketiciyi arac\u0131s\u0131z bulu\u015fturmak amac\u0131yla ya\u015fama ge\u00e7irdi\u011fi Y\u00f6resel ve \u0130yi Tar\u0131m \u00dcr\u00fcnleri Soka\u011f\u0131, ilgi g\u00f6rmeye devam ediyor.<\/p>\n<p>Ku\u015fadas\u0131\u2019n\u0131n k\u0131rsal mahallelerinde ya\u015fayan \u00fcreticilerin iyi tar\u0131m uygulamalar\u0131yla elde ettikleri mevsimlik \u00fcr\u00fcnleri sat\u0131\u015fa sunduklar\u0131 \u00fcretici sergisinde, Aral\u0131k ay\u0131n\u0131n gelmesiyle birlikte tezgahlar k\u0131\u015fa \u00f6zg\u00fc sebze ve meyvelerle doldu.<\/p>\n<p>Ku\u015fadas\u0131\u2019nda her Per\u015fembe g\u00fcn\u00fc Cumhuriyet Mahallesi Bur\u00e7 Sokak\u2019ta kurulan yerel \u00fcretici pazar\u0131 uygun fiyata do\u011fal ve sa\u011fl\u0131kl\u0131 beslenmek isteyen Ku\u015fadal\u0131lar\u0131n adresi olmay\u0131 s\u00fcrd\u00fcr\u00fcyor. Caferli, Kirazl\u0131, De\u011firmendere, Yaylak\u00f6y, Davutlar, \u00c7\u0131nar ve So\u011fucak mahallelerinde ya\u015fayan yerel \u00fcreticilerin iyi tar\u0131m uygulamalar\u0131 ile \u00fcrettikleri mevsimlik \u00fcr\u00fcnlerini sat\u0131\u015fa sundu\u011fu Y\u00f6resel ve \u0130yi Tar\u0131m \u00dcr\u00fcnleri Soka\u011f\u0131\u2019nda, kad\u0131nlar taraf\u0131ndan yap\u0131lan g\u00f6zleme, i\u00e7li k\u00f6fte, a\u015fure, ke\u015fkek benzeri lezzetler de sat\u0131\u015fa sunuluyor.<\/p>\n<p>Aral\u0131k ay\u0131n\u0131n gelmesiyle birlikte Y\u00f6resel ve \u0130yi Tar\u0131m \u00dcr\u00fcnleri Soka\u011f\u0131\u2019nda tezgahlar kereviz, p\u0131rasa, brokoli, arapsa\u00e7\u0131, enginar, \u015fevketi bostan, pancar, lahana ve karnabahar ile portakal, mandalina, nar ve greyfurt gibi k\u0131\u015f sebze ve meyveleriyle dolmaya ba\u015flad\u0131. Pazarda tezgah a\u00e7an \u00fcreticiler, bu y\u0131l hasad\u0131n olduk\u00e7a bereketli ge\u00e7ti\u011fini ve bu nedenle fiyatlar\u0131n \u00e7ok daha uygun oldu\u011funu belirtti. Ayr\u0131ca emek verip \u00f6zenle yeti\u015ftirdikleri \u00fcr\u00fcnleri, arac\u0131 kurumlara vermek yerine, Ku\u015fadas\u0131\u2019nda do\u011frudan t\u00fcketici ile bulu\u015fturabildikleri bir sat\u0131\u015f alan\u0131 imkan\u0131 sundu\u011fu i\u00e7in Ku\u015fadas\u0131 Belediye Ba\u015fkan\u0131 \u00d6mer G\u00fcnel\u2019e te\u015fekk\u00fcr etti.<br \/><\/p>\n","protected":false},"excerpt":{"rendered":"<p>Ku\u015fadas\u0131 Belediyesi\u2019nin yerel \u00fcretici ile t\u00fcketiciyi arac\u0131s\u0131z bulu\u015fturmak amac\u0131yla ya\u015fama ge\u00e7irdi\u011fi Y\u00f6resel ve \u0130yi Tar\u0131m \u00dcr\u00fcnleri Soka\u011f\u0131, ilgi g\u00f6rmeye devam ediyor. Ku\u015fadas\u0131\u2019n\u0131n k\u0131rsal mahallelerinde ya\u015fayan \u00fcreticilerin iyi tar\u0131m uygulamalar\u0131yla elde ettikleri mevsimlik \u00fcr\u00fcnleri sat\u0131\u015fa sunduklar\u0131 \u00fcretici sergisinde, Aral\u0131k ay\u0131n\u0131n gelmesiyle birlikte tezgahlar k\u0131\u015fa \u00f6zg\u00fc sebze ve meyvelerle doldu. Ku\u015fadas\u0131\u2019nda her Per\u015fembe g\u00fcn\u00fc Cumhuriyet Mahallesi Bur\u00e7&#8230;<\/p>\n","protected":false},"author":1,"featured_media":73602,"comment_status":"open","ping_status":"open","sticky":false,"template":"","format":"standard","meta":{"_crdt_document":"","footnotes":""},"categories":[125],"tags":[],"class_list":["post-73601","post","type-post","status-publish","format-standard","has-post-thumbnail","hentry","category-ekonomi"],"_links":{"self":[{"href":"https:\/\/www.egemtv.com\/index.php?rest_route=\/wp\/v2\/posts\/73601","targetHints":{"allow":["GET"]}}],"collection":[{"href":"https:\/\/www.egemtv.com\/index.php?rest_route=\/wp\/v2\/posts"}],"about":[{"href":"https:\/\/www.egemtv.com\/index.php?rest_route=\/wp\/v2\/types\/post"}],"author":[{"embeddable":true,"href":"https:\/\/www.egemtv.com\/index.php?rest_route=\/wp\/v2\/users\/1"}],"replies":[{"embeddable":true,"href":"https:\/\/www.egemtv.com\/index.php?rest_route=%2Fwp%2Fv2%2Fcomments&post=73601"}],"version-history":[{"count":1,"href":"https:\/\/www.egemtv.com\/index.php?rest_route=\/wp\/v2\/posts\/73601\/revisions"}],"predecessor-version":[{"id":73603,"href":"https:\/\/www.egemtv.com\/index.php?rest_route=\/wp\/v2\/posts\/73601\/revisions\/73603"}],"wp:featuredmedia":[{"embeddable":true,"href":"https:\/\/www.egemtv.com\/index.php?rest_route=\/wp\/v2\/media\/73602"}],"wp:attachment":[{"href":"https:\/\/www.egemtv.com\/index.php?rest_route=%2Fwp%2Fv2%2Fmedia&parent=73601"}],"wp:term":[{"taxonomy":"category","embeddable":true,"href":"https:\/\/www.egemtv.com\/index.php?rest_route=%2Fwp%2Fv2%2Fcategories&post=73601"},{"taxonomy":"post_tag","embeddable":true,"href":"https:\/\/www.egemtv.com\/index.php?rest_route=%2Fwp%2Fv2%2Ftags&post=73601"}],"curies":[{"name":"wp","href":"https:\/\/api.w.org\/{rel}","templated":true}]}}