{"id":73595,"date":"2025-12-11T20:54:39","date_gmt":"2025-12-11T17:54:39","guid":{"rendered":"https:\/\/www.egemtv.com\/?p=73595"},"modified":"2025-12-11T20:54:40","modified_gmt":"2025-12-11T17:54:40","slug":"sokede-silahli-paylasim-yapan-sahislara-operasyon-4-gozalti","status":"publish","type":"post","link":"https:\/\/www.egemtv.com\/?p=73595","title":{"rendered":"S\u00f6ke\u2019de silahl\u0131 payla\u015f\u0131m yapan \u015fah\u0131slara operasyon: 4 g\u00f6zalt\u0131"},"content":{"rendered":"<p>Ayd\u0131n\u2019\u0131n S\u00f6ke il\u00e7esinde sosyal medya \u00fczerinden silahl\u0131 payla\u015f\u0131m yapan \u015fah\u0131slara y\u00f6nelik d\u00fczenlenen operasyonlarda 4 \u015f\u00fcpheli \u015fah\u0131s g\u00f6zalt\u0131na al\u0131nd\u0131.<\/p>\n<p>Ayd\u0131n \u0130l Jandarma Komutanl\u0131\u011f\u0131\u2019na ba\u011fl\u0131 S\u00f6ke JASAT ekipleri, sosyal medya \u00fczerinden silahl\u0131 payla\u015f\u0131mlar yaparak halk aras\u0131nda korku ve panik olu\u015fturmaya \u00e7al\u0131\u015fan \u015f\u00fcphelilere y\u00f6nelik \u00e7al\u0131\u015fma ba\u015flatt\u0131. \u00c7al\u0131\u015fmalara Ayd\u0131n \u0130l Jandarma Komutanl\u0131\u011f\u0131\u2019na ba\u011fl\u0131 Komando unsurlar\u0131 da destek verdi.<br \/>\n<br \/>S\u00f6ke\u2019nin \u00c7eltik\u00e7i ve Sazl\u0131 Mahallelerindeki adreslerde yap\u0131lan aramalarda, 4 adet tabanca (biri Ku\u015fadas\u0131\u2019ndaki evden h\u0131rs\u0131zl\u0131k olay\u0131nda kullan\u0131lm\u0131\u015f), 5 \u015farj\u00f6r ve 50 tabanca mermisi, 1 av t\u00fcfe\u011fi ve 41 fi\u015fe\u011fi, 10 kurus\u0131k\u0131 mermisi ele ge\u00e7irildi. Operasyonlarda \u00d6.A. (22), Y.A. (32), A.B. (28) ve A.G. (26) isimli \u015f\u00fcpheliler g\u00f6zalt\u0131na al\u0131narak adli makamlara sevk edildi.<br \/><\/p>\n","protected":false},"excerpt":{"rendered":"<p>Ayd\u0131n\u2019\u0131n S\u00f6ke il\u00e7esinde sosyal medya \u00fczerinden silahl\u0131 payla\u015f\u0131m yapan \u015fah\u0131slara y\u00f6nelik d\u00fczenlenen operasyonlarda 4 \u015f\u00fcpheli \u015fah\u0131s g\u00f6zalt\u0131na al\u0131nd\u0131. Ayd\u0131n \u0130l Jandarma Komutanl\u0131\u011f\u0131\u2019na ba\u011fl\u0131 S\u00f6ke JASAT ekipleri, sosyal medya \u00fczerinden silahl\u0131 payla\u015f\u0131mlar yaparak halk aras\u0131nda korku ve panik olu\u015fturmaya \u00e7al\u0131\u015fan \u015f\u00fcphelilere y\u00f6nelik \u00e7al\u0131\u015fma ba\u015flatt\u0131. \u00c7al\u0131\u015fmalara Ayd\u0131n \u0130l Jandarma Komutanl\u0131\u011f\u0131\u2019na ba\u011fl\u0131 Komando unsurlar\u0131 da destek verdi. S\u00f6ke\u2019nin&#8230;<\/p>\n","protected":false},"author":1,"featured_media":73596,"comment_status":"open","ping_status":"open","sticky":false,"template":"","format":"standard","meta":{"_crdt_document":"","footnotes":""},"categories":[5],"tags":[],"class_list":["post-73595","post","type-post","status-publish","format-standard","has-post-thumbnail","hentry","category-asayis"],"_links":{"self":[{"href":"https:\/\/www.egemtv.com\/index.php?rest_route=\/wp\/v2\/posts\/73595","targetHints":{"allow":["GET"]}}],"collection":[{"href":"https:\/\/www.egemtv.com\/index.php?rest_route=\/wp\/v2\/posts"}],"about":[{"href":"https:\/\/www.egemtv.com\/index.php?rest_route=\/wp\/v2\/types\/post"}],"author":[{"embeddable":true,"href":"https:\/\/www.egemtv.com\/index.php?rest_route=\/wp\/v2\/users\/1"}],"replies":[{"embeddable":true,"href":"https:\/\/www.egemtv.com\/index.php?rest_route=%2Fwp%2Fv2%2Fcomments&post=73595"}],"version-history":[{"count":1,"href":"https:\/\/www.egemtv.com\/index.php?rest_route=\/wp\/v2\/posts\/73595\/revisions"}],"predecessor-version":[{"id":73597,"href":"https:\/\/www.egemtv.com\/index.php?rest_route=\/wp\/v2\/posts\/73595\/revisions\/73597"}],"wp:featuredmedia":[{"embeddable":true,"href":"https:\/\/www.egemtv.com\/index.php?rest_route=\/wp\/v2\/media\/73596"}],"wp:attachment":[{"href":"https:\/\/www.egemtv.com\/index.php?rest_route=%2Fwp%2Fv2%2Fmedia&parent=73595"}],"wp:term":[{"taxonomy":"category","embeddable":true,"href":"https:\/\/www.egemtv.com\/index.php?rest_route=%2Fwp%2Fv2%2Fcategories&post=73595"},{"taxonomy":"post_tag","embeddable":true,"href":"https:\/\/www.egemtv.com\/index.php?rest_route=%2Fwp%2Fv2%2Ftags&post=73595"}],"curies":[{"name":"wp","href":"https:\/\/api.w.org\/{rel}","templated":true}]}}