{"id":73592,"date":"2025-12-11T18:55:44","date_gmt":"2025-12-11T15:55:44","guid":{"rendered":"https:\/\/www.egemtv.com\/?p=73592"},"modified":"2025-12-11T18:55:45","modified_gmt":"2025-12-11T15:55:45","slug":"geleneksel-yontemlerle-yaptigi-gozlemelerle-gecmisin-izlerini-yasatiyor","status":"publish","type":"post","link":"https:\/\/www.egemtv.com\/?p=73592","title":{"rendered":"Geleneksel y\u00f6ntemlerle yapt\u0131\u011f\u0131 g\u00f6zlemelerle ge\u00e7mi\u015fin izlerini ya\u015fat\u0131yor"},"content":{"rendered":"<p>K\u00fctahya\u2019da a\u00e7t\u0131\u011f\u0131 i\u015fletmede geleneksel y\u00f6ntemlerle g\u00f6zleme yapan Asya Nil \u015eavk, ger\u00e7ek g\u00f6zleme k\u00fclt\u00fcr\u00fcn\u00fcn unutulmaya y\u00fcz tuttu\u011funu belirterek, yapt\u0131\u011f\u0131 \u00fcr\u00fcnlerde ge\u00e7mi\u015fin izlerini ya\u015fatmak istedi\u011fini s\u00f6yledi.<br \/>\n<br \/>K\u00fctahya\u2019da a\u00e7t\u0131\u011f\u0131 i\u015fletmede geleneksel y\u00f6ntemlerle g\u00f6zleme yapan Asya Nil \u015eavk, g\u00f6zlemenin Anadolu\u2019da yokluk zamanlar\u0131n\u0131n yeme\u011fi oldu\u011funu anlatt\u0131. \u015eavk, &#8220;Eskiden insanlar ellerindeki un ve ya\u011fla kar\u0131nlar\u0131n\u0131 doyururdu. Ben de i\u015fletmemde o d\u00f6nemde nas\u0131l yap\u0131l\u0131yorsa ayn\u0131 \u015fekilde \u00fcretmeye \u00e7al\u0131\u015f\u0131yorum&#8221; dedi.<br \/>\n<br \/>\u00dcniversite y\u0131llar\u0131nda \u00c7anakkale\u2019de a\u015f\u00e7\u0131l\u0131k yapt\u0131\u011f\u0131n\u0131 dile getiren \u015eavk, o d\u00f6nem mutfakta sat\u0131lan g\u00f6zlemelerin geleneksel tariften uzak oldu\u011funu fark etti\u011fini s\u00f6yleyerek, &#8220;Hamuru a\u00e7\u0131p i\u00e7ine m\u0131s\u0131r, peynir koyup g\u00f6nderiyorlard\u0131. Bu de\u011fil arkada\u015flar. G\u00f6zleme deyince akl\u0131ma ha\u015fha\u015fl\u0131 olan geliyor. D\u0131\u015far\u0131da hi\u00e7 g\u00f6rmemi\u015ftim. Mesela g\u00f6zlemenin i\u00e7ine m\u0131s\u0131r girmez&#8221; diyerek do\u011fru bildi\u011fi tarifi \u00e7evresine \u00f6\u011fretmeye \u00e7al\u0131\u015ft\u0131\u011f\u0131n\u0131 aktard\u0131.<br \/>\n<br \/>Memleketine d\u00f6nd\u00fckten sonra kendi d\u00fckkan\u0131n\u0131 a\u00e7an \u015eavk, ha\u015fha\u015fl\u0131, yaren, \u0131spanakl\u0131, peynirli ve patatesli g\u00f6zlemeler yapt\u0131\u011f\u0131n\u0131 belirterek, \u00fcr\u00fcn \u00e7e\u015fidini gelenekten kopmamak i\u00e7in s\u0131n\u0131rl\u0131 tuttu\u011funu vurgulad\u0131. \u015eavk, &#8220;Temelinde ninelerimizin taze s\u00fctle yapt\u0131\u011f\u0131 peynirlerle haz\u0131rlanan \u00fcr\u00fcnler yatar. Bence bu yeterli&#8221; \u015feklinde konu\u015ftu.<br \/>\n<br \/>\u00dcr\u00fcn fiyatlar\u0131n\u0131n alt\u0131na koyulan para g\u00f6rsellerinin dikkat \u00e7ekti\u011fini belirten \u015eavk, bunun tamamen babas\u0131n\u0131n fikri oldu\u011funu s\u00f6yledi. \u015eavk, &#8220;Ba\u015fta nas\u0131l olacak diye anlamad\u0131m. Babam Mehmet Ye\u015fil \u00e7izip g\u00f6sterince \u00e7ok g\u00fczel oldu\u011funu d\u00fc\u015f\u00fcnd\u00fcm. Hem dikkat \u00e7ekiyor hem de farkl\u0131l\u0131k olu\u015fturuyor. Babama bu konuda \u00e7ok g\u00fcveniyorum&#8221; diye konu\u015ftu.<br \/><\/p>\n","protected":false},"excerpt":{"rendered":"<p>K\u00fctahya\u2019da a\u00e7t\u0131\u011f\u0131 i\u015fletmede geleneksel y\u00f6ntemlerle g\u00f6zleme yapan Asya Nil \u015eavk, ger\u00e7ek g\u00f6zleme k\u00fclt\u00fcr\u00fcn\u00fcn unutulmaya y\u00fcz tuttu\u011funu belirterek, yapt\u0131\u011f\u0131 \u00fcr\u00fcnlerde ge\u00e7mi\u015fin izlerini ya\u015fatmak istedi\u011fini s\u00f6yledi. K\u00fctahya\u2019da a\u00e7t\u0131\u011f\u0131 i\u015fletmede geleneksel y\u00f6ntemlerle g\u00f6zleme yapan Asya Nil \u015eavk, g\u00f6zlemenin Anadolu\u2019da yokluk zamanlar\u0131n\u0131n yeme\u011fi oldu\u011funu anlatt\u0131. \u015eavk, &#8220;Eskiden insanlar ellerindeki un ve ya\u011fla kar\u0131nlar\u0131n\u0131 doyururdu. Ben de i\u015fletmemde o d\u00f6nemde&#8230;<\/p>\n","protected":false},"author":1,"featured_media":73593,"comment_status":"open","ping_status":"open","sticky":false,"template":"","format":"standard","meta":{"_crdt_document":"","footnotes":""},"categories":[123],"tags":[],"class_list":["post-73592","post","type-post","status-publish","format-standard","has-post-thumbnail","hentry","category-gundem"],"_links":{"self":[{"href":"https:\/\/www.egemtv.com\/index.php?rest_route=\/wp\/v2\/posts\/73592","targetHints":{"allow":["GET"]}}],"collection":[{"href":"https:\/\/www.egemtv.com\/index.php?rest_route=\/wp\/v2\/posts"}],"about":[{"href":"https:\/\/www.egemtv.com\/index.php?rest_route=\/wp\/v2\/types\/post"}],"author":[{"embeddable":true,"href":"https:\/\/www.egemtv.com\/index.php?rest_route=\/wp\/v2\/users\/1"}],"replies":[{"embeddable":true,"href":"https:\/\/www.egemtv.com\/index.php?rest_route=%2Fwp%2Fv2%2Fcomments&post=73592"}],"version-history":[{"count":1,"href":"https:\/\/www.egemtv.com\/index.php?rest_route=\/wp\/v2\/posts\/73592\/revisions"}],"predecessor-version":[{"id":73594,"href":"https:\/\/www.egemtv.com\/index.php?rest_route=\/wp\/v2\/posts\/73592\/revisions\/73594"}],"wp:featuredmedia":[{"embeddable":true,"href":"https:\/\/www.egemtv.com\/index.php?rest_route=\/wp\/v2\/media\/73593"}],"wp:attachment":[{"href":"https:\/\/www.egemtv.com\/index.php?rest_route=%2Fwp%2Fv2%2Fmedia&parent=73592"}],"wp:term":[{"taxonomy":"category","embeddable":true,"href":"https:\/\/www.egemtv.com\/index.php?rest_route=%2Fwp%2Fv2%2Fcategories&post=73592"},{"taxonomy":"post_tag","embeddable":true,"href":"https:\/\/www.egemtv.com\/index.php?rest_route=%2Fwp%2Fv2%2Ftags&post=73592"}],"curies":[{"name":"wp","href":"https:\/\/api.w.org\/{rel}","templated":true}]}}