{"id":73589,"date":"2025-12-11T18:34:35","date_gmt":"2025-12-11T15:34:35","guid":{"rendered":"https:\/\/www.egemtv.com\/?p=73589"},"modified":"2025-12-11T18:34:35","modified_gmt":"2025-12-11T15:34:35","slug":"burdurda-minibusle-uc-tekerlekli-motosiklet-carpisti-2-yarali","status":"publish","type":"post","link":"https:\/\/www.egemtv.com\/?p=73589","title":{"rendered":"Burdur\u2019da minib\u00fcsle \u00fc\u00e7 tekerlekli motosiklet \u00e7arp\u0131\u015ft\u0131: 2 yaral\u0131"},"content":{"rendered":"<p>Burdur\u2019da kav\u015fakta minib\u00fcs ile \u00fc\u00e7 tekerlekli motosikletin \u00e7arp\u0131\u015fmas\u0131 sonucu 2 ki\u015fi yaraland\u0131.<br \/>\n<br \/>Kaza, saat 16.00 s\u0131ralar\u0131nda Ba\u011flar Mahallesi Ofis Caddesi \u00fczerine meydana geldi. Edinilen bilgiye g\u00f6re, s\u00fcr\u00fcc\u00fcs\u00fc \u00f6\u011frenilemeyen 15 KE 423 plakal\u0131 minib\u00fcs ile N.\u015e. idaresindeki 15 ACY 808 plakal\u0131 \u00fc\u00e7 tekerlekli motosiklet \u00e7arp\u0131\u015ft\u0131. Kazada motosiklet yan devrilirken motosiklet s\u00fcr\u00fcc\u00fcs\u00fc N.\u015e. ve motosiklette yolcu olan M.\u015e. yaraland\u0131. Kazay\u0131 g\u00f6ren di\u011fer s\u00fcr\u00fcc\u00fclerin ihbar\u0131 \u00fczerine adrese itfaiye, sa\u011fl\u0131k ve polis ekipleri sevk edildi. Yaral\u0131lar sa\u011fl\u0131k ekipleri taraf\u0131ndan olay yerinde yap\u0131lan ilk m\u00fcdahalenin ard\u0131ndan ambulanslarla Burdur Devlet Hastanesine kald\u0131r\u0131ld\u0131.<br \/>\n<br \/>Kazayla ilgili tahkikat ba\u015flat\u0131ld\u0131.<br \/><\/p>\n","protected":false},"excerpt":{"rendered":"<p>Burdur\u2019da kav\u015fakta minib\u00fcs ile \u00fc\u00e7 tekerlekli motosikletin \u00e7arp\u0131\u015fmas\u0131 sonucu 2 ki\u015fi yaraland\u0131. Kaza, saat 16.00 s\u0131ralar\u0131nda Ba\u011flar Mahallesi Ofis Caddesi \u00fczerine meydana geldi. Edinilen bilgiye g\u00f6re, s\u00fcr\u00fcc\u00fcs\u00fc \u00f6\u011frenilemeyen 15 KE 423 plakal\u0131 minib\u00fcs ile N.\u015e. idaresindeki 15 ACY 808 plakal\u0131 \u00fc\u00e7 tekerlekli motosiklet \u00e7arp\u0131\u015ft\u0131. Kazada motosiklet yan devrilirken motosiklet s\u00fcr\u00fcc\u00fcs\u00fc N.\u015e. ve motosiklette yolcu olan&#8230;<\/p>\n","protected":false},"author":1,"featured_media":73590,"comment_status":"open","ping_status":"open","sticky":false,"template":"","format":"standard","meta":{"_crdt_document":"","footnotes":""},"categories":[5],"tags":[],"class_list":["post-73589","post","type-post","status-publish","format-standard","has-post-thumbnail","hentry","category-asayis"],"_links":{"self":[{"href":"https:\/\/www.egemtv.com\/index.php?rest_route=\/wp\/v2\/posts\/73589","targetHints":{"allow":["GET"]}}],"collection":[{"href":"https:\/\/www.egemtv.com\/index.php?rest_route=\/wp\/v2\/posts"}],"about":[{"href":"https:\/\/www.egemtv.com\/index.php?rest_route=\/wp\/v2\/types\/post"}],"author":[{"embeddable":true,"href":"https:\/\/www.egemtv.com\/index.php?rest_route=\/wp\/v2\/users\/1"}],"replies":[{"embeddable":true,"href":"https:\/\/www.egemtv.com\/index.php?rest_route=%2Fwp%2Fv2%2Fcomments&post=73589"}],"version-history":[{"count":1,"href":"https:\/\/www.egemtv.com\/index.php?rest_route=\/wp\/v2\/posts\/73589\/revisions"}],"predecessor-version":[{"id":73591,"href":"https:\/\/www.egemtv.com\/index.php?rest_route=\/wp\/v2\/posts\/73589\/revisions\/73591"}],"wp:featuredmedia":[{"embeddable":true,"href":"https:\/\/www.egemtv.com\/index.php?rest_route=\/wp\/v2\/media\/73590"}],"wp:attachment":[{"href":"https:\/\/www.egemtv.com\/index.php?rest_route=%2Fwp%2Fv2%2Fmedia&parent=73589"}],"wp:term":[{"taxonomy":"category","embeddable":true,"href":"https:\/\/www.egemtv.com\/index.php?rest_route=%2Fwp%2Fv2%2Fcategories&post=73589"},{"taxonomy":"post_tag","embeddable":true,"href":"https:\/\/www.egemtv.com\/index.php?rest_route=%2Fwp%2Fv2%2Ftags&post=73589"}],"curies":[{"name":"wp","href":"https:\/\/api.w.org\/{rel}","templated":true}]}}