{"id":73586,"date":"2025-12-11T18:34:34","date_gmt":"2025-12-11T15:34:34","guid":{"rendered":"https:\/\/www.egemtv.com\/?p=73586"},"modified":"2025-12-11T18:34:35","modified_gmt":"2025-12-11T15:34:35","slug":"erbastan-kutahyaspor-eskisehirspor-maci-oncesi-sampiyonluk-mesaji","status":"publish","type":"post","link":"https:\/\/www.egemtv.com\/?p=73586","title":{"rendered":"Erba\u015f\u2019tan K\u00fctahyaspor-Eski\u015fehirspor ma\u00e7\u0131 \u00f6ncesi \u015fampiyonluk mesaj\u0131"},"content":{"rendered":"<p>TFF 3. Lig 4. Grup\u2019ta Cumartesi g\u00fcn\u00fc lider K\u00fctahyaspor, kendi sahas\u0131nda ligin 3. s\u0131ras\u0131nda yer alan Eski\u015fehirspor\u2019u konuk etmeye haz\u0131rlan\u0131yor. Kritik kar\u015f\u0131la\u015fma \u00f6ncesinde MHP K\u00fctahya Milletvekili Ahmet Erba\u015f \u00f6nemli a\u00e7\u0131klamalarda bulundu.<br \/>\n<br \/>K\u00fctahyaspor\u2019un son haftalardaki \u00fcst\u00fcn performans\u0131na dikkat \u00e7eken Milletvekili Erba\u015f, tak\u0131m\u0131n sahada ortaya koydu\u011fu m\u00fccadeleyle yine galibiyete uzanaca\u011f\u0131na inand\u0131\u011f\u0131n\u0131 belirtti. Erba\u015f, yapt\u0131\u011f\u0131 a\u00e7\u0131klamada \u015fu ifadeleri kulland\u0131: &#8220;Bu yolun sonu \u015fampiyonluk olacak. Her zaman oldu\u011fu gibi maddi ve manevi olarak \u015fehrimizin tak\u0131m\u0131 K\u00fctahyaspor\u2019un yan\u0131nday\u0131z. Son 8 haftada gol yemeden 8 galibiyet alarak bizleri gururland\u0131ran tak\u0131m\u0131m\u0131z\u0131n bu hafta da sahada kazanarak yoluna devam edecektir. Bu yolun sonu \u015fampiyonluk olacakt\u0131r.&#8221;<br \/>\n<br \/>Milletvekili Erba\u015f, K\u00fctahyaspor\u2019un g\u00f6sterdi\u011fi istikrarl\u0131 \u00e7\u0131k\u0131\u015f\u0131n hem \u015fehirde hem de taraftarlar aras\u0131nda b\u00fcy\u00fck bir heyecan olu\u015fturdu\u011funu ifade ederek, tak\u0131ma ba\u015far\u0131lar diledi.<br \/><\/p>\n","protected":false},"excerpt":{"rendered":"<p>TFF 3. Lig 4. Grup\u2019ta Cumartesi g\u00fcn\u00fc lider K\u00fctahyaspor, kendi sahas\u0131nda ligin 3. s\u0131ras\u0131nda yer alan Eski\u015fehirspor\u2019u konuk etmeye haz\u0131rlan\u0131yor. Kritik kar\u015f\u0131la\u015fma \u00f6ncesinde MHP K\u00fctahya Milletvekili Ahmet Erba\u015f \u00f6nemli a\u00e7\u0131klamalarda bulundu. K\u00fctahyaspor\u2019un son haftalardaki \u00fcst\u00fcn performans\u0131na dikkat \u00e7eken Milletvekili Erba\u015f, tak\u0131m\u0131n sahada ortaya koydu\u011fu m\u00fccadeleyle yine galibiyete uzanaca\u011f\u0131na inand\u0131\u011f\u0131n\u0131 belirtti. Erba\u015f, yapt\u0131\u011f\u0131 a\u00e7\u0131klamada \u015fu ifadeleri&#8230;<\/p>\n","protected":false},"author":1,"featured_media":73587,"comment_status":"open","ping_status":"open","sticky":false,"template":"","format":"standard","meta":{"_crdt_document":"","footnotes":""},"categories":[4],"tags":[],"class_list":["post-73586","post","type-post","status-publish","format-standard","has-post-thumbnail","hentry","category-spor"],"_links":{"self":[{"href":"https:\/\/www.egemtv.com\/index.php?rest_route=\/wp\/v2\/posts\/73586","targetHints":{"allow":["GET"]}}],"collection":[{"href":"https:\/\/www.egemtv.com\/index.php?rest_route=\/wp\/v2\/posts"}],"about":[{"href":"https:\/\/www.egemtv.com\/index.php?rest_route=\/wp\/v2\/types\/post"}],"author":[{"embeddable":true,"href":"https:\/\/www.egemtv.com\/index.php?rest_route=\/wp\/v2\/users\/1"}],"replies":[{"embeddable":true,"href":"https:\/\/www.egemtv.com\/index.php?rest_route=%2Fwp%2Fv2%2Fcomments&post=73586"}],"version-history":[{"count":1,"href":"https:\/\/www.egemtv.com\/index.php?rest_route=\/wp\/v2\/posts\/73586\/revisions"}],"predecessor-version":[{"id":73588,"href":"https:\/\/www.egemtv.com\/index.php?rest_route=\/wp\/v2\/posts\/73586\/revisions\/73588"}],"wp:featuredmedia":[{"embeddable":true,"href":"https:\/\/www.egemtv.com\/index.php?rest_route=\/wp\/v2\/media\/73587"}],"wp:attachment":[{"href":"https:\/\/www.egemtv.com\/index.php?rest_route=%2Fwp%2Fv2%2Fmedia&parent=73586"}],"wp:term":[{"taxonomy":"category","embeddable":true,"href":"https:\/\/www.egemtv.com\/index.php?rest_route=%2Fwp%2Fv2%2Fcategories&post=73586"},{"taxonomy":"post_tag","embeddable":true,"href":"https:\/\/www.egemtv.com\/index.php?rest_route=%2Fwp%2Fv2%2Ftags&post=73586"}],"curies":[{"name":"wp","href":"https:\/\/api.w.org\/{rel}","templated":true}]}}