{"id":73583,"date":"2025-12-11T18:34:33","date_gmt":"2025-12-11T15:34:33","guid":{"rendered":"https:\/\/www.egemtv.com\/?p=73583"},"modified":"2025-12-11T18:34:34","modified_gmt":"2025-12-11T15:34:34","slug":"ismail-caglar-bayirci-kutahyasporun-basarisi-golgelemez","status":"publish","type":"post","link":"https:\/\/www.egemtv.com\/?p=73583","title":{"rendered":"\u0130smail \u00c7a\u011flar Bay\u0131rc\u0131: &#8220;K\u00fctahyaspor\u2019un ba\u015far\u0131s\u0131 g\u00f6lgelemez&#8221;"},"content":{"rendered":"<p>AK Parti K\u00fctahya Milletvekili \u0130smail \u00c7a\u011flar Bay\u0131rc\u0131, &#8220;Futbolda Bahis Soru\u015fturmas\u0131&#8221; kapsam\u0131nda K\u00fctahyasporlu 13 futbolcunun m\u00fcsabakalardan men edilmesine ra\u011fmen tak\u0131m\u0131n kararl\u0131 m\u00fccadelesini s\u00fcrd\u00fcrd\u00fc\u011f\u00fcn\u00fc belirterek, olu\u015fturulan alg\u0131lara tepki g\u00f6sterdi.<br \/>\n<br \/>Bay\u0131rc\u0131, a\u00e7\u0131klamas\u0131nda, soru\u015fturma kapsam\u0131nda 6\u2019s\u0131 ilk 11 oyuncusu olmak \u00fczere toplam 13 futbolcunun kadro d\u0131\u015f\u0131 kalmas\u0131na ra\u011fmen tak\u0131m\u0131n sahaya azimle \u00e7\u0131kt\u0131\u011f\u0131n\u0131 vurgulad\u0131. &#8220;Son d\u00f6nemlerde K\u00fctahyaspor korunup kollan\u0131yor alg\u0131s\u0131 yapanlara bu durumu hat\u0131rlatmak isterim&#8221; diyen Bay\u0131rc\u0131, tak\u0131m\u0131n hi\u00e7bir bahaneye s\u0131\u011f\u0131nmadan yoluna devam etti\u011fini ifade etti.<br \/>\n<br \/>K\u00fctahyaspor\u2019un sahada m\u00fccadele ederek ilerledi\u011fini s\u00f6yleyen Bay\u0131rc\u0131, t\u00fcm taraftarlara da \u00e7a\u011fr\u0131da bulundu:<br \/>\n<br \/>&#8220;Bu s\u00fcre\u00e7te t\u00fcm taraftarlar\u0131m\u0131z\u0131 kalan ma\u00e7larda stad\u0131 doldurarak tak\u0131m\u0131m\u0131za destek olmaya davet ediyorum.&#8221;<br \/>\n<br \/>Milletvekili Bay\u0131rc\u0131, a\u00e7\u0131klamas\u0131n\u0131 &#8220;K\u00fctahyaspor\u2019umuzu 2. Lig\u2019e \u00e7\u0131karaca\u011f\u0131z&#8221; s\u00f6zleriyle tamamlad\u0131.<br \/><\/p>\n","protected":false},"excerpt":{"rendered":"<p>AK Parti K\u00fctahya Milletvekili \u0130smail \u00c7a\u011flar Bay\u0131rc\u0131, &#8220;Futbolda Bahis Soru\u015fturmas\u0131&#8221; kapsam\u0131nda K\u00fctahyasporlu 13 futbolcunun m\u00fcsabakalardan men edilmesine ra\u011fmen tak\u0131m\u0131n kararl\u0131 m\u00fccadelesini s\u00fcrd\u00fcrd\u00fc\u011f\u00fcn\u00fc belirterek, olu\u015fturulan alg\u0131lara tepki g\u00f6sterdi. Bay\u0131rc\u0131, a\u00e7\u0131klamas\u0131nda, soru\u015fturma kapsam\u0131nda 6\u2019s\u0131 ilk 11 oyuncusu olmak \u00fczere toplam 13 futbolcunun kadro d\u0131\u015f\u0131 kalmas\u0131na ra\u011fmen tak\u0131m\u0131n sahaya azimle \u00e7\u0131kt\u0131\u011f\u0131n\u0131 vurgulad\u0131. &#8220;Son d\u00f6nemlerde K\u00fctahyaspor korunup kollan\u0131yor alg\u0131s\u0131&#8230;<\/p>\n","protected":false},"author":1,"featured_media":73584,"comment_status":"open","ping_status":"open","sticky":false,"template":"","format":"standard","meta":{"_crdt_document":"","footnotes":""},"categories":[4],"tags":[],"class_list":["post-73583","post","type-post","status-publish","format-standard","has-post-thumbnail","hentry","category-spor"],"_links":{"self":[{"href":"https:\/\/www.egemtv.com\/index.php?rest_route=\/wp\/v2\/posts\/73583","targetHints":{"allow":["GET"]}}],"collection":[{"href":"https:\/\/www.egemtv.com\/index.php?rest_route=\/wp\/v2\/posts"}],"about":[{"href":"https:\/\/www.egemtv.com\/index.php?rest_route=\/wp\/v2\/types\/post"}],"author":[{"embeddable":true,"href":"https:\/\/www.egemtv.com\/index.php?rest_route=\/wp\/v2\/users\/1"}],"replies":[{"embeddable":true,"href":"https:\/\/www.egemtv.com\/index.php?rest_route=%2Fwp%2Fv2%2Fcomments&post=73583"}],"version-history":[{"count":1,"href":"https:\/\/www.egemtv.com\/index.php?rest_route=\/wp\/v2\/posts\/73583\/revisions"}],"predecessor-version":[{"id":73585,"href":"https:\/\/www.egemtv.com\/index.php?rest_route=\/wp\/v2\/posts\/73583\/revisions\/73585"}],"wp:featuredmedia":[{"embeddable":true,"href":"https:\/\/www.egemtv.com\/index.php?rest_route=\/wp\/v2\/media\/73584"}],"wp:attachment":[{"href":"https:\/\/www.egemtv.com\/index.php?rest_route=%2Fwp%2Fv2%2Fmedia&parent=73583"}],"wp:term":[{"taxonomy":"category","embeddable":true,"href":"https:\/\/www.egemtv.com\/index.php?rest_route=%2Fwp%2Fv2%2Fcategories&post=73583"},{"taxonomy":"post_tag","embeddable":true,"href":"https:\/\/www.egemtv.com\/index.php?rest_route=%2Fwp%2Fv2%2Ftags&post=73583"}],"curies":[{"name":"wp","href":"https:\/\/api.w.org\/{rel}","templated":true}]}}