{"id":73580,"date":"2025-12-11T18:14:53","date_gmt":"2025-12-11T15:14:53","guid":{"rendered":"https:\/\/www.egemtv.com\/?p=73580"},"modified":"2025-12-11T18:14:54","modified_gmt":"2025-12-11T15:14:54","slug":"mentesede-ev-yangini-1-gozalti","status":"publish","type":"post","link":"https:\/\/www.egemtv.com\/?p=73580","title":{"rendered":"Mente\u015fe\u2019de ev yang\u0131n\u0131: 1 g\u00f6zalt\u0131"},"content":{"rendered":"<p>Mu\u011fla\u2019n\u0131n Mente\u015fe il\u00e7esinde bir evde \u00e7\u0131kan yang\u0131n itfaiye ekipleri taraf\u0131ndan s\u00f6nd\u00fcr\u00fcl\u00fcrken, yang\u0131nda ev sahibi hafif \u015fekilde yaraland\u0131. Yang\u0131n\u0131 \u00e7\u0131kard\u0131\u011f\u0131 \u00f6ne s\u00fcr\u00fclen bir \u015fah\u0131s g\u00f6zalt\u0131na al\u0131nd\u0131.<br \/>\n<br \/>Edinilen bilgiye g\u00f6re, Mente\u015fe Muslihittin Mahallesi Nergis Sokak\u2019ta bulunan bir evde yang\u0131n \u00e7\u0131kt\u0131. \u00c7evredekilerin ihbar\u0131 \u00fczerine b\u00f6lgeye Mu\u011fla B\u00fcy\u00fck\u015fehir Belediyesi \u0130tfaiye Daire Ba\u015fkanl\u0131\u011f\u0131 ekipleri sevk edildi. K\u0131sa s\u00fcrede olay yerine ula\u015fan ekipler, alevlere m\u00fcdahale ederek s\u00f6nd\u00fcrme ve so\u011futma \u00e7al\u0131\u015fmas\u0131 ger\u00e7ekle\u015ftirdi. Yang\u0131nda ev sahibi hafif \u015fekilde yaraland\u0131. Sa\u011fl\u0131k ekipleri taraf\u0131ndan ayakta tedavi edilen yaral\u0131n\u0131n durumunun iyi oldu\u011fu \u00f6\u011frenildi. \u00d6te yandan, yang\u0131n\u0131 \u00e7\u0131kard\u0131\u011f\u0131 iddia edilen bir kad\u0131n, polis ekipleri taraf\u0131ndan g\u00f6zalt\u0131na al\u0131nd\u0131.<br \/>\n<br \/>Yang\u0131nla ilgili inceleme s\u00fcr\u00fcyor.<br \/><\/p>\n","protected":false},"excerpt":{"rendered":"<p>Mu\u011fla\u2019n\u0131n Mente\u015fe il\u00e7esinde bir evde \u00e7\u0131kan yang\u0131n itfaiye ekipleri taraf\u0131ndan s\u00f6nd\u00fcr\u00fcl\u00fcrken, yang\u0131nda ev sahibi hafif \u015fekilde yaraland\u0131. Yang\u0131n\u0131 \u00e7\u0131kard\u0131\u011f\u0131 \u00f6ne s\u00fcr\u00fclen bir \u015fah\u0131s g\u00f6zalt\u0131na al\u0131nd\u0131. Edinilen bilgiye g\u00f6re, Mente\u015fe Muslihittin Mahallesi Nergis Sokak\u2019ta bulunan bir evde yang\u0131n \u00e7\u0131kt\u0131. \u00c7evredekilerin ihbar\u0131 \u00fczerine b\u00f6lgeye Mu\u011fla B\u00fcy\u00fck\u015fehir Belediyesi \u0130tfaiye Daire Ba\u015fkanl\u0131\u011f\u0131 ekipleri sevk edildi. K\u0131sa s\u00fcrede olay yerine&#8230;<\/p>\n","protected":false},"author":1,"featured_media":73581,"comment_status":"open","ping_status":"open","sticky":false,"template":"","format":"standard","meta":{"_crdt_document":"","footnotes":""},"categories":[5],"tags":[],"class_list":["post-73580","post","type-post","status-publish","format-standard","has-post-thumbnail","hentry","category-asayis"],"_links":{"self":[{"href":"https:\/\/www.egemtv.com\/index.php?rest_route=\/wp\/v2\/posts\/73580","targetHints":{"allow":["GET"]}}],"collection":[{"href":"https:\/\/www.egemtv.com\/index.php?rest_route=\/wp\/v2\/posts"}],"about":[{"href":"https:\/\/www.egemtv.com\/index.php?rest_route=\/wp\/v2\/types\/post"}],"author":[{"embeddable":true,"href":"https:\/\/www.egemtv.com\/index.php?rest_route=\/wp\/v2\/users\/1"}],"replies":[{"embeddable":true,"href":"https:\/\/www.egemtv.com\/index.php?rest_route=%2Fwp%2Fv2%2Fcomments&post=73580"}],"version-history":[{"count":1,"href":"https:\/\/www.egemtv.com\/index.php?rest_route=\/wp\/v2\/posts\/73580\/revisions"}],"predecessor-version":[{"id":73582,"href":"https:\/\/www.egemtv.com\/index.php?rest_route=\/wp\/v2\/posts\/73580\/revisions\/73582"}],"wp:featuredmedia":[{"embeddable":true,"href":"https:\/\/www.egemtv.com\/index.php?rest_route=\/wp\/v2\/media\/73581"}],"wp:attachment":[{"href":"https:\/\/www.egemtv.com\/index.php?rest_route=%2Fwp%2Fv2%2Fmedia&parent=73580"}],"wp:term":[{"taxonomy":"category","embeddable":true,"href":"https:\/\/www.egemtv.com\/index.php?rest_route=%2Fwp%2Fv2%2Fcategories&post=73580"},{"taxonomy":"post_tag","embeddable":true,"href":"https:\/\/www.egemtv.com\/index.php?rest_route=%2Fwp%2Fv2%2Ftags&post=73580"}],"curies":[{"name":"wp","href":"https:\/\/api.w.org\/{rel}","templated":true}]}}